{"id":88790,"date":"2022-12-28T11:27:28","date_gmt":"2022-12-28T09:27:28","guid":{"rendered":"https:\/\/www.feminissima.de\/?p=88790"},"modified":"2022-12-28T11:27:28","modified_gmt":"2022-12-28T09:27:28","slug":"eben-mal-wieder-via-google-in-einen-feminissima-text-vom-dezember-2010-geraten-so-kalt-wie-nie-zuvor","status":"publish","type":"post","link":"https:\/\/feminissima.de\/index.php\/2022\/12\/28\/eben-mal-wieder-via-google-in-einen-feminissima-text-vom-dezember-2010-geraten-so-kalt-wie-nie-zuvor\/","title":{"rendered":"eben mal  wieder via Google in einen Feminissima-Text vom Dezember 2010  geraten &#8211; &#8222;So kalt wie nie zuvor&#8220;.."},"content":{"rendered":"\n<p>12 Jahre ist das her&#8230; in Berlin.* Hier auf Teneriffa geht zwischen Wolkenbergen nun doch mal wieder nach Tagen von Sturm, Regen und Schnee &#8211; die Sonne auf&#8230; Wow. Welche Woge von Licht&#8230; mit einem Schlag.. ! Mu\u00dft Du das Rollo runterziehen&#8230; <\/p>\n\n\n\n<p>Es ist 9 Uhr 23 auf Teneriffa und eben traf eine Mail ein, die aber nichts von feminissimas Text nach &#8222;der Rolle im Lebensalter&#8220;.. wu\u00dfte&#8230; &#8222;Soll ich jetzt nach 25 Jahren in Fr\u00fchrente gehen? Aber was soll ich dann anfangen? Aber der Job gef\u00e4llr mir auch nicht mehr!&#8220; Tja, Hier wiederum fehlt eine &#8222;Familienrolle&#8220; g\u00e4nzlich. F\u00fcr M\u00e4nner offenbar viel, viel, sehr viel schwerer &#8211; als f\u00fcr Frauen&#8230;. oder.. ??<\/p>\n","protected":false},"excerpt":{"rendered":"<p>12 Jahre ist das her&#8230; in Berlin.* Hier auf Teneriffa geht zwischen Wolkenbergen nun doch mal wieder nach Tagen von Sturm, Regen und Schnee &#8211; die Sonne auf&#8230; Wow. Welche Woge von Licht&#8230; mit einem Schlag.. ! Mu\u00dft Du das Rollo runterziehen&#8230; Es ist 9 Uhr 23 auf Teneriffa und eben traf eine Mail ein,&hellip; <a class=\"more-link\" href=\"https:\/\/feminissima.de\/index.php\/2022\/12\/28\/eben-mal-wieder-via-google-in-einen-feminissima-text-vom-dezember-2010-geraten-so-kalt-wie-nie-zuvor\/\"><span class=\"screen-reader-text\">eben mal  wieder via Google in einen Feminissima-Text vom Dezember 2010  geraten &#8211; &#8222;So kalt wie nie zuvor&#8220;..<\/span> weiterlesen<\/a><\/p>\n","protected":false},"author":3,"featured_media":0,"comment_status":"closed","ping_status":"closed","sticky":false,"template":"","format":"standard","meta":{"footnotes":""},"categories":[6],"tags":[],"class_list":["post-88790","post","type-post","status-publish","format-standard","hentry","category-femleben","entry"],"yoast_head":"<!-- This site is optimized with the Yoast SEO plugin v21.0 - https:\/\/yoast.com\/wordpress\/plugins\/seo\/ -->\n<title>eben mal wieder via Google in einen Feminissima-Text vom Dezember 2010 geraten - &quot;So kalt wie nie zuvor&quot;.. - Feminissima<\/title>\n<meta name=\"robots\" content=\"index, follow, max-snippet:-1, max-image-preview:large, max-video-preview:-1\" \/>\n<link rel=\"canonical\" href=\"https:\/\/feminissima.de\/index.php\/2022\/12\/28\/eben-mal-wieder-via-google-in-einen-feminissima-text-vom-dezember-2010-geraten-so-kalt-wie-nie-zuvor\/\" \/>\n<meta property=\"og:locale\" content=\"de_DE\" \/>\n<meta property=\"og:type\" content=\"article\" \/>\n<meta property=\"og:title\" content=\"eben mal wieder via Google in einen Feminissima-Text vom Dezember 2010 geraten - &quot;So kalt wie nie zuvor&quot;.. - Feminissima\" \/>\n<meta property=\"og:description\" content=\"12 Jahre ist das her&#8230; in Berlin.* Hier auf Teneriffa geht zwischen Wolkenbergen nun doch mal wieder nach Tagen von Sturm, Regen und Schnee &#8211; die Sonne auf&#8230; Wow. Welche Woge von Licht&#8230; mit einem Schlag.. ! Mu\u00dft Du das Rollo runterziehen&#8230; Es ist 9 Uhr 23 auf Teneriffa und eben traf eine Mail ein,&hellip; eben mal wieder via Google in einen Feminissima-Text vom Dezember 2010 geraten &#8211; &#8222;So kalt wie nie zuvor&#8220;.. weiterlesen\" \/>\n<meta property=\"og:url\" content=\"https:\/\/feminissima.de\/index.php\/2022\/12\/28\/eben-mal-wieder-via-google-in-einen-feminissima-text-vom-dezember-2010-geraten-so-kalt-wie-nie-zuvor\/\" \/>\n<meta property=\"og:site_name\" content=\"Feminissima\" \/>\n<meta property=\"article:published_time\" content=\"2022-12-28T09:27:28+00:00\" \/>\n<meta name=\"author\" content=\"fem\" \/>\n<meta name=\"twitter:card\" content=\"summary_large_image\" \/>\n<meta name=\"twitter:label1\" content=\"Verfasst von\" \/>\n\t<meta name=\"twitter:data1\" content=\"fem\" \/>\n\t<meta name=\"twitter:label2\" content=\"Gesch\u00e4tzte Lesezeit\" \/>\n\t<meta name=\"twitter:data2\" content=\"1\u00a0Minute\" \/>\n<script type=\"application\/ld+json\" class=\"yoast-schema-graph\">{\"@context\":\"https:\/\/schema.org\",\"@graph\":[{\"@type\":\"WebPage\",\"@id\":\"https:\/\/feminissima.de\/index.php\/2022\/12\/28\/eben-mal-wieder-via-google-in-einen-feminissima-text-vom-dezember-2010-geraten-so-kalt-wie-nie-zuvor\/\",\"url\":\"https:\/\/feminissima.de\/index.php\/2022\/12\/28\/eben-mal-wieder-via-google-in-einen-feminissima-text-vom-dezember-2010-geraten-so-kalt-wie-nie-zuvor\/\",\"name\":\"eben mal wieder via Google in einen Feminissima-Text vom Dezember 2010 geraten - \\\"So kalt wie nie zuvor\\\".. - Feminissima\",\"isPartOf\":{\"@id\":\"https:\/\/feminissima.de\/#website\"},\"datePublished\":\"2022-12-28T09:27:28+00:00\",\"dateModified\":\"2022-12-28T09:27:28+00:00\",\"author\":{\"@id\":\"https:\/\/feminissima.de\/#\/schema\/person\/5dea0fc707e9da59266a47da2f9a8210\"},\"breadcrumb\":{\"@id\":\"https:\/\/feminissima.de\/index.php\/2022\/12\/28\/eben-mal-wieder-via-google-in-einen-feminissima-text-vom-dezember-2010-geraten-so-kalt-wie-nie-zuvor\/#breadcrumb\"},\"inLanguage\":\"de\",\"potentialAction\":[{\"@type\":\"ReadAction\",\"target\":[\"https:\/\/feminissima.de\/index.php\/2022\/12\/28\/eben-mal-wieder-via-google-in-einen-feminissima-text-vom-dezember-2010-geraten-so-kalt-wie-nie-zuvor\/\"]}]},{\"@type\":\"BreadcrumbList\",\"@id\":\"https:\/\/feminissima.de\/index.php\/2022\/12\/28\/eben-mal-wieder-via-google-in-einen-feminissima-text-vom-dezember-2010-geraten-so-kalt-wie-nie-zuvor\/#breadcrumb\",\"itemListElement\":[{\"@type\":\"ListItem\",\"position\":1,\"name\":\"Startseite\",\"item\":\"https:\/\/feminissima.de\/\"},{\"@type\":\"ListItem\",\"position\":2,\"name\":\"eben mal wieder via Google in einen Feminissima-Text vom Dezember 2010 geraten &#8211; &#8222;So kalt wie nie zuvor&#8220;..\"}]},{\"@type\":\"WebSite\",\"@id\":\"https:\/\/feminissima.de\/#website\",\"url\":\"https:\/\/feminissima.de\/\",\"name\":\"Feminissima\",\"description\":\"\",\"potentialAction\":[{\"@type\":\"SearchAction\",\"target\":{\"@type\":\"EntryPoint\",\"urlTemplate\":\"https:\/\/feminissima.de\/?s={search_term_string}\"},\"query-input\":\"required name=search_term_string\"}],\"inLanguage\":\"de\"},{\"@type\":\"Person\",\"@id\":\"https:\/\/feminissima.de\/#\/schema\/person\/5dea0fc707e9da59266a47da2f9a8210\",\"name\":\"fem\",\"image\":{\"@type\":\"ImageObject\",\"inLanguage\":\"de\",\"@id\":\"https:\/\/feminissima.de\/#\/schema\/person\/image\/\",\"url\":\"https:\/\/secure.gravatar.com\/avatar\/892e878e26ee6e7c1689c0b5183da4949c35fb291d0554f021db478bb42e3226?s=96&d=mm&r=g\",\"contentUrl\":\"https:\/\/secure.gravatar.com\/avatar\/892e878e26ee6e7c1689c0b5183da4949c35fb291d0554f021db478bb42e3226?s=96&d=mm&r=g\",\"caption\":\"fem\"},\"url\":\"https:\/\/feminissima.de\/index.php\/author\/fem\/\"}]}<\/script>\n<!-- \/ Yoast SEO plugin. -->","yoast_head_json":{"title":"eben mal wieder via Google in einen Feminissima-Text vom Dezember 2010 geraten - \"So kalt wie nie zuvor\".. - Feminissima","robots":{"index":"index","follow":"follow","max-snippet":"max-snippet:-1","max-image-preview":"max-image-preview:large","max-video-preview":"max-video-preview:-1"},"canonical":"https:\/\/feminissima.de\/index.php\/2022\/12\/28\/eben-mal-wieder-via-google-in-einen-feminissima-text-vom-dezember-2010-geraten-so-kalt-wie-nie-zuvor\/","og_locale":"de_DE","og_type":"article","og_title":"eben mal wieder via Google in einen Feminissima-Text vom Dezember 2010 geraten - \"So kalt wie nie zuvor\".. - Feminissima","og_description":"12 Jahre ist das her&#8230; in Berlin.* Hier auf Teneriffa geht zwischen Wolkenbergen nun doch mal wieder nach Tagen von Sturm, Regen und Schnee &#8211; die Sonne auf&#8230; Wow. Welche Woge von Licht&#8230; mit einem Schlag.. ! Mu\u00dft Du das Rollo runterziehen&#8230; Es ist 9 Uhr 23 auf Teneriffa und eben traf eine Mail ein,&hellip; eben mal wieder via Google in einen Feminissima-Text vom Dezember 2010 geraten &#8211; &#8222;So kalt wie nie zuvor&#8220;.. weiterlesen","og_url":"https:\/\/feminissima.de\/index.php\/2022\/12\/28\/eben-mal-wieder-via-google-in-einen-feminissima-text-vom-dezember-2010-geraten-so-kalt-wie-nie-zuvor\/","og_site_name":"Feminissima","article_published_time":"2022-12-28T09:27:28+00:00","author":"fem","twitter_card":"summary_large_image","twitter_misc":{"Verfasst von":"fem","Gesch\u00e4tzte Lesezeit":"1\u00a0Minute"},"schema":{"@context":"https:\/\/schema.org","@graph":[{"@type":"WebPage","@id":"https:\/\/feminissima.de\/index.php\/2022\/12\/28\/eben-mal-wieder-via-google-in-einen-feminissima-text-vom-dezember-2010-geraten-so-kalt-wie-nie-zuvor\/","url":"https:\/\/feminissima.de\/index.php\/2022\/12\/28\/eben-mal-wieder-via-google-in-einen-feminissima-text-vom-dezember-2010-geraten-so-kalt-wie-nie-zuvor\/","name":"eben mal wieder via Google in einen Feminissima-Text vom Dezember 2010 geraten - \"So kalt wie nie zuvor\".. - Feminissima","isPartOf":{"@id":"https:\/\/feminissima.de\/#website"},"datePublished":"2022-12-28T09:27:28+00:00","dateModified":"2022-12-28T09:27:28+00:00","author":{"@id":"https:\/\/feminissima.de\/#\/schema\/person\/5dea0fc707e9da59266a47da2f9a8210"},"breadcrumb":{"@id":"https:\/\/feminissima.de\/index.php\/2022\/12\/28\/eben-mal-wieder-via-google-in-einen-feminissima-text-vom-dezember-2010-geraten-so-kalt-wie-nie-zuvor\/#breadcrumb"},"inLanguage":"de","potentialAction":[{"@type":"ReadAction","target":["https:\/\/feminissima.de\/index.php\/2022\/12\/28\/eben-mal-wieder-via-google-in-einen-feminissima-text-vom-dezember-2010-geraten-so-kalt-wie-nie-zuvor\/"]}]},{"@type":"BreadcrumbList","@id":"https:\/\/feminissima.de\/index.php\/2022\/12\/28\/eben-mal-wieder-via-google-in-einen-feminissima-text-vom-dezember-2010-geraten-so-kalt-wie-nie-zuvor\/#breadcrumb","itemListElement":[{"@type":"ListItem","position":1,"name":"Startseite","item":"https:\/\/feminissima.de\/"},{"@type":"ListItem","position":2,"name":"eben mal wieder via Google in einen Feminissima-Text vom Dezember 2010 geraten &#8211; &#8222;So kalt wie nie zuvor&#8220;.."}]},{"@type":"WebSite","@id":"https:\/\/feminissima.de\/#website","url":"https:\/\/feminissima.de\/","name":"Feminissima","description":"","potentialAction":[{"@type":"SearchAction","target":{"@type":"EntryPoint","urlTemplate":"https:\/\/feminissima.de\/?s={search_term_string}"},"query-input":"required name=search_term_string"}],"inLanguage":"de"},{"@type":"Person","@id":"https:\/\/feminissima.de\/#\/schema\/person\/5dea0fc707e9da59266a47da2f9a8210","name":"fem","image":{"@type":"ImageObject","inLanguage":"de","@id":"https:\/\/feminissima.de\/#\/schema\/person\/image\/","url":"https:\/\/secure.gravatar.com\/avatar\/892e878e26ee6e7c1689c0b5183da4949c35fb291d0554f021db478bb42e3226?s=96&d=mm&r=g","contentUrl":"https:\/\/secure.gravatar.com\/avatar\/892e878e26ee6e7c1689c0b5183da4949c35fb291d0554f021db478bb42e3226?s=96&d=mm&r=g","caption":"fem"},"url":"https:\/\/feminissima.de\/index.php\/author\/fem\/"}]}},"jetpack_featured_media_url":"","_links":{"self":[{"href":"https:\/\/feminissima.de\/index.php\/wp-json\/wp\/v2\/posts\/88790","targetHints":{"allow":["GET"]}}],"collection":[{"href":"https:\/\/feminissima.de\/index.php\/wp-json\/wp\/v2\/posts"}],"about":[{"href":"https:\/\/feminissima.de\/index.php\/wp-json\/wp\/v2\/types\/post"}],"author":[{"embeddable":true,"href":"https:\/\/feminissima.de\/index.php\/wp-json\/wp\/v2\/users\/3"}],"replies":[{"embeddable":true,"href":"https:\/\/feminissima.de\/index.php\/wp-json\/wp\/v2\/comments?post=88790"}],"version-history":[{"count":0,"href":"https:\/\/feminissima.de\/index.php\/wp-json\/wp\/v2\/posts\/88790\/revisions"}],"wp:attachment":[{"href":"https:\/\/feminissima.de\/index.php\/wp-json\/wp\/v2\/media?parent=88790"}],"wp:term":[{"taxonomy":"category","embeddable":true,"href":"https:\/\/feminissima.de\/index.php\/wp-json\/wp\/v2\/categories?post=88790"},{"taxonomy":"post_tag","embeddable":true,"href":"https:\/\/feminissima.de\/index.php\/wp-json\/wp\/v2\/tags?post=88790"}],"curies":[{"name":"wp","href":"https:\/\/api.w.org\/{rel}","templated":true}]}}