{"id":88777,"date":"2022-12-28T10:33:47","date_gmt":"2022-12-28T08:33:47","guid":{"rendered":"https:\/\/www.feminissima.de\/?p=88777"},"modified":"2022-12-28T10:33:47","modified_gmt":"2022-12-28T08:33:47","slug":"guten-tag-gebildete-leute-sprechen-vom-kierkegard-moment-oder-ruckblick","status":"publish","type":"post","link":"https:\/\/feminissima.de\/index.php\/2022\/12\/28\/guten-tag-gebildete-leute-sprechen-vom-kierkegard-moment-oder-ruckblick\/","title":{"rendered":"Guten Tag, gebildete Leute sprechen vom Kierkegaard-Moment &#8211; oder R\u00fcckblick.."},"content":{"rendered":"\n<p>Welche Lebensrolle billigt man eigentlich &#8222;Ruhest\u00e4ndlern&#8220; zu ? Besteht das Leben nun nicht mehr nur zum Jahresende aus &#8222;R\u00fcckb licken&#8220; und wie dann nach vorne blicken.. ? In welcher Funktion,? In welcher Rolle.. ? In all den klugen B\u00fcchern \u00fcber Resilienz und wie man sie f\u00f6rdern, st\u00e4rken kann, wird von drohenden Burnouts gesprochen, weil du dich irgendwo zu viel engagierst, oder zu viele Rollen gleichzeitig .. in zu vielen Rollen gleichzeitig gl\u00e4nzen willst.. vom Vereinsvorsitzenden.. oh, der Vereinsvorsitzenden , der Gesch\u00e4ftsfrau, der Chefin also&#8230; und nat\u00fcrlich auch Mutter und Ehefrau.. so ist es \u00fcblich, oder.. ? Auch nicht. Nicht unbedingt. Und nicht unbedingt in der Reihefolge. Aber wenn die Familie untergegangen, der Beruf gestern war und der Verein langweilig geworden, und du in jenes Alter geraten bist, das f\u00fcr Umfragen &#8222;nicht relevant&#8220; &#8211; nur bis 49 .. ! Gibt es ein Leben f\u00fcr &#8222;Rentnter&#8220; ..? Oder sehen wir eher, wie alle versuchen, die mal lange im Rampenlicht gestanden, panisch weiterhin im Rampenlicht, was auch merkw\u00fcrdig dann, bei Gottschalk etwa, wo aber Frauen Anfang 70 in \u00e4hnlicher oder vergleichbarer Position.. ? Oh &#8211; Alice Schwarzer, die Ber\u00fchmte all der ber\u00fchmten Kinderlosen.. Frauen nur sichtbar .. wenn ohne Kinder&#8230; denn sie haben ihre Kraft nicht an den Kindern verbraucht.. ? Es will so scheinen &#8211; ob Alice Schwarzer, jetzt mit 80 geehrt wie nie zuvor in ihrem Leben..haha.. Elke Heidenreich, 79, inmitten Bergen von B\u00fcchern f\u00fcr den SPIEGEL um uns zu sagen, was wir zu lesen haben, naja und so viele andere Frauen.. beim Fernsehen und in den Medien.. auch die Ina von &#8222;Inas Nacht&#8220; &#8211; klar, kinderlos.. sie alle sind ja irgendwie noch da  &#8211; werden es wohl auch bleiben. Denn sie sind nie das Risiko eingegangen, ein Privatleben .. was hei\u00dft, sich mit Familie zu beschweren.. zu belasten&#8230; egal, gerade ist die kinderlose Frau &#8222;in Mode&#8220; &#8211; das Buch dazu hei\u00dft &#8222;Die singul\u00e4re Frau&#8220; -und warum Frauen eigentlich Kinder kriegen sollen und m\u00fcssen&#8230;. verk\u00fcrzt, verk\u00fcrzt.. Sie brauchen keine Omas zu werden oder auch sowieso nie wollen.. ja, was bleibt den Frauen, die im &#8222;Ruhestand-Alter&#8220;.. jenseits ihrer Rolle, die sie einst im Dorf innehatten.. ? Sie haben keine eigenst\u00e4ndigen Rollen mehr. Sie werden in Altersheimen und Pflegeheimen verwahrt, warten auf den Tod. In keiner schicken Zeitschrift findet ein Leben der &#8222;Seniorin&#8220; statt, jenseits des St\u00fctzstrumpfs.. ??? Was ist los, in dieser Gesellschaft.. ? Kinder in die Heime, genannt, Kitas, <br \/>Omas damit ihrer einstigen Rolle beraubt, sich um die Enkel zu k\u00fcmmern&#8230; stattdessen auch die Alten ins Heim&#8230; alles verstaatlicht. Blo\u00df kein Individualismus. Denkt mal dr\u00fcber nach.. Was soll und wird deine Rolle sein, wenn Du .. wie ging noch mal der Beatles Song.. ach, der ging bis fifty two.. 52 &#8211; oder war es 82&#8230; ? Will you still love me.. when I&#8217;m 82&#8230; Ja, Annie Ernaux ist mit 82 Literaturpreistr\u00e4gerin geworden&#8230; Das ist doch eine interessante Rolle.. !!  Ah, und Gaby Dohm heiratet eventuell mit jetzt 79 noch einmal, einen Lebensgef\u00e4hrten, der ist 83 ..  und die online &#8222;Frauenzeitschrift&#8220; fragt heuchlerisch &#8211; &#8222;Dann leben Sie in einer Patchwork-Familie.. ?&#8220; Gaby Dohm, souver\u00e4n und k\u00fchl &#8211; &#8222;Die Kinder sind l\u00e4ngst erwachsen.. es w\u00e4re l\u00e4cherlich, von Patchwork-Familie zu reden&#8220;.  Die Anspielung galt einer fr\u00fcheren Scheidung von Dohm  und dem Sohn &#8230; Ja, das macht dann wieder eine gewisse Laune, wenn das Selbstbewu\u00dftsein nicht abhanden gekommen ist, bei noch so dummen Fragen einer yellow-press&#8230; Gaby Dohm ist zeitlos&#8230; denn die Schwarzwald-Klinik wird jedes Jahr zu Weihnachten auf ZDF-NEO wiederholt.. als alle jung und sch\u00f6n und auch sch\u00f6n mit \u00e4lter-geworden.. Als noch &#8230; ja, oh&#8230; Jahresende naht&#8230; R\u00fcckblick.. .hei\u00dft nicht immer &#8222;Sehnsucht&#8220; zum Gestern&#8230;denn der Clou ist ja &#8211; he-hey&#8230;nach vorn zu blicken&#8230;. sich eine neue Rolle f\u00fcr das kommende Jahr auszudenken. Oder zu singen  &#8211; &#8222;Hurra, wir leben noch!&#8220;  Nein, das ist kein gutes Ende. Denn das ist keine Rolle, die du damit inne hast&#8230; Eine Freundin, erst vor nicht &#8222;langer Zeit&#8220;&#8230; nach einem &#8222;langen Leben gemeinsam&#8220; &#8211; verwitwet, kann sich mit dieser Rolle&#8230; nun Witwe zu sein&#8230; so gar nicht anfreunden&#8230;&#8230;was weniger mit der &#8222;Rolle&#8220;- sondern dem Verlust zu tun hat&#8230; Ja, es gibt Lebens-Abschnitte, die finden &#8222;\u00f6ffentlich&#8220; nicht statt. ..<\/p>\n","protected":false},"excerpt":{"rendered":"<p>Welche Lebensrolle billigt man eigentlich &#8222;Ruhest\u00e4ndlern&#8220; zu ? Besteht das Leben nun nicht mehr nur zum Jahresende aus &#8222;R\u00fcckb licken&#8220; und wie dann nach vorne blicken.. ? In welcher Funktion,? In welcher Rolle.. ? In all den klugen B\u00fcchern \u00fcber Resilienz und wie man sie f\u00f6rdern, st\u00e4rken kann, wird von drohenden Burnouts gesprochen, weil du&hellip; <a class=\"more-link\" href=\"https:\/\/feminissima.de\/index.php\/2022\/12\/28\/guten-tag-gebildete-leute-sprechen-vom-kierkegard-moment-oder-ruckblick\/\"><span class=\"screen-reader-text\">Guten Tag, gebildete Leute sprechen vom Kierkegaard-Moment &#8211; oder R\u00fcckblick..<\/span> weiterlesen<\/a><\/p>\n","protected":false},"author":3,"featured_media":0,"comment_status":"closed","ping_status":"closed","sticky":false,"template":"","format":"standard","meta":{"footnotes":""},"categories":[6],"tags":[],"class_list":["post-88777","post","type-post","status-publish","format-standard","hentry","category-femleben","entry"],"yoast_head":"<!-- This site is optimized with the Yoast SEO plugin v21.0 - https:\/\/yoast.com\/wordpress\/plugins\/seo\/ -->\n<title>Guten Tag, gebildete Leute sprechen vom Kierkegaard-Moment - oder R\u00fcckblick.. - Feminissima<\/title>\n<meta name=\"robots\" content=\"index, follow, max-snippet:-1, max-image-preview:large, max-video-preview:-1\" \/>\n<link rel=\"canonical\" href=\"https:\/\/feminissima.de\/index.php\/2022\/12\/28\/guten-tag-gebildete-leute-sprechen-vom-kierkegard-moment-oder-ruckblick\/\" \/>\n<meta property=\"og:locale\" content=\"de_DE\" \/>\n<meta property=\"og:type\" content=\"article\" \/>\n<meta property=\"og:title\" content=\"Guten Tag, gebildete Leute sprechen vom Kierkegaard-Moment - oder R\u00fcckblick.. - Feminissima\" \/>\n<meta property=\"og:description\" content=\"Welche Lebensrolle billigt man eigentlich &#8222;Ruhest\u00e4ndlern&#8220; zu ? Besteht das Leben nun nicht mehr nur zum Jahresende aus &#8222;R\u00fcckb licken&#8220; und wie dann nach vorne blicken.. ? In welcher Funktion,? In welcher Rolle.. ? In all den klugen B\u00fcchern \u00fcber Resilienz und wie man sie f\u00f6rdern, st\u00e4rken kann, wird von drohenden Burnouts gesprochen, weil du&hellip; Guten Tag, gebildete Leute sprechen vom Kierkegaard-Moment &#8211; oder R\u00fcckblick.. weiterlesen\" \/>\n<meta property=\"og:url\" content=\"https:\/\/feminissima.de\/index.php\/2022\/12\/28\/guten-tag-gebildete-leute-sprechen-vom-kierkegard-moment-oder-ruckblick\/\" \/>\n<meta property=\"og:site_name\" content=\"Feminissima\" \/>\n<meta property=\"article:published_time\" content=\"2022-12-28T08:33:47+00:00\" \/>\n<meta name=\"author\" content=\"fem\" \/>\n<meta name=\"twitter:card\" content=\"summary_large_image\" \/>\n<meta name=\"twitter:label1\" content=\"Verfasst von\" \/>\n\t<meta name=\"twitter:data1\" content=\"fem\" \/>\n\t<meta name=\"twitter:label2\" content=\"Gesch\u00e4tzte Lesezeit\" \/>\n\t<meta name=\"twitter:data2\" content=\"3\u00a0Minuten\" \/>\n<script type=\"application\/ld+json\" class=\"yoast-schema-graph\">{\"@context\":\"https:\/\/schema.org\",\"@graph\":[{\"@type\":\"WebPage\",\"@id\":\"https:\/\/feminissima.de\/index.php\/2022\/12\/28\/guten-tag-gebildete-leute-sprechen-vom-kierkegard-moment-oder-ruckblick\/\",\"url\":\"https:\/\/feminissima.de\/index.php\/2022\/12\/28\/guten-tag-gebildete-leute-sprechen-vom-kierkegard-moment-oder-ruckblick\/\",\"name\":\"Guten Tag, gebildete Leute sprechen vom Kierkegaard-Moment - oder R\u00fcckblick.. - Feminissima\",\"isPartOf\":{\"@id\":\"https:\/\/feminissima.de\/#website\"},\"datePublished\":\"2022-12-28T08:33:47+00:00\",\"dateModified\":\"2022-12-28T08:33:47+00:00\",\"author\":{\"@id\":\"https:\/\/feminissima.de\/#\/schema\/person\/5dea0fc707e9da59266a47da2f9a8210\"},\"breadcrumb\":{\"@id\":\"https:\/\/feminissima.de\/index.php\/2022\/12\/28\/guten-tag-gebildete-leute-sprechen-vom-kierkegard-moment-oder-ruckblick\/#breadcrumb\"},\"inLanguage\":\"de\",\"potentialAction\":[{\"@type\":\"ReadAction\",\"target\":[\"https:\/\/feminissima.de\/index.php\/2022\/12\/28\/guten-tag-gebildete-leute-sprechen-vom-kierkegard-moment-oder-ruckblick\/\"]}]},{\"@type\":\"BreadcrumbList\",\"@id\":\"https:\/\/feminissima.de\/index.php\/2022\/12\/28\/guten-tag-gebildete-leute-sprechen-vom-kierkegard-moment-oder-ruckblick\/#breadcrumb\",\"itemListElement\":[{\"@type\":\"ListItem\",\"position\":1,\"name\":\"Startseite\",\"item\":\"https:\/\/feminissima.de\/\"},{\"@type\":\"ListItem\",\"position\":2,\"name\":\"Guten Tag, gebildete Leute sprechen vom Kierkegaard-Moment &#8211; oder R\u00fcckblick..\"}]},{\"@type\":\"WebSite\",\"@id\":\"https:\/\/feminissima.de\/#website\",\"url\":\"https:\/\/feminissima.de\/\",\"name\":\"Feminissima\",\"description\":\"\",\"potentialAction\":[{\"@type\":\"SearchAction\",\"target\":{\"@type\":\"EntryPoint\",\"urlTemplate\":\"https:\/\/feminissima.de\/?s={search_term_string}\"},\"query-input\":\"required name=search_term_string\"}],\"inLanguage\":\"de\"},{\"@type\":\"Person\",\"@id\":\"https:\/\/feminissima.de\/#\/schema\/person\/5dea0fc707e9da59266a47da2f9a8210\",\"name\":\"fem\",\"image\":{\"@type\":\"ImageObject\",\"inLanguage\":\"de\",\"@id\":\"https:\/\/feminissima.de\/#\/schema\/person\/image\/\",\"url\":\"https:\/\/secure.gravatar.com\/avatar\/892e878e26ee6e7c1689c0b5183da4949c35fb291d0554f021db478bb42e3226?s=96&d=mm&r=g\",\"contentUrl\":\"https:\/\/secure.gravatar.com\/avatar\/892e878e26ee6e7c1689c0b5183da4949c35fb291d0554f021db478bb42e3226?s=96&d=mm&r=g\",\"caption\":\"fem\"},\"url\":\"https:\/\/feminissima.de\/index.php\/author\/fem\/\"}]}<\/script>\n<!-- \/ Yoast SEO plugin. -->","yoast_head_json":{"title":"Guten Tag, gebildete Leute sprechen vom Kierkegaard-Moment - oder R\u00fcckblick.. - Feminissima","robots":{"index":"index","follow":"follow","max-snippet":"max-snippet:-1","max-image-preview":"max-image-preview:large","max-video-preview":"max-video-preview:-1"},"canonical":"https:\/\/feminissima.de\/index.php\/2022\/12\/28\/guten-tag-gebildete-leute-sprechen-vom-kierkegard-moment-oder-ruckblick\/","og_locale":"de_DE","og_type":"article","og_title":"Guten Tag, gebildete Leute sprechen vom Kierkegaard-Moment - oder R\u00fcckblick.. - Feminissima","og_description":"Welche Lebensrolle billigt man eigentlich &#8222;Ruhest\u00e4ndlern&#8220; zu ? Besteht das Leben nun nicht mehr nur zum Jahresende aus &#8222;R\u00fcckb licken&#8220; und wie dann nach vorne blicken.. ? In welcher Funktion,? In welcher Rolle.. ? In all den klugen B\u00fcchern \u00fcber Resilienz und wie man sie f\u00f6rdern, st\u00e4rken kann, wird von drohenden Burnouts gesprochen, weil du&hellip; Guten Tag, gebildete Leute sprechen vom Kierkegaard-Moment &#8211; oder R\u00fcckblick.. weiterlesen","og_url":"https:\/\/feminissima.de\/index.php\/2022\/12\/28\/guten-tag-gebildete-leute-sprechen-vom-kierkegard-moment-oder-ruckblick\/","og_site_name":"Feminissima","article_published_time":"2022-12-28T08:33:47+00:00","author":"fem","twitter_card":"summary_large_image","twitter_misc":{"Verfasst von":"fem","Gesch\u00e4tzte Lesezeit":"3\u00a0Minuten"},"schema":{"@context":"https:\/\/schema.org","@graph":[{"@type":"WebPage","@id":"https:\/\/feminissima.de\/index.php\/2022\/12\/28\/guten-tag-gebildete-leute-sprechen-vom-kierkegard-moment-oder-ruckblick\/","url":"https:\/\/feminissima.de\/index.php\/2022\/12\/28\/guten-tag-gebildete-leute-sprechen-vom-kierkegard-moment-oder-ruckblick\/","name":"Guten Tag, gebildete Leute sprechen vom Kierkegaard-Moment - oder R\u00fcckblick.. - Feminissima","isPartOf":{"@id":"https:\/\/feminissima.de\/#website"},"datePublished":"2022-12-28T08:33:47+00:00","dateModified":"2022-12-28T08:33:47+00:00","author":{"@id":"https:\/\/feminissima.de\/#\/schema\/person\/5dea0fc707e9da59266a47da2f9a8210"},"breadcrumb":{"@id":"https:\/\/feminissima.de\/index.php\/2022\/12\/28\/guten-tag-gebildete-leute-sprechen-vom-kierkegard-moment-oder-ruckblick\/#breadcrumb"},"inLanguage":"de","potentialAction":[{"@type":"ReadAction","target":["https:\/\/feminissima.de\/index.php\/2022\/12\/28\/guten-tag-gebildete-leute-sprechen-vom-kierkegard-moment-oder-ruckblick\/"]}]},{"@type":"BreadcrumbList","@id":"https:\/\/feminissima.de\/index.php\/2022\/12\/28\/guten-tag-gebildete-leute-sprechen-vom-kierkegard-moment-oder-ruckblick\/#breadcrumb","itemListElement":[{"@type":"ListItem","position":1,"name":"Startseite","item":"https:\/\/feminissima.de\/"},{"@type":"ListItem","position":2,"name":"Guten Tag, gebildete Leute sprechen vom Kierkegaard-Moment &#8211; oder R\u00fcckblick.."}]},{"@type":"WebSite","@id":"https:\/\/feminissima.de\/#website","url":"https:\/\/feminissima.de\/","name":"Feminissima","description":"","potentialAction":[{"@type":"SearchAction","target":{"@type":"EntryPoint","urlTemplate":"https:\/\/feminissima.de\/?s={search_term_string}"},"query-input":"required name=search_term_string"}],"inLanguage":"de"},{"@type":"Person","@id":"https:\/\/feminissima.de\/#\/schema\/person\/5dea0fc707e9da59266a47da2f9a8210","name":"fem","image":{"@type":"ImageObject","inLanguage":"de","@id":"https:\/\/feminissima.de\/#\/schema\/person\/image\/","url":"https:\/\/secure.gravatar.com\/avatar\/892e878e26ee6e7c1689c0b5183da4949c35fb291d0554f021db478bb42e3226?s=96&d=mm&r=g","contentUrl":"https:\/\/secure.gravatar.com\/avatar\/892e878e26ee6e7c1689c0b5183da4949c35fb291d0554f021db478bb42e3226?s=96&d=mm&r=g","caption":"fem"},"url":"https:\/\/feminissima.de\/index.php\/author\/fem\/"}]}},"jetpack_featured_media_url":"","_links":{"self":[{"href":"https:\/\/feminissima.de\/index.php\/wp-json\/wp\/v2\/posts\/88777","targetHints":{"allow":["GET"]}}],"collection":[{"href":"https:\/\/feminissima.de\/index.php\/wp-json\/wp\/v2\/posts"}],"about":[{"href":"https:\/\/feminissima.de\/index.php\/wp-json\/wp\/v2\/types\/post"}],"author":[{"embeddable":true,"href":"https:\/\/feminissima.de\/index.php\/wp-json\/wp\/v2\/users\/3"}],"replies":[{"embeddable":true,"href":"https:\/\/feminissima.de\/index.php\/wp-json\/wp\/v2\/comments?post=88777"}],"version-history":[{"count":0,"href":"https:\/\/feminissima.de\/index.php\/wp-json\/wp\/v2\/posts\/88777\/revisions"}],"wp:attachment":[{"href":"https:\/\/feminissima.de\/index.php\/wp-json\/wp\/v2\/media?parent=88777"}],"wp:term":[{"taxonomy":"category","embeddable":true,"href":"https:\/\/feminissima.de\/index.php\/wp-json\/wp\/v2\/categories?post=88777"},{"taxonomy":"post_tag","embeddable":true,"href":"https:\/\/feminissima.de\/index.php\/wp-json\/wp\/v2\/tags?post=88777"}],"curies":[{"name":"wp","href":"https:\/\/api.w.org\/{rel}","templated":true}]}}