{"id":88750,"date":"2022-12-26T16:49:53","date_gmt":"2022-12-26T14:49:53","guid":{"rendered":"https:\/\/www.feminissima.de\/?p=88750"},"modified":"2022-12-26T16:49:53","modified_gmt":"2022-12-26T14:49:53","slug":"https-www-eldiario-es-canariasahora","status":"publish","type":"post","link":"https:\/\/feminissima.de\/index.php\/2022\/12\/26\/https-www-eldiario-es-canariasahora\/","title":{"rendered":"https:\/\/www.eldiario.es\/canariasahora\/"},"content":{"rendered":"\n<p>wenn das jetzt mit dem Direktlink klappt .. .seht Ihr gleich Fotos von &#8222;Teide im Schnee&#8220; &#8211; nat\u00fcrlich sind der Regen der Nacht und der Schnee heute Dauerthemen der kanarischen Presser&#8230;Der erste Schnee dieses Jahres.. juchhu&#8230; jubeln die einen&#8230;<a href=\"https:\/\/www.feminissima.de\/2022\/12\/26\/https-www-eldiario-es-canariasahora\/\" data-type=\"post\" data-id=\"88750\">https:\/\/www.eldiario.es<\/a> &#8230;.komisch, Dearies &amp; Dears, klappt nicht, dabei hat es vorhin beim eXXpress.at doch &#8230;? Na, noch \u00fcben.. sonst m\u00fcsst Ihr einfach mal selbst .. www.eldiario.es eingeben und zauberschneewei\u00dfe Fotos&#8230; yeah.. si.. ! <\/p>\n","protected":false},"excerpt":{"rendered":"<p>wenn das jetzt mit dem Direktlink klappt .. .seht Ihr gleich Fotos von &#8222;Teide im Schnee&#8220; &#8211; nat\u00fcrlich sind der Regen der Nacht und der Schnee heute Dauerthemen der kanarischen Presser&#8230;Der erste Schnee dieses Jahres.. juchhu&#8230; jubeln die einen&#8230;https:\/\/www.eldiario.es &#8230;.komisch, Dearies &amp; Dears, klappt nicht, dabei hat es vorhin beim eXXpress.at doch &#8230;? Na, noch&hellip; <a class=\"more-link\" href=\"https:\/\/feminissima.de\/index.php\/2022\/12\/26\/https-www-eldiario-es-canariasahora\/\"><span class=\"screen-reader-text\">https:\/\/www.eldiario.es\/canariasahora\/<\/span> weiterlesen<\/a><\/p>\n","protected":false},"author":3,"featured_media":0,"comment_status":"closed","ping_status":"closed","sticky":false,"template":"","format":"standard","meta":{"footnotes":""},"categories":[6],"tags":[],"class_list":["post-88750","post","type-post","status-publish","format-standard","hentry","category-femleben","entry"],"yoast_head":"<!-- This site is optimized with the Yoast SEO plugin v21.0 - https:\/\/yoast.com\/wordpress\/plugins\/seo\/ -->\n<title>https:\/\/www.eldiario.es\/canariasahora\/ - Feminissima<\/title>\n<meta name=\"robots\" content=\"index, follow, max-snippet:-1, max-image-preview:large, max-video-preview:-1\" \/>\n<link rel=\"canonical\" href=\"https:\/\/feminissima.de\/index.php\/2022\/12\/26\/https-www-eldiario-es-canariasahora\/\" \/>\n<meta property=\"og:locale\" content=\"de_DE\" \/>\n<meta property=\"og:type\" content=\"article\" \/>\n<meta property=\"og:title\" content=\"https:\/\/www.eldiario.es\/canariasahora\/ - Feminissima\" \/>\n<meta property=\"og:description\" content=\"wenn das jetzt mit dem Direktlink klappt .. .seht Ihr gleich Fotos von &#8222;Teide im Schnee&#8220; &#8211; nat\u00fcrlich sind der Regen der Nacht und der Schnee heute Dauerthemen der kanarischen Presser&#8230;Der erste Schnee dieses Jahres.. juchhu&#8230; jubeln die einen&#8230;https:\/\/www.eldiario.es &#8230;.komisch, Dearies &amp; Dears, klappt nicht, dabei hat es vorhin beim eXXpress.at doch &#8230;? Na, noch&hellip; https:\/\/www.eldiario.es\/canariasahora\/ weiterlesen\" \/>\n<meta property=\"og:url\" content=\"https:\/\/feminissima.de\/index.php\/2022\/12\/26\/https-www-eldiario-es-canariasahora\/\" \/>\n<meta property=\"og:site_name\" content=\"Feminissima\" \/>\n<meta property=\"article:published_time\" content=\"2022-12-26T14:49:53+00:00\" \/>\n<meta name=\"author\" content=\"fem\" \/>\n<meta name=\"twitter:card\" content=\"summary_large_image\" \/>\n<meta name=\"twitter:label1\" content=\"Verfasst von\" \/>\n\t<meta name=\"twitter:data1\" content=\"fem\" \/>\n<script type=\"application\/ld+json\" class=\"yoast-schema-graph\">{\"@context\":\"https:\/\/schema.org\",\"@graph\":[{\"@type\":\"WebPage\",\"@id\":\"https:\/\/feminissima.de\/index.php\/2022\/12\/26\/https-www-eldiario-es-canariasahora\/\",\"url\":\"https:\/\/feminissima.de\/index.php\/2022\/12\/26\/https-www-eldiario-es-canariasahora\/\",\"name\":\"https:\/\/www.eldiario.es\/canariasahora\/ - Feminissima\",\"isPartOf\":{\"@id\":\"https:\/\/feminissima.de\/#website\"},\"datePublished\":\"2022-12-26T14:49:53+00:00\",\"dateModified\":\"2022-12-26T14:49:53+00:00\",\"author\":{\"@id\":\"https:\/\/feminissima.de\/#\/schema\/person\/5dea0fc707e9da59266a47da2f9a8210\"},\"breadcrumb\":{\"@id\":\"https:\/\/feminissima.de\/index.php\/2022\/12\/26\/https-www-eldiario-es-canariasahora\/#breadcrumb\"},\"inLanguage\":\"de\",\"potentialAction\":[{\"@type\":\"ReadAction\",\"target\":[\"https:\/\/feminissima.de\/index.php\/2022\/12\/26\/https-www-eldiario-es-canariasahora\/\"]}]},{\"@type\":\"BreadcrumbList\",\"@id\":\"https:\/\/feminissima.de\/index.php\/2022\/12\/26\/https-www-eldiario-es-canariasahora\/#breadcrumb\",\"itemListElement\":[{\"@type\":\"ListItem\",\"position\":1,\"name\":\"Startseite\",\"item\":\"https:\/\/feminissima.de\/\"},{\"@type\":\"ListItem\",\"position\":2,\"name\":\"https:\/\/www.eldiario.es\/canariasahora\/\"}]},{\"@type\":\"WebSite\",\"@id\":\"https:\/\/feminissima.de\/#website\",\"url\":\"https:\/\/feminissima.de\/\",\"name\":\"Feminissima\",\"description\":\"\",\"potentialAction\":[{\"@type\":\"SearchAction\",\"target\":{\"@type\":\"EntryPoint\",\"urlTemplate\":\"https:\/\/feminissima.de\/?s={search_term_string}\"},\"query-input\":\"required name=search_term_string\"}],\"inLanguage\":\"de\"},{\"@type\":\"Person\",\"@id\":\"https:\/\/feminissima.de\/#\/schema\/person\/5dea0fc707e9da59266a47da2f9a8210\",\"name\":\"fem\",\"image\":{\"@type\":\"ImageObject\",\"inLanguage\":\"de\",\"@id\":\"https:\/\/feminissima.de\/#\/schema\/person\/image\/\",\"url\":\"https:\/\/secure.gravatar.com\/avatar\/892e878e26ee6e7c1689c0b5183da4949c35fb291d0554f021db478bb42e3226?s=96&d=mm&r=g\",\"contentUrl\":\"https:\/\/secure.gravatar.com\/avatar\/892e878e26ee6e7c1689c0b5183da4949c35fb291d0554f021db478bb42e3226?s=96&d=mm&r=g\",\"caption\":\"fem\"},\"url\":\"https:\/\/feminissima.de\/index.php\/author\/fem\/\"}]}<\/script>\n<!-- \/ Yoast SEO plugin. -->","yoast_head_json":{"title":"https:\/\/www.eldiario.es\/canariasahora\/ - Feminissima","robots":{"index":"index","follow":"follow","max-snippet":"max-snippet:-1","max-image-preview":"max-image-preview:large","max-video-preview":"max-video-preview:-1"},"canonical":"https:\/\/feminissima.de\/index.php\/2022\/12\/26\/https-www-eldiario-es-canariasahora\/","og_locale":"de_DE","og_type":"article","og_title":"https:\/\/www.eldiario.es\/canariasahora\/ - Feminissima","og_description":"wenn das jetzt mit dem Direktlink klappt .. .seht Ihr gleich Fotos von &#8222;Teide im Schnee&#8220; &#8211; nat\u00fcrlich sind der Regen der Nacht und der Schnee heute Dauerthemen der kanarischen Presser&#8230;Der erste Schnee dieses Jahres.. juchhu&#8230; jubeln die einen&#8230;https:\/\/www.eldiario.es &#8230;.komisch, Dearies &amp; Dears, klappt nicht, dabei hat es vorhin beim eXXpress.at doch &#8230;? Na, noch&hellip; https:\/\/www.eldiario.es\/canariasahora\/ weiterlesen","og_url":"https:\/\/feminissima.de\/index.php\/2022\/12\/26\/https-www-eldiario-es-canariasahora\/","og_site_name":"Feminissima","article_published_time":"2022-12-26T14:49:53+00:00","author":"fem","twitter_card":"summary_large_image","twitter_misc":{"Verfasst von":"fem"},"schema":{"@context":"https:\/\/schema.org","@graph":[{"@type":"WebPage","@id":"https:\/\/feminissima.de\/index.php\/2022\/12\/26\/https-www-eldiario-es-canariasahora\/","url":"https:\/\/feminissima.de\/index.php\/2022\/12\/26\/https-www-eldiario-es-canariasahora\/","name":"https:\/\/www.eldiario.es\/canariasahora\/ - Feminissima","isPartOf":{"@id":"https:\/\/feminissima.de\/#website"},"datePublished":"2022-12-26T14:49:53+00:00","dateModified":"2022-12-26T14:49:53+00:00","author":{"@id":"https:\/\/feminissima.de\/#\/schema\/person\/5dea0fc707e9da59266a47da2f9a8210"},"breadcrumb":{"@id":"https:\/\/feminissima.de\/index.php\/2022\/12\/26\/https-www-eldiario-es-canariasahora\/#breadcrumb"},"inLanguage":"de","potentialAction":[{"@type":"ReadAction","target":["https:\/\/feminissima.de\/index.php\/2022\/12\/26\/https-www-eldiario-es-canariasahora\/"]}]},{"@type":"BreadcrumbList","@id":"https:\/\/feminissima.de\/index.php\/2022\/12\/26\/https-www-eldiario-es-canariasahora\/#breadcrumb","itemListElement":[{"@type":"ListItem","position":1,"name":"Startseite","item":"https:\/\/feminissima.de\/"},{"@type":"ListItem","position":2,"name":"https:\/\/www.eldiario.es\/canariasahora\/"}]},{"@type":"WebSite","@id":"https:\/\/feminissima.de\/#website","url":"https:\/\/feminissima.de\/","name":"Feminissima","description":"","potentialAction":[{"@type":"SearchAction","target":{"@type":"EntryPoint","urlTemplate":"https:\/\/feminissima.de\/?s={search_term_string}"},"query-input":"required name=search_term_string"}],"inLanguage":"de"},{"@type":"Person","@id":"https:\/\/feminissima.de\/#\/schema\/person\/5dea0fc707e9da59266a47da2f9a8210","name":"fem","image":{"@type":"ImageObject","inLanguage":"de","@id":"https:\/\/feminissima.de\/#\/schema\/person\/image\/","url":"https:\/\/secure.gravatar.com\/avatar\/892e878e26ee6e7c1689c0b5183da4949c35fb291d0554f021db478bb42e3226?s=96&d=mm&r=g","contentUrl":"https:\/\/secure.gravatar.com\/avatar\/892e878e26ee6e7c1689c0b5183da4949c35fb291d0554f021db478bb42e3226?s=96&d=mm&r=g","caption":"fem"},"url":"https:\/\/feminissima.de\/index.php\/author\/fem\/"}]}},"jetpack_featured_media_url":"","_links":{"self":[{"href":"https:\/\/feminissima.de\/index.php\/wp-json\/wp\/v2\/posts\/88750","targetHints":{"allow":["GET"]}}],"collection":[{"href":"https:\/\/feminissima.de\/index.php\/wp-json\/wp\/v2\/posts"}],"about":[{"href":"https:\/\/feminissima.de\/index.php\/wp-json\/wp\/v2\/types\/post"}],"author":[{"embeddable":true,"href":"https:\/\/feminissima.de\/index.php\/wp-json\/wp\/v2\/users\/3"}],"replies":[{"embeddable":true,"href":"https:\/\/feminissima.de\/index.php\/wp-json\/wp\/v2\/comments?post=88750"}],"version-history":[{"count":0,"href":"https:\/\/feminissima.de\/index.php\/wp-json\/wp\/v2\/posts\/88750\/revisions"}],"wp:attachment":[{"href":"https:\/\/feminissima.de\/index.php\/wp-json\/wp\/v2\/media?parent=88750"}],"wp:term":[{"taxonomy":"category","embeddable":true,"href":"https:\/\/feminissima.de\/index.php\/wp-json\/wp\/v2\/categories?post=88750"},{"taxonomy":"post_tag","embeddable":true,"href":"https:\/\/feminissima.de\/index.php\/wp-json\/wp\/v2\/tags?post=88750"}],"curies":[{"name":"wp","href":"https:\/\/api.w.org\/{rel}","templated":true}]}}