{"id":88693,"date":"2022-12-25T22:32:51","date_gmt":"2022-12-25T20:32:51","guid":{"rendered":"https:\/\/www.feminissima.de\/?p=88693"},"modified":"2022-12-25T22:32:51","modified_gmt":"2022-12-25T20:32:51","slug":"wie-aus-der-zeit-gefallen","status":"publish","type":"post","link":"https:\/\/feminissima.de\/index.php\/2022\/12\/25\/wie-aus-der-zeit-gefallen\/","title":{"rendered":"Wie aus der Zeit gefallen&#8230;"},"content":{"rendered":"\n<p>update &#8211; 21 Uhr 38 &#8211; Teneriffa &#8211;  <\/p>\n\n\n\n<p>Ist es eine Frage des Alters.. ?<\/p>\n\n\n\n<p>Wirst du irgendwann allergisch gegen all den Weihnachtskitsch? <\/p>\n\n\n\n<p>Der Dir mit jedem Jahr unertr\u00e4glicher erscheint.. ? <\/p>\n\n\n\n<p>Ist das vielleicht wirklich eine Frage des Alters, weil zu viele Jahre  dies alles geh\u00f6rt, gesehen, erlebt ? Wenn Schlagerstars am 24. 12. auf dem 1. oder 2. Hauptprogramm Fernsehen &#8211; Weihnachtslieder singen, dann &#8211; ja dann ist f\u00fcr Eure FEMINISSIMA insgesamt die &#8222;Kultur&#8220; absolut an ihrem Ende angelangt.. <\/p>\n\n\n\n<p>Oder wenn die Magie von fr\u00fcher &#8211; genannt &#8211; &#8222;Zwischen den Jahren&#8220; &#8211; heute zum erneuten &#8222;Stress-Tempo&#8220; von drittklassigen Medien &#8222;hochgepuscht&#8220; wird als &#8222;Zeit zum Umtausch der Geschenke und der Vorbereitung der Sylvesterfeier&#8220;.  Meine G\u00fcte. .. Der Vorteil vom Alter.. ? Du brauchst diesen gek\u00fcnstelten &#8222;Heckmeck&#8220; schon lange nicht mehr.. und kannst gen\u00fc\u00dflich .. oder auch wehm\u00fctig? an jene Jahre &#8222;zwischen den Jahren&#8220; zur\u00fcckdenken&#8230; Berliner Ballen zum Fr\u00fchst\u00fcck am 1. Januar des neuen Jahres nach durchtanzter Nacht auf dem Flur der Etagenwohnung&#8230; Treffen mit ehemaligen Klassenkameraden.. Das  Konfetti auf dem Teppich nach Sylvester..  Der nervige Staubsauger.  Reste von Lametta.. \u00fcberall in der Wohnung&#8230;  Der Weihnachtsbaum wie immer viel zu gro\u00df.. umgekippt, wieder aufgerichtet, wieder geschm\u00fcckt, dem Nachbarjungen, der dabei half, versch\u00e4mt sch\u00f6ne Augen gemacht&#8230; Mama mit Nervenzusammenbruch, weil wie immer die Buttercr\u00e8me mi\u00dflang, Mama aber jedes Jahr zu Weihnachten einen &#8222;Frankfurter Kranz&#8220; hinkriegen wollte &#8211; ohne zu verraten, wem sie etwas damit beweisen wollte. Jedenfalls auch Mama wieder auf den Beinen, wenn das Gl\u00f6cklein silbrig erklang.. .. &#8222;Bescherung&#8220;&#8230;   Und o Tannenbaum..! <\/p>\n\n\n\n<p>Wann war der Heilige Abend, an dem &#8222;der Papa&#8220; sich dann davongeschlichen hatte, wie ein gepr\u00fcgelter Hund.. ? Und nie wieder dabei war. Und Tante Leni das Buch &#8222;Die Gelbe Dogge Senta&#8220; geschickt hatte &#8211;  elegant, mit weichem Lederteil der Buchr\u00fccken.  und so feines  Papier.. Entstand damals diese Liebe zu Papier und B\u00fcchern.. ? <\/p>\n\n\n\n<p>Vergangenheit&#8230; und  Gegenwart f\u00fcr immer&#8230;. .in Seele, Kopf, und Tagebuch&#8230; Zwischen den Jahren.. all die viele Zeit.. die \u00fcbrig geblieben ist.. von diesem Jahr 2022, das es in sich hatte.. <\/p>\n\n\n\n<p>Hier auf Teneriffa gerade die Meldung online gelesen,  mit heftigem Sturm sei zu rechnen..  und schon vorsorglich die Stra\u00dfe ..atemberaubend, weil wie am Ende der Welt..  bei sch\u00f6nem Wetter, aber auch niemals ungef\u00e4hrlich, wegen Steinschlags von links und rechts tief unten der glitzernde Atlantik.. zwschen Buenavista del Norte und dem zauberhaften Faro &#8230; Punta del Teno- am Ende der Insel .. gesperrt worden ist.. . <\/p>\n\n\n\n<p><\/p>\n\n\n\n<p>Von der online-Fuerteventura-Zeitung die Meldung, dass gestern &#8211; also am &#8222;Heiligen Abend&#8220; &#8211; ein Surfer ertrunken sei. Dass in Autriche Lawinen runtergegangen sind, wurde von einer online-Postille kurzzeitig statt Vermissten mit &#8222;Toten&#8220; wiedergegeben, in ihrer Gier nach Sensationen.. ? Nein, sie wurden gerettete. Wunderbar.. !!! <\/p>\n\n\n\n<p>Morgen, am Montag, ist hier &#8222;ganz normaler Werktag&#8220; .. die arbeitende Bev\u00f6lkerung beneidet uns Deutsche um die langen Feiertage an Weihnachten&#8230;  Gr\u00fcsse von Teneriffa&#8230; 21 Uhr 36 local Uhrzeit.. Stille.. Vor dem Sturm in der Nacht.. ?<\/p>\n","protected":false},"excerpt":{"rendered":"<p>update &#8211; 21 Uhr 38 &#8211; Teneriffa &#8211; Ist es eine Frage des Alters.. ? Wirst du irgendwann allergisch gegen all den Weihnachtskitsch? Der Dir mit jedem Jahr unertr\u00e4glicher erscheint.. ? Ist das vielleicht wirklich eine Frage des Alters, weil zu viele Jahre dies alles geh\u00f6rt, gesehen, erlebt ? Wenn Schlagerstars am 24. 12. auf&hellip; <a class=\"more-link\" href=\"https:\/\/feminissima.de\/index.php\/2022\/12\/25\/wie-aus-der-zeit-gefallen\/\"><span class=\"screen-reader-text\">Wie aus der Zeit gefallen&#8230;<\/span> weiterlesen<\/a><\/p>\n","protected":false},"author":3,"featured_media":0,"comment_status":"closed","ping_status":"closed","sticky":false,"template":"","format":"standard","meta":{"footnotes":""},"categories":[6],"tags":[],"class_list":["post-88693","post","type-post","status-publish","format-standard","hentry","category-femleben","entry"],"yoast_head":"<!-- This site is optimized with the Yoast SEO plugin v21.0 - https:\/\/yoast.com\/wordpress\/plugins\/seo\/ -->\n<title>Wie aus der Zeit gefallen... - Feminissima<\/title>\n<meta name=\"robots\" content=\"index, follow, max-snippet:-1, max-image-preview:large, max-video-preview:-1\" \/>\n<link rel=\"canonical\" href=\"https:\/\/feminissima.de\/index.php\/2022\/12\/25\/wie-aus-der-zeit-gefallen\/\" \/>\n<meta property=\"og:locale\" content=\"de_DE\" \/>\n<meta property=\"og:type\" content=\"article\" \/>\n<meta property=\"og:title\" content=\"Wie aus der Zeit gefallen... - Feminissima\" \/>\n<meta property=\"og:description\" content=\"update &#8211; 21 Uhr 38 &#8211; Teneriffa &#8211; Ist es eine Frage des Alters.. ? Wirst du irgendwann allergisch gegen all den Weihnachtskitsch? Der Dir mit jedem Jahr unertr\u00e4glicher erscheint.. ? Ist das vielleicht wirklich eine Frage des Alters, weil zu viele Jahre dies alles geh\u00f6rt, gesehen, erlebt ? Wenn Schlagerstars am 24. 12. auf&hellip; Wie aus der Zeit gefallen&#8230; weiterlesen\" \/>\n<meta property=\"og:url\" content=\"https:\/\/feminissima.de\/index.php\/2022\/12\/25\/wie-aus-der-zeit-gefallen\/\" \/>\n<meta property=\"og:site_name\" content=\"Feminissima\" \/>\n<meta property=\"article:published_time\" content=\"2022-12-25T20:32:51+00:00\" \/>\n<meta name=\"author\" content=\"fem\" \/>\n<meta name=\"twitter:card\" content=\"summary_large_image\" \/>\n<meta name=\"twitter:label1\" content=\"Verfasst von\" \/>\n\t<meta name=\"twitter:data1\" content=\"fem\" \/>\n\t<meta name=\"twitter:label2\" content=\"Gesch\u00e4tzte Lesezeit\" \/>\n\t<meta name=\"twitter:data2\" content=\"2\u00a0Minuten\" \/>\n<script type=\"application\/ld+json\" class=\"yoast-schema-graph\">{\"@context\":\"https:\/\/schema.org\",\"@graph\":[{\"@type\":\"WebPage\",\"@id\":\"https:\/\/feminissima.de\/index.php\/2022\/12\/25\/wie-aus-der-zeit-gefallen\/\",\"url\":\"https:\/\/feminissima.de\/index.php\/2022\/12\/25\/wie-aus-der-zeit-gefallen\/\",\"name\":\"Wie aus der Zeit gefallen... - Feminissima\",\"isPartOf\":{\"@id\":\"https:\/\/feminissima.de\/#website\"},\"datePublished\":\"2022-12-25T20:32:51+00:00\",\"dateModified\":\"2022-12-25T20:32:51+00:00\",\"author\":{\"@id\":\"https:\/\/feminissima.de\/#\/schema\/person\/5dea0fc707e9da59266a47da2f9a8210\"},\"breadcrumb\":{\"@id\":\"https:\/\/feminissima.de\/index.php\/2022\/12\/25\/wie-aus-der-zeit-gefallen\/#breadcrumb\"},\"inLanguage\":\"de\",\"potentialAction\":[{\"@type\":\"ReadAction\",\"target\":[\"https:\/\/feminissima.de\/index.php\/2022\/12\/25\/wie-aus-der-zeit-gefallen\/\"]}]},{\"@type\":\"BreadcrumbList\",\"@id\":\"https:\/\/feminissima.de\/index.php\/2022\/12\/25\/wie-aus-der-zeit-gefallen\/#breadcrumb\",\"itemListElement\":[{\"@type\":\"ListItem\",\"position\":1,\"name\":\"Startseite\",\"item\":\"https:\/\/feminissima.de\/\"},{\"@type\":\"ListItem\",\"position\":2,\"name\":\"Wie aus der Zeit gefallen&#8230;\"}]},{\"@type\":\"WebSite\",\"@id\":\"https:\/\/feminissima.de\/#website\",\"url\":\"https:\/\/feminissima.de\/\",\"name\":\"Feminissima\",\"description\":\"\",\"potentialAction\":[{\"@type\":\"SearchAction\",\"target\":{\"@type\":\"EntryPoint\",\"urlTemplate\":\"https:\/\/feminissima.de\/?s={search_term_string}\"},\"query-input\":\"required name=search_term_string\"}],\"inLanguage\":\"de\"},{\"@type\":\"Person\",\"@id\":\"https:\/\/feminissima.de\/#\/schema\/person\/5dea0fc707e9da59266a47da2f9a8210\",\"name\":\"fem\",\"image\":{\"@type\":\"ImageObject\",\"inLanguage\":\"de\",\"@id\":\"https:\/\/feminissima.de\/#\/schema\/person\/image\/\",\"url\":\"https:\/\/secure.gravatar.com\/avatar\/892e878e26ee6e7c1689c0b5183da4949c35fb291d0554f021db478bb42e3226?s=96&d=mm&r=g\",\"contentUrl\":\"https:\/\/secure.gravatar.com\/avatar\/892e878e26ee6e7c1689c0b5183da4949c35fb291d0554f021db478bb42e3226?s=96&d=mm&r=g\",\"caption\":\"fem\"},\"url\":\"https:\/\/feminissima.de\/index.php\/author\/fem\/\"}]}<\/script>\n<!-- \/ Yoast SEO plugin. -->","yoast_head_json":{"title":"Wie aus der Zeit gefallen... - Feminissima","robots":{"index":"index","follow":"follow","max-snippet":"max-snippet:-1","max-image-preview":"max-image-preview:large","max-video-preview":"max-video-preview:-1"},"canonical":"https:\/\/feminissima.de\/index.php\/2022\/12\/25\/wie-aus-der-zeit-gefallen\/","og_locale":"de_DE","og_type":"article","og_title":"Wie aus der Zeit gefallen... - Feminissima","og_description":"update &#8211; 21 Uhr 38 &#8211; Teneriffa &#8211; Ist es eine Frage des Alters.. ? Wirst du irgendwann allergisch gegen all den Weihnachtskitsch? Der Dir mit jedem Jahr unertr\u00e4glicher erscheint.. ? Ist das vielleicht wirklich eine Frage des Alters, weil zu viele Jahre dies alles geh\u00f6rt, gesehen, erlebt ? Wenn Schlagerstars am 24. 12. auf&hellip; Wie aus der Zeit gefallen&#8230; weiterlesen","og_url":"https:\/\/feminissima.de\/index.php\/2022\/12\/25\/wie-aus-der-zeit-gefallen\/","og_site_name":"Feminissima","article_published_time":"2022-12-25T20:32:51+00:00","author":"fem","twitter_card":"summary_large_image","twitter_misc":{"Verfasst von":"fem","Gesch\u00e4tzte Lesezeit":"2\u00a0Minuten"},"schema":{"@context":"https:\/\/schema.org","@graph":[{"@type":"WebPage","@id":"https:\/\/feminissima.de\/index.php\/2022\/12\/25\/wie-aus-der-zeit-gefallen\/","url":"https:\/\/feminissima.de\/index.php\/2022\/12\/25\/wie-aus-der-zeit-gefallen\/","name":"Wie aus der Zeit gefallen... - Feminissima","isPartOf":{"@id":"https:\/\/feminissima.de\/#website"},"datePublished":"2022-12-25T20:32:51+00:00","dateModified":"2022-12-25T20:32:51+00:00","author":{"@id":"https:\/\/feminissima.de\/#\/schema\/person\/5dea0fc707e9da59266a47da2f9a8210"},"breadcrumb":{"@id":"https:\/\/feminissima.de\/index.php\/2022\/12\/25\/wie-aus-der-zeit-gefallen\/#breadcrumb"},"inLanguage":"de","potentialAction":[{"@type":"ReadAction","target":["https:\/\/feminissima.de\/index.php\/2022\/12\/25\/wie-aus-der-zeit-gefallen\/"]}]},{"@type":"BreadcrumbList","@id":"https:\/\/feminissima.de\/index.php\/2022\/12\/25\/wie-aus-der-zeit-gefallen\/#breadcrumb","itemListElement":[{"@type":"ListItem","position":1,"name":"Startseite","item":"https:\/\/feminissima.de\/"},{"@type":"ListItem","position":2,"name":"Wie aus der Zeit gefallen&#8230;"}]},{"@type":"WebSite","@id":"https:\/\/feminissima.de\/#website","url":"https:\/\/feminissima.de\/","name":"Feminissima","description":"","potentialAction":[{"@type":"SearchAction","target":{"@type":"EntryPoint","urlTemplate":"https:\/\/feminissima.de\/?s={search_term_string}"},"query-input":"required name=search_term_string"}],"inLanguage":"de"},{"@type":"Person","@id":"https:\/\/feminissima.de\/#\/schema\/person\/5dea0fc707e9da59266a47da2f9a8210","name":"fem","image":{"@type":"ImageObject","inLanguage":"de","@id":"https:\/\/feminissima.de\/#\/schema\/person\/image\/","url":"https:\/\/secure.gravatar.com\/avatar\/892e878e26ee6e7c1689c0b5183da4949c35fb291d0554f021db478bb42e3226?s=96&d=mm&r=g","contentUrl":"https:\/\/secure.gravatar.com\/avatar\/892e878e26ee6e7c1689c0b5183da4949c35fb291d0554f021db478bb42e3226?s=96&d=mm&r=g","caption":"fem"},"url":"https:\/\/feminissima.de\/index.php\/author\/fem\/"}]}},"jetpack_featured_media_url":"","_links":{"self":[{"href":"https:\/\/feminissima.de\/index.php\/wp-json\/wp\/v2\/posts\/88693","targetHints":{"allow":["GET"]}}],"collection":[{"href":"https:\/\/feminissima.de\/index.php\/wp-json\/wp\/v2\/posts"}],"about":[{"href":"https:\/\/feminissima.de\/index.php\/wp-json\/wp\/v2\/types\/post"}],"author":[{"embeddable":true,"href":"https:\/\/feminissima.de\/index.php\/wp-json\/wp\/v2\/users\/3"}],"replies":[{"embeddable":true,"href":"https:\/\/feminissima.de\/index.php\/wp-json\/wp\/v2\/comments?post=88693"}],"version-history":[{"count":0,"href":"https:\/\/feminissima.de\/index.php\/wp-json\/wp\/v2\/posts\/88693\/revisions"}],"wp:attachment":[{"href":"https:\/\/feminissima.de\/index.php\/wp-json\/wp\/v2\/media?parent=88693"}],"wp:term":[{"taxonomy":"category","embeddable":true,"href":"https:\/\/feminissima.de\/index.php\/wp-json\/wp\/v2\/categories?post=88693"},{"taxonomy":"post_tag","embeddable":true,"href":"https:\/\/feminissima.de\/index.php\/wp-json\/wp\/v2\/tags?post=88693"}],"curies":[{"name":"wp","href":"https:\/\/api.w.org\/{rel}","templated":true}]}}