{"id":88678,"date":"2022-12-24T16:40:04","date_gmt":"2022-12-24T14:40:04","guid":{"rendered":"https:\/\/www.feminissima.de\/?p=88678"},"modified":"2022-12-24T16:40:04","modified_gmt":"2022-12-24T14:40:04","slug":"wir-dachten-wir-hatten-noch-so-viel-zeit","status":"publish","type":"post","link":"https:\/\/feminissima.de\/index.php\/2022\/12\/24\/wir-dachten-wir-hatten-noch-so-viel-zeit\/","title":{"rendered":"&#8222;Wir dachten, wir h\u00e4tten noch so viel Zeit&#8230;&#8220;"},"content":{"rendered":"\n<p>&#8230;Gedanken zum 24. Dezember 2022 &#8211; dem ersten Kriegsjahr &#8211; Weihnachten auf europ\u00e4ischem Boden seit 1945&#8230;<\/p>\n\n\n\n<p><\/p>\n\n\n\n<p>Zwischen l\u00e4rmenden Dauer-Jingle-Bells deutscher TV-.Werbung, und \u00fcber die ja unglaubliche Tatsache, dass &#8222;wieder so viel Gl\u00fchwein&#8220; getrunken wird, gar Rezepte f\u00fcr Gl\u00fchwein, als sei er die Erfindung dieses Jahres.. und dann alle-Jahre-wieder- &#8222;Der Handel ist zufrieden&#8220; oder &#8211; dieses Jahr :&#8220;durchwachsen..&#8220; .. von Gaspreisbremsen ist die Rede, von Inflation, von Galerias, die einfach nicht mehr auf die F\u00fcsse kommen, vielleicht ja auch, weil sich die Idee &#8222;Kaufhaus&#8220; &#8211; bezahlbarer Luxus f\u00fcr alle &#8211;  als Mammut-Institution ausgelebt hat, vorbei ist.. wer steht schon gern dichtgedr\u00e4ngt auf Rolltreppen.. Aber 17.000 Arbeitspl\u00e4tze stehen auf dem Spiel..<\/p>\n\n\n\n<p>Es sind viele b\u00f6se Worte &#8211; jenseits des Kriegs &#8211; da fehlte seltsamerweise auch die Trauer &#8211; in diesem Jahr vor allem in den &#8222;social media&#8220; &#8211; gefallen&#8230; und dann nun der Weihnachtsbaum..  in diesem Jahr ganz beonders ..mit Symbolik&#8230; befrachtet, als Symbol herhalten muss, ohne dass alles &#8222;kein Weihnachten&#8220; .. und sogar &#8211; ah, woher kommen die Weihnachtskugeln eigentlich.. ? Ja, Nachbildungen von \u00c4pfeln und N\u00fcssen, mit denen der Naturbaum geschm\u00fcckt worden ist.. Weihnachten.. in uns bekanntem Stil seit ungef\u00e4hr 130 Jahren gefeiert&#8230;oder&#8230; wird in diesem Jahr zum Ersatz und vielleicht auch Trost f\u00fcr alles andere. Ist das B\u00e4umchen noch so d\u00fcrr und klein&#8230; so ist er doch fein.. ein paar Kugeln und ein paar schimmernde Kerzen&#8230; und Dein Herz geht auf.. Es werde Licht&#8230; Ja. Es werde Frieden. Frieden auf Erden. Hei\u00dft sie nicht so, lautet sie nicht so &#8211; in ihrem Kern.. ? Die Weihnachtsbotschaft.? <\/p>\n\n\n\n<p> Und wenn Du dann auf eine Todesanzeige st\u00f6\u00dft &#8211; Mit dem Zitat .. oben in der \u00dcberschrieft&#8230; der Verstorbene erst 19 Jahre alt&#8230; atmest du ganz tief durch&#8230; ja, wir denken t\u00e4glich, &#8222;wir h\u00e4tten noch so viel Zeit&#8220;&#8230; Bitte&#8230; verschiebt die G\u00fcte nicht.. das Mitleiden, die Anteilnahme, und ja, fr\u00fcher ging man am fr\u00fchen Heilig-Abend in die Kirche, und wenn es war, um endlich wieder diese so sch\u00f6nen Lieder zu singen&#8230; in dieser Gemeinschaft von Menschen und so vielen Kerzen, einer durchdringenden, ergreifenden Orgel &#8211; &#8222;Es ist ein Ros entsprungen&#8220;&#8230;. Ja, mitten im kalten Winter&#8230; der Herzen&#8230; kann eine Rose erbl\u00fchen&#8230; Kommt gut durch die Feiertage&#8230; Eure FEMINISSIMA<\/p>\n","protected":false},"excerpt":{"rendered":"<p>&#8230;Gedanken zum 24. Dezember 2022 &#8211; dem ersten Kriegsjahr &#8211; Weihnachten auf europ\u00e4ischem Boden seit 1945&#8230; Zwischen l\u00e4rmenden Dauer-Jingle-Bells deutscher TV-.Werbung, und \u00fcber die ja unglaubliche Tatsache, dass &#8222;wieder so viel Gl\u00fchwein&#8220; getrunken wird, gar Rezepte f\u00fcr Gl\u00fchwein, als sei er die Erfindung dieses Jahres.. und dann alle-Jahre-wieder- &#8222;Der Handel ist zufrieden&#8220; oder &#8211; dieses&hellip; <a class=\"more-link\" href=\"https:\/\/feminissima.de\/index.php\/2022\/12\/24\/wir-dachten-wir-hatten-noch-so-viel-zeit\/\"><span class=\"screen-reader-text\">&#8222;Wir dachten, wir h\u00e4tten noch so viel Zeit&#8230;&#8220;<\/span> weiterlesen<\/a><\/p>\n","protected":false},"author":3,"featured_media":0,"comment_status":"closed","ping_status":"closed","sticky":false,"template":"","format":"standard","meta":{"footnotes":""},"categories":[6],"tags":[],"class_list":["post-88678","post","type-post","status-publish","format-standard","hentry","category-femleben","entry"],"yoast_head":"<!-- This site is optimized with the Yoast SEO plugin v21.0 - https:\/\/yoast.com\/wordpress\/plugins\/seo\/ -->\n<title>&quot;Wir dachten, wir h\u00e4tten noch so viel Zeit...&quot; - Feminissima<\/title>\n<meta name=\"robots\" content=\"index, follow, max-snippet:-1, max-image-preview:large, max-video-preview:-1\" \/>\n<link rel=\"canonical\" href=\"https:\/\/feminissima.de\/index.php\/2022\/12\/24\/wir-dachten-wir-hatten-noch-so-viel-zeit\/\" \/>\n<meta property=\"og:locale\" content=\"de_DE\" \/>\n<meta property=\"og:type\" content=\"article\" \/>\n<meta property=\"og:title\" content=\"&quot;Wir dachten, wir h\u00e4tten noch so viel Zeit...&quot; - Feminissima\" \/>\n<meta property=\"og:description\" content=\"&#8230;Gedanken zum 24. Dezember 2022 &#8211; dem ersten Kriegsjahr &#8211; Weihnachten auf europ\u00e4ischem Boden seit 1945&#8230; Zwischen l\u00e4rmenden Dauer-Jingle-Bells deutscher TV-.Werbung, und \u00fcber die ja unglaubliche Tatsache, dass &#8222;wieder so viel Gl\u00fchwein&#8220; getrunken wird, gar Rezepte f\u00fcr Gl\u00fchwein, als sei er die Erfindung dieses Jahres.. und dann alle-Jahre-wieder- &#8222;Der Handel ist zufrieden&#8220; oder &#8211; dieses&hellip; &#8222;Wir dachten, wir h\u00e4tten noch so viel Zeit&#8230;&#8220; weiterlesen\" \/>\n<meta property=\"og:url\" content=\"https:\/\/feminissima.de\/index.php\/2022\/12\/24\/wir-dachten-wir-hatten-noch-so-viel-zeit\/\" \/>\n<meta property=\"og:site_name\" content=\"Feminissima\" \/>\n<meta property=\"article:published_time\" content=\"2022-12-24T14:40:04+00:00\" \/>\n<meta name=\"author\" content=\"fem\" \/>\n<meta name=\"twitter:card\" content=\"summary_large_image\" \/>\n<meta name=\"twitter:label1\" content=\"Verfasst von\" \/>\n\t<meta name=\"twitter:data1\" content=\"fem\" \/>\n\t<meta name=\"twitter:label2\" content=\"Gesch\u00e4tzte Lesezeit\" \/>\n\t<meta name=\"twitter:data2\" content=\"2\u00a0Minuten\" \/>\n<script type=\"application\/ld+json\" class=\"yoast-schema-graph\">{\"@context\":\"https:\/\/schema.org\",\"@graph\":[{\"@type\":\"WebPage\",\"@id\":\"https:\/\/feminissima.de\/index.php\/2022\/12\/24\/wir-dachten-wir-hatten-noch-so-viel-zeit\/\",\"url\":\"https:\/\/feminissima.de\/index.php\/2022\/12\/24\/wir-dachten-wir-hatten-noch-so-viel-zeit\/\",\"name\":\"\\\"Wir dachten, wir h\u00e4tten noch so viel Zeit...\\\" - Feminissima\",\"isPartOf\":{\"@id\":\"https:\/\/feminissima.de\/#website\"},\"datePublished\":\"2022-12-24T14:40:04+00:00\",\"dateModified\":\"2022-12-24T14:40:04+00:00\",\"author\":{\"@id\":\"https:\/\/feminissima.de\/#\/schema\/person\/5dea0fc707e9da59266a47da2f9a8210\"},\"breadcrumb\":{\"@id\":\"https:\/\/feminissima.de\/index.php\/2022\/12\/24\/wir-dachten-wir-hatten-noch-so-viel-zeit\/#breadcrumb\"},\"inLanguage\":\"de\",\"potentialAction\":[{\"@type\":\"ReadAction\",\"target\":[\"https:\/\/feminissima.de\/index.php\/2022\/12\/24\/wir-dachten-wir-hatten-noch-so-viel-zeit\/\"]}]},{\"@type\":\"BreadcrumbList\",\"@id\":\"https:\/\/feminissima.de\/index.php\/2022\/12\/24\/wir-dachten-wir-hatten-noch-so-viel-zeit\/#breadcrumb\",\"itemListElement\":[{\"@type\":\"ListItem\",\"position\":1,\"name\":\"Startseite\",\"item\":\"https:\/\/feminissima.de\/\"},{\"@type\":\"ListItem\",\"position\":2,\"name\":\"&#8222;Wir dachten, wir h\u00e4tten noch so viel Zeit&#8230;&#8220;\"}]},{\"@type\":\"WebSite\",\"@id\":\"https:\/\/feminissima.de\/#website\",\"url\":\"https:\/\/feminissima.de\/\",\"name\":\"Feminissima\",\"description\":\"\",\"potentialAction\":[{\"@type\":\"SearchAction\",\"target\":{\"@type\":\"EntryPoint\",\"urlTemplate\":\"https:\/\/feminissima.de\/?s={search_term_string}\"},\"query-input\":\"required name=search_term_string\"}],\"inLanguage\":\"de\"},{\"@type\":\"Person\",\"@id\":\"https:\/\/feminissima.de\/#\/schema\/person\/5dea0fc707e9da59266a47da2f9a8210\",\"name\":\"fem\",\"image\":{\"@type\":\"ImageObject\",\"inLanguage\":\"de\",\"@id\":\"https:\/\/feminissima.de\/#\/schema\/person\/image\/\",\"url\":\"https:\/\/secure.gravatar.com\/avatar\/892e878e26ee6e7c1689c0b5183da4949c35fb291d0554f021db478bb42e3226?s=96&d=mm&r=g\",\"contentUrl\":\"https:\/\/secure.gravatar.com\/avatar\/892e878e26ee6e7c1689c0b5183da4949c35fb291d0554f021db478bb42e3226?s=96&d=mm&r=g\",\"caption\":\"fem\"},\"url\":\"https:\/\/feminissima.de\/index.php\/author\/fem\/\"}]}<\/script>\n<!-- \/ Yoast SEO plugin. -->","yoast_head_json":{"title":"\"Wir dachten, wir h\u00e4tten noch so viel Zeit...\" - Feminissima","robots":{"index":"index","follow":"follow","max-snippet":"max-snippet:-1","max-image-preview":"max-image-preview:large","max-video-preview":"max-video-preview:-1"},"canonical":"https:\/\/feminissima.de\/index.php\/2022\/12\/24\/wir-dachten-wir-hatten-noch-so-viel-zeit\/","og_locale":"de_DE","og_type":"article","og_title":"\"Wir dachten, wir h\u00e4tten noch so viel Zeit...\" - Feminissima","og_description":"&#8230;Gedanken zum 24. Dezember 2022 &#8211; dem ersten Kriegsjahr &#8211; Weihnachten auf europ\u00e4ischem Boden seit 1945&#8230; Zwischen l\u00e4rmenden Dauer-Jingle-Bells deutscher TV-.Werbung, und \u00fcber die ja unglaubliche Tatsache, dass &#8222;wieder so viel Gl\u00fchwein&#8220; getrunken wird, gar Rezepte f\u00fcr Gl\u00fchwein, als sei er die Erfindung dieses Jahres.. und dann alle-Jahre-wieder- &#8222;Der Handel ist zufrieden&#8220; oder &#8211; dieses&hellip; &#8222;Wir dachten, wir h\u00e4tten noch so viel Zeit&#8230;&#8220; weiterlesen","og_url":"https:\/\/feminissima.de\/index.php\/2022\/12\/24\/wir-dachten-wir-hatten-noch-so-viel-zeit\/","og_site_name":"Feminissima","article_published_time":"2022-12-24T14:40:04+00:00","author":"fem","twitter_card":"summary_large_image","twitter_misc":{"Verfasst von":"fem","Gesch\u00e4tzte Lesezeit":"2\u00a0Minuten"},"schema":{"@context":"https:\/\/schema.org","@graph":[{"@type":"WebPage","@id":"https:\/\/feminissima.de\/index.php\/2022\/12\/24\/wir-dachten-wir-hatten-noch-so-viel-zeit\/","url":"https:\/\/feminissima.de\/index.php\/2022\/12\/24\/wir-dachten-wir-hatten-noch-so-viel-zeit\/","name":"\"Wir dachten, wir h\u00e4tten noch so viel Zeit...\" - Feminissima","isPartOf":{"@id":"https:\/\/feminissima.de\/#website"},"datePublished":"2022-12-24T14:40:04+00:00","dateModified":"2022-12-24T14:40:04+00:00","author":{"@id":"https:\/\/feminissima.de\/#\/schema\/person\/5dea0fc707e9da59266a47da2f9a8210"},"breadcrumb":{"@id":"https:\/\/feminissima.de\/index.php\/2022\/12\/24\/wir-dachten-wir-hatten-noch-so-viel-zeit\/#breadcrumb"},"inLanguage":"de","potentialAction":[{"@type":"ReadAction","target":["https:\/\/feminissima.de\/index.php\/2022\/12\/24\/wir-dachten-wir-hatten-noch-so-viel-zeit\/"]}]},{"@type":"BreadcrumbList","@id":"https:\/\/feminissima.de\/index.php\/2022\/12\/24\/wir-dachten-wir-hatten-noch-so-viel-zeit\/#breadcrumb","itemListElement":[{"@type":"ListItem","position":1,"name":"Startseite","item":"https:\/\/feminissima.de\/"},{"@type":"ListItem","position":2,"name":"&#8222;Wir dachten, wir h\u00e4tten noch so viel Zeit&#8230;&#8220;"}]},{"@type":"WebSite","@id":"https:\/\/feminissima.de\/#website","url":"https:\/\/feminissima.de\/","name":"Feminissima","description":"","potentialAction":[{"@type":"SearchAction","target":{"@type":"EntryPoint","urlTemplate":"https:\/\/feminissima.de\/?s={search_term_string}"},"query-input":"required name=search_term_string"}],"inLanguage":"de"},{"@type":"Person","@id":"https:\/\/feminissima.de\/#\/schema\/person\/5dea0fc707e9da59266a47da2f9a8210","name":"fem","image":{"@type":"ImageObject","inLanguage":"de","@id":"https:\/\/feminissima.de\/#\/schema\/person\/image\/","url":"https:\/\/secure.gravatar.com\/avatar\/892e878e26ee6e7c1689c0b5183da4949c35fb291d0554f021db478bb42e3226?s=96&d=mm&r=g","contentUrl":"https:\/\/secure.gravatar.com\/avatar\/892e878e26ee6e7c1689c0b5183da4949c35fb291d0554f021db478bb42e3226?s=96&d=mm&r=g","caption":"fem"},"url":"https:\/\/feminissima.de\/index.php\/author\/fem\/"}]}},"jetpack_featured_media_url":"","_links":{"self":[{"href":"https:\/\/feminissima.de\/index.php\/wp-json\/wp\/v2\/posts\/88678","targetHints":{"allow":["GET"]}}],"collection":[{"href":"https:\/\/feminissima.de\/index.php\/wp-json\/wp\/v2\/posts"}],"about":[{"href":"https:\/\/feminissima.de\/index.php\/wp-json\/wp\/v2\/types\/post"}],"author":[{"embeddable":true,"href":"https:\/\/feminissima.de\/index.php\/wp-json\/wp\/v2\/users\/3"}],"replies":[{"embeddable":true,"href":"https:\/\/feminissima.de\/index.php\/wp-json\/wp\/v2\/comments?post=88678"}],"version-history":[{"count":0,"href":"https:\/\/feminissima.de\/index.php\/wp-json\/wp\/v2\/posts\/88678\/revisions"}],"wp:attachment":[{"href":"https:\/\/feminissima.de\/index.php\/wp-json\/wp\/v2\/media?parent=88678"}],"wp:term":[{"taxonomy":"category","embeddable":true,"href":"https:\/\/feminissima.de\/index.php\/wp-json\/wp\/v2\/categories?post=88678"},{"taxonomy":"post_tag","embeddable":true,"href":"https:\/\/feminissima.de\/index.php\/wp-json\/wp\/v2\/tags?post=88678"}],"curies":[{"name":"wp","href":"https:\/\/api.w.org\/{rel}","templated":true}]}}