{"id":88676,"date":"2022-12-24T14:08:15","date_gmt":"2022-12-24T12:08:15","guid":{"rendered":"https:\/\/www.feminissima.de\/?p=88676"},"modified":"2022-12-24T14:08:15","modified_gmt":"2022-12-24T12:08:15","slug":"mehr-denn-je-feliz-nuevo-ano","status":"publish","type":"post","link":"https:\/\/feminissima.de\/index.php\/2022\/12\/24\/mehr-denn-je-feliz-nuevo-ano\/","title":{"rendered":"Mehr denn je &#8222;Feliz nuevo Ano.. ?"},"content":{"rendered":"\n<p>An das ganz gro\u00dfe Gl\u00fcck eines neuen Jahres glauben.. ??<\/p>\n\n\n\n<p>Oder wie die Spanier auch gerne sagen &#8211; &#8222;Felices Fiestas&#8220; &#8211; da sind dann all die Winterfeste&#8230; Weihnachten, Neues Jahr und der 6. Januar  &#8211; da werden hier auf den Kanaren die Geschenke verschenkt&#8230; drin enthalten.. Alles hier bei 25 Grad und sch\u00f6nstem Sommerwetter nicht so gef\u00fchlsschwanger wie in Alemania&#8230; Das hat etwas Entlastendes&#8230; Vielleicht nicht nur wegen der angenehmen Temperaturen so viele Weihnachtsfl\u00fcchtlinge hier auf den Kanaren&#8230; Fr\u00f6hlich sein, statt sentimental.. feiern gehen, raus, G\u00e4ste einladen, statt des sich Abschottens &#8211; und wehe &#8211; du bist allein, denn das passt so gar nicht in die gef\u00fchlsduselige &#8222;Weihnachten &#8211; Fest der Familie&#8220; -deutscher Yellow-Press rauf und runter, von der TV-Werbung ganz zu schweigen.. <\/p>\n\n\n\n<p><\/p>\n\n\n\n<p>Mittag &#8211; 12 Uhr &#8211; genauer gesagt auf Teneriffa &#8211; Die Sonne scheint. Der Himmel ist blau. Der Kater r\u00e4kelt sich in der Sonne. <\/p>\n\n\n\n<p>Ja, heute ist tats\u00e4chlich der 24. 12. .. La Buena Noche.. Heiliger Abend. <\/p>\n\n\n\n<p>Der schicke open air &#8211; unter Freiem Himmel- am Strand &#8230;Club \u00f6ffnet gegen 23 Uhr 30&#8230; Super.. Also nix oh Tannenbaum, hier gibt es Palmen&#8230; und die Brandung rauscht&#8230; Wo immer Ihr seid &#8211; Habt eine gute Zeit&#8230; <\/p>\n\n\n\n<p><\/p>\n\n\n\n<p>Wir sehn uns.. <\/p>\n","protected":false},"excerpt":{"rendered":"<p>An das ganz gro\u00dfe Gl\u00fcck eines neuen Jahres glauben.. ?? Oder wie die Spanier auch gerne sagen &#8211; &#8222;Felices Fiestas&#8220; &#8211; da sind dann all die Winterfeste&#8230; Weihnachten, Neues Jahr und der 6. Januar &#8211; da werden hier auf den Kanaren die Geschenke verschenkt&#8230; drin enthalten.. Alles hier bei 25 Grad und sch\u00f6nstem Sommerwetter nicht&hellip; <a class=\"more-link\" href=\"https:\/\/feminissima.de\/index.php\/2022\/12\/24\/mehr-denn-je-feliz-nuevo-ano\/\"><span class=\"screen-reader-text\">Mehr denn je &#8222;Feliz nuevo Ano.. ?<\/span> weiterlesen<\/a><\/p>\n","protected":false},"author":3,"featured_media":0,"comment_status":"closed","ping_status":"closed","sticky":false,"template":"","format":"standard","meta":{"footnotes":""},"categories":[6],"tags":[],"class_list":["post-88676","post","type-post","status-publish","format-standard","hentry","category-femleben","entry"],"yoast_head":"<!-- This site is optimized with the Yoast SEO plugin v21.0 - https:\/\/yoast.com\/wordpress\/plugins\/seo\/ -->\n<title>Mehr denn je &quot;Feliz nuevo Ano.. ? - Feminissima<\/title>\n<meta name=\"robots\" content=\"index, follow, max-snippet:-1, max-image-preview:large, max-video-preview:-1\" \/>\n<link rel=\"canonical\" href=\"https:\/\/feminissima.de\/index.php\/2022\/12\/24\/mehr-denn-je-feliz-nuevo-ano\/\" \/>\n<meta property=\"og:locale\" content=\"de_DE\" \/>\n<meta property=\"og:type\" content=\"article\" \/>\n<meta property=\"og:title\" content=\"Mehr denn je &quot;Feliz nuevo Ano.. ? - Feminissima\" \/>\n<meta property=\"og:description\" content=\"An das ganz gro\u00dfe Gl\u00fcck eines neuen Jahres glauben.. ?? Oder wie die Spanier auch gerne sagen &#8211; &#8222;Felices Fiestas&#8220; &#8211; da sind dann all die Winterfeste&#8230; Weihnachten, Neues Jahr und der 6. Januar &#8211; da werden hier auf den Kanaren die Geschenke verschenkt&#8230; drin enthalten.. Alles hier bei 25 Grad und sch\u00f6nstem Sommerwetter nicht&hellip; Mehr denn je &#8222;Feliz nuevo Ano.. ? weiterlesen\" \/>\n<meta property=\"og:url\" content=\"https:\/\/feminissima.de\/index.php\/2022\/12\/24\/mehr-denn-je-feliz-nuevo-ano\/\" \/>\n<meta property=\"og:site_name\" content=\"Feminissima\" \/>\n<meta property=\"article:published_time\" content=\"2022-12-24T12:08:15+00:00\" \/>\n<meta name=\"author\" content=\"fem\" \/>\n<meta name=\"twitter:card\" content=\"summary_large_image\" \/>\n<meta name=\"twitter:label1\" content=\"Verfasst von\" \/>\n\t<meta name=\"twitter:data1\" content=\"fem\" \/>\n\t<meta name=\"twitter:label2\" content=\"Gesch\u00e4tzte Lesezeit\" \/>\n\t<meta name=\"twitter:data2\" content=\"1\u00a0Minute\" \/>\n<script type=\"application\/ld+json\" class=\"yoast-schema-graph\">{\"@context\":\"https:\/\/schema.org\",\"@graph\":[{\"@type\":\"WebPage\",\"@id\":\"https:\/\/feminissima.de\/index.php\/2022\/12\/24\/mehr-denn-je-feliz-nuevo-ano\/\",\"url\":\"https:\/\/feminissima.de\/index.php\/2022\/12\/24\/mehr-denn-je-feliz-nuevo-ano\/\",\"name\":\"Mehr denn je \\\"Feliz nuevo Ano.. ? - Feminissima\",\"isPartOf\":{\"@id\":\"https:\/\/feminissima.de\/#website\"},\"datePublished\":\"2022-12-24T12:08:15+00:00\",\"dateModified\":\"2022-12-24T12:08:15+00:00\",\"author\":{\"@id\":\"https:\/\/feminissima.de\/#\/schema\/person\/5dea0fc707e9da59266a47da2f9a8210\"},\"breadcrumb\":{\"@id\":\"https:\/\/feminissima.de\/index.php\/2022\/12\/24\/mehr-denn-je-feliz-nuevo-ano\/#breadcrumb\"},\"inLanguage\":\"de\",\"potentialAction\":[{\"@type\":\"ReadAction\",\"target\":[\"https:\/\/feminissima.de\/index.php\/2022\/12\/24\/mehr-denn-je-feliz-nuevo-ano\/\"]}]},{\"@type\":\"BreadcrumbList\",\"@id\":\"https:\/\/feminissima.de\/index.php\/2022\/12\/24\/mehr-denn-je-feliz-nuevo-ano\/#breadcrumb\",\"itemListElement\":[{\"@type\":\"ListItem\",\"position\":1,\"name\":\"Startseite\",\"item\":\"https:\/\/feminissima.de\/\"},{\"@type\":\"ListItem\",\"position\":2,\"name\":\"Mehr denn je &#8222;Feliz nuevo Ano.. ?\"}]},{\"@type\":\"WebSite\",\"@id\":\"https:\/\/feminissima.de\/#website\",\"url\":\"https:\/\/feminissima.de\/\",\"name\":\"Feminissima\",\"description\":\"\",\"potentialAction\":[{\"@type\":\"SearchAction\",\"target\":{\"@type\":\"EntryPoint\",\"urlTemplate\":\"https:\/\/feminissima.de\/?s={search_term_string}\"},\"query-input\":\"required name=search_term_string\"}],\"inLanguage\":\"de\"},{\"@type\":\"Person\",\"@id\":\"https:\/\/feminissima.de\/#\/schema\/person\/5dea0fc707e9da59266a47da2f9a8210\",\"name\":\"fem\",\"image\":{\"@type\":\"ImageObject\",\"inLanguage\":\"de\",\"@id\":\"https:\/\/feminissima.de\/#\/schema\/person\/image\/\",\"url\":\"https:\/\/secure.gravatar.com\/avatar\/892e878e26ee6e7c1689c0b5183da4949c35fb291d0554f021db478bb42e3226?s=96&d=mm&r=g\",\"contentUrl\":\"https:\/\/secure.gravatar.com\/avatar\/892e878e26ee6e7c1689c0b5183da4949c35fb291d0554f021db478bb42e3226?s=96&d=mm&r=g\",\"caption\":\"fem\"},\"url\":\"https:\/\/feminissima.de\/index.php\/author\/fem\/\"}]}<\/script>\n<!-- \/ Yoast SEO plugin. -->","yoast_head_json":{"title":"Mehr denn je \"Feliz nuevo Ano.. ? - Feminissima","robots":{"index":"index","follow":"follow","max-snippet":"max-snippet:-1","max-image-preview":"max-image-preview:large","max-video-preview":"max-video-preview:-1"},"canonical":"https:\/\/feminissima.de\/index.php\/2022\/12\/24\/mehr-denn-je-feliz-nuevo-ano\/","og_locale":"de_DE","og_type":"article","og_title":"Mehr denn je \"Feliz nuevo Ano.. ? - Feminissima","og_description":"An das ganz gro\u00dfe Gl\u00fcck eines neuen Jahres glauben.. ?? Oder wie die Spanier auch gerne sagen &#8211; &#8222;Felices Fiestas&#8220; &#8211; da sind dann all die Winterfeste&#8230; Weihnachten, Neues Jahr und der 6. Januar &#8211; da werden hier auf den Kanaren die Geschenke verschenkt&#8230; drin enthalten.. Alles hier bei 25 Grad und sch\u00f6nstem Sommerwetter nicht&hellip; Mehr denn je &#8222;Feliz nuevo Ano.. ? weiterlesen","og_url":"https:\/\/feminissima.de\/index.php\/2022\/12\/24\/mehr-denn-je-feliz-nuevo-ano\/","og_site_name":"Feminissima","article_published_time":"2022-12-24T12:08:15+00:00","author":"fem","twitter_card":"summary_large_image","twitter_misc":{"Verfasst von":"fem","Gesch\u00e4tzte Lesezeit":"1\u00a0Minute"},"schema":{"@context":"https:\/\/schema.org","@graph":[{"@type":"WebPage","@id":"https:\/\/feminissima.de\/index.php\/2022\/12\/24\/mehr-denn-je-feliz-nuevo-ano\/","url":"https:\/\/feminissima.de\/index.php\/2022\/12\/24\/mehr-denn-je-feliz-nuevo-ano\/","name":"Mehr denn je \"Feliz nuevo Ano.. ? - Feminissima","isPartOf":{"@id":"https:\/\/feminissima.de\/#website"},"datePublished":"2022-12-24T12:08:15+00:00","dateModified":"2022-12-24T12:08:15+00:00","author":{"@id":"https:\/\/feminissima.de\/#\/schema\/person\/5dea0fc707e9da59266a47da2f9a8210"},"breadcrumb":{"@id":"https:\/\/feminissima.de\/index.php\/2022\/12\/24\/mehr-denn-je-feliz-nuevo-ano\/#breadcrumb"},"inLanguage":"de","potentialAction":[{"@type":"ReadAction","target":["https:\/\/feminissima.de\/index.php\/2022\/12\/24\/mehr-denn-je-feliz-nuevo-ano\/"]}]},{"@type":"BreadcrumbList","@id":"https:\/\/feminissima.de\/index.php\/2022\/12\/24\/mehr-denn-je-feliz-nuevo-ano\/#breadcrumb","itemListElement":[{"@type":"ListItem","position":1,"name":"Startseite","item":"https:\/\/feminissima.de\/"},{"@type":"ListItem","position":2,"name":"Mehr denn je &#8222;Feliz nuevo Ano.. ?"}]},{"@type":"WebSite","@id":"https:\/\/feminissima.de\/#website","url":"https:\/\/feminissima.de\/","name":"Feminissima","description":"","potentialAction":[{"@type":"SearchAction","target":{"@type":"EntryPoint","urlTemplate":"https:\/\/feminissima.de\/?s={search_term_string}"},"query-input":"required name=search_term_string"}],"inLanguage":"de"},{"@type":"Person","@id":"https:\/\/feminissima.de\/#\/schema\/person\/5dea0fc707e9da59266a47da2f9a8210","name":"fem","image":{"@type":"ImageObject","inLanguage":"de","@id":"https:\/\/feminissima.de\/#\/schema\/person\/image\/","url":"https:\/\/secure.gravatar.com\/avatar\/892e878e26ee6e7c1689c0b5183da4949c35fb291d0554f021db478bb42e3226?s=96&d=mm&r=g","contentUrl":"https:\/\/secure.gravatar.com\/avatar\/892e878e26ee6e7c1689c0b5183da4949c35fb291d0554f021db478bb42e3226?s=96&d=mm&r=g","caption":"fem"},"url":"https:\/\/feminissima.de\/index.php\/author\/fem\/"}]}},"jetpack_featured_media_url":"","_links":{"self":[{"href":"https:\/\/feminissima.de\/index.php\/wp-json\/wp\/v2\/posts\/88676","targetHints":{"allow":["GET"]}}],"collection":[{"href":"https:\/\/feminissima.de\/index.php\/wp-json\/wp\/v2\/posts"}],"about":[{"href":"https:\/\/feminissima.de\/index.php\/wp-json\/wp\/v2\/types\/post"}],"author":[{"embeddable":true,"href":"https:\/\/feminissima.de\/index.php\/wp-json\/wp\/v2\/users\/3"}],"replies":[{"embeddable":true,"href":"https:\/\/feminissima.de\/index.php\/wp-json\/wp\/v2\/comments?post=88676"}],"version-history":[{"count":0,"href":"https:\/\/feminissima.de\/index.php\/wp-json\/wp\/v2\/posts\/88676\/revisions"}],"wp:attachment":[{"href":"https:\/\/feminissima.de\/index.php\/wp-json\/wp\/v2\/media?parent=88676"}],"wp:term":[{"taxonomy":"category","embeddable":true,"href":"https:\/\/feminissima.de\/index.php\/wp-json\/wp\/v2\/categories?post=88676"},{"taxonomy":"post_tag","embeddable":true,"href":"https:\/\/feminissima.de\/index.php\/wp-json\/wp\/v2\/tags?post=88676"}],"curies":[{"name":"wp","href":"https:\/\/api.w.org\/{rel}","templated":true}]}}