{"id":88643,"date":"2022-12-20T18:43:59","date_gmt":"2022-12-20T16:43:59","guid":{"rendered":"https:\/\/www.feminissima.de\/?p=88643"},"modified":"2022-12-20T18:43:59","modified_gmt":"2022-12-20T16:43:59","slug":"boris-becker-heute-abend-20-uhr-15-im-interview-sat-1","status":"publish","type":"post","link":"https:\/\/feminissima.de\/index.php\/2022\/12\/20\/boris-becker-heute-abend-20-uhr-15-im-interview-sat-1\/","title":{"rendered":"Boris Becker &#8211; heute Abend 20 Uhr 15 im Interview SAT.1"},"content":{"rendered":"\n<p>Anschauen oder nicht ? Voyeuristisch? Oder Anteilnahme.. ? Taschentuch bereit? F\u00fcr alle F\u00e4lle.. ? Das Gl\u00fccksgef\u00fchl der neuen Freiheit mit ihm teilen&#8230; ! Es sei ihm von Herzen geg\u00f6nnt.  Und auch, er ist und bleibt halt Deutschlands Tennislegende.. &#8211; das &#8222;Bobbele&#8220; von damals&#8230; ja, dass er in den letzten Tagen rund 1 Million verdient hat, wird die Gl\u00e4ubiger und auch Boris und Familie freuen&#8230; Mas que nada! <\/p>\n\n\n\n<p>16 hr 43 auf Teneriffa. Sonne, blauer Himmel, warm. <\/p>\n\n\n\n<p>21.12 &#8211; ^^^^^^^^^^^^^^^^^^^^^^^^^^^^^^Nein, wir haben nicht geschaut. W\u00e4re doch zu voyeuristisch erschienen. Stattdessen unten im Hafenst\u00e4dtchen Puerto de la Cruz der so sch\u00f6nen Stimme einer spanischen S\u00e4ngerin gelauscht. Mehr \u00fcber diese junge Frau &#8211; mit einer so grandiosen Stimme &#8211; als FEMINISSIMA sie erstmals im Mai h\u00f6rte, liefen ihr die Tr\u00e4nen die geschminkten Wangen runter.. so, wie diese &#8218;Person&#8216;.. liebevoll gemeint.. &#8222;Schau mich bitte nicht so an&#8220; auf Franz\u00f6sisch sang. La vie en rose.. Optisch &#8222;widerspricht&#8220; sie allen looks. Und ja, es spielt ja auch \u00fcberhaupt keine Rolle &#8211; remember ADELE! Die leider anfangs wegen ihres \u00dcbergewichts seinerzeit vom STERN niedergemacht worden war.  Guten Morgen &#8211; 4 Uhr 31 auf Teneriffa. <\/p>\n","protected":false},"excerpt":{"rendered":"<p>Anschauen oder nicht ? Voyeuristisch? Oder Anteilnahme.. ? Taschentuch bereit? F\u00fcr alle F\u00e4lle.. ? Das Gl\u00fccksgef\u00fchl der neuen Freiheit mit ihm teilen&#8230; ! Es sei ihm von Herzen geg\u00f6nnt. Und auch, er ist und bleibt halt Deutschlands Tennislegende.. &#8211; das &#8222;Bobbele&#8220; von damals&#8230; ja, dass er in den letzten Tagen rund 1 Million verdient hat,&hellip; <a class=\"more-link\" href=\"https:\/\/feminissima.de\/index.php\/2022\/12\/20\/boris-becker-heute-abend-20-uhr-15-im-interview-sat-1\/\"><span class=\"screen-reader-text\">Boris Becker &#8211; heute Abend 20 Uhr 15 im Interview SAT.1<\/span> weiterlesen<\/a><\/p>\n","protected":false},"author":3,"featured_media":0,"comment_status":"closed","ping_status":"closed","sticky":false,"template":"","format":"standard","meta":{"footnotes":""},"categories":[6],"tags":[],"class_list":["post-88643","post","type-post","status-publish","format-standard","hentry","category-femleben","entry"],"yoast_head":"<!-- This site is optimized with the Yoast SEO plugin v21.0 - https:\/\/yoast.com\/wordpress\/plugins\/seo\/ -->\n<title>Boris Becker - heute Abend 20 Uhr 15 im Interview SAT.1 - Feminissima<\/title>\n<meta name=\"robots\" content=\"index, follow, max-snippet:-1, max-image-preview:large, max-video-preview:-1\" \/>\n<link rel=\"canonical\" href=\"https:\/\/feminissima.de\/index.php\/2022\/12\/20\/boris-becker-heute-abend-20-uhr-15-im-interview-sat-1\/\" \/>\n<meta property=\"og:locale\" content=\"de_DE\" \/>\n<meta property=\"og:type\" content=\"article\" \/>\n<meta property=\"og:title\" content=\"Boris Becker - heute Abend 20 Uhr 15 im Interview SAT.1 - Feminissima\" \/>\n<meta property=\"og:description\" content=\"Anschauen oder nicht ? Voyeuristisch? Oder Anteilnahme.. ? Taschentuch bereit? F\u00fcr alle F\u00e4lle.. ? Das Gl\u00fccksgef\u00fchl der neuen Freiheit mit ihm teilen&#8230; ! Es sei ihm von Herzen geg\u00f6nnt. Und auch, er ist und bleibt halt Deutschlands Tennislegende.. &#8211; das &#8222;Bobbele&#8220; von damals&#8230; ja, dass er in den letzten Tagen rund 1 Million verdient hat,&hellip; Boris Becker &#8211; heute Abend 20 Uhr 15 im Interview SAT.1 weiterlesen\" \/>\n<meta property=\"og:url\" content=\"https:\/\/feminissima.de\/index.php\/2022\/12\/20\/boris-becker-heute-abend-20-uhr-15-im-interview-sat-1\/\" \/>\n<meta property=\"og:site_name\" content=\"Feminissima\" \/>\n<meta property=\"article:published_time\" content=\"2022-12-20T16:43:59+00:00\" \/>\n<meta name=\"author\" content=\"fem\" \/>\n<meta name=\"twitter:card\" content=\"summary_large_image\" \/>\n<meta name=\"twitter:label1\" content=\"Verfasst von\" \/>\n\t<meta name=\"twitter:data1\" content=\"fem\" \/>\n\t<meta name=\"twitter:label2\" content=\"Gesch\u00e4tzte Lesezeit\" \/>\n\t<meta name=\"twitter:data2\" content=\"1\u00a0Minute\" \/>\n<script type=\"application\/ld+json\" class=\"yoast-schema-graph\">{\"@context\":\"https:\/\/schema.org\",\"@graph\":[{\"@type\":\"WebPage\",\"@id\":\"https:\/\/feminissima.de\/index.php\/2022\/12\/20\/boris-becker-heute-abend-20-uhr-15-im-interview-sat-1\/\",\"url\":\"https:\/\/feminissima.de\/index.php\/2022\/12\/20\/boris-becker-heute-abend-20-uhr-15-im-interview-sat-1\/\",\"name\":\"Boris Becker - heute Abend 20 Uhr 15 im Interview SAT.1 - Feminissima\",\"isPartOf\":{\"@id\":\"https:\/\/feminissima.de\/#website\"},\"datePublished\":\"2022-12-20T16:43:59+00:00\",\"dateModified\":\"2022-12-20T16:43:59+00:00\",\"author\":{\"@id\":\"https:\/\/feminissima.de\/#\/schema\/person\/5dea0fc707e9da59266a47da2f9a8210\"},\"breadcrumb\":{\"@id\":\"https:\/\/feminissima.de\/index.php\/2022\/12\/20\/boris-becker-heute-abend-20-uhr-15-im-interview-sat-1\/#breadcrumb\"},\"inLanguage\":\"de\",\"potentialAction\":[{\"@type\":\"ReadAction\",\"target\":[\"https:\/\/feminissima.de\/index.php\/2022\/12\/20\/boris-becker-heute-abend-20-uhr-15-im-interview-sat-1\/\"]}]},{\"@type\":\"BreadcrumbList\",\"@id\":\"https:\/\/feminissima.de\/index.php\/2022\/12\/20\/boris-becker-heute-abend-20-uhr-15-im-interview-sat-1\/#breadcrumb\",\"itemListElement\":[{\"@type\":\"ListItem\",\"position\":1,\"name\":\"Startseite\",\"item\":\"https:\/\/feminissima.de\/\"},{\"@type\":\"ListItem\",\"position\":2,\"name\":\"Boris Becker &#8211; heute Abend 20 Uhr 15 im Interview SAT.1\"}]},{\"@type\":\"WebSite\",\"@id\":\"https:\/\/feminissima.de\/#website\",\"url\":\"https:\/\/feminissima.de\/\",\"name\":\"Feminissima\",\"description\":\"\",\"potentialAction\":[{\"@type\":\"SearchAction\",\"target\":{\"@type\":\"EntryPoint\",\"urlTemplate\":\"https:\/\/feminissima.de\/?s={search_term_string}\"},\"query-input\":\"required name=search_term_string\"}],\"inLanguage\":\"de\"},{\"@type\":\"Person\",\"@id\":\"https:\/\/feminissima.de\/#\/schema\/person\/5dea0fc707e9da59266a47da2f9a8210\",\"name\":\"fem\",\"image\":{\"@type\":\"ImageObject\",\"inLanguage\":\"de\",\"@id\":\"https:\/\/feminissima.de\/#\/schema\/person\/image\/\",\"url\":\"https:\/\/secure.gravatar.com\/avatar\/892e878e26ee6e7c1689c0b5183da4949c35fb291d0554f021db478bb42e3226?s=96&d=mm&r=g\",\"contentUrl\":\"https:\/\/secure.gravatar.com\/avatar\/892e878e26ee6e7c1689c0b5183da4949c35fb291d0554f021db478bb42e3226?s=96&d=mm&r=g\",\"caption\":\"fem\"},\"url\":\"https:\/\/feminissima.de\/index.php\/author\/fem\/\"}]}<\/script>\n<!-- \/ Yoast SEO plugin. -->","yoast_head_json":{"title":"Boris Becker - heute Abend 20 Uhr 15 im Interview SAT.1 - Feminissima","robots":{"index":"index","follow":"follow","max-snippet":"max-snippet:-1","max-image-preview":"max-image-preview:large","max-video-preview":"max-video-preview:-1"},"canonical":"https:\/\/feminissima.de\/index.php\/2022\/12\/20\/boris-becker-heute-abend-20-uhr-15-im-interview-sat-1\/","og_locale":"de_DE","og_type":"article","og_title":"Boris Becker - heute Abend 20 Uhr 15 im Interview SAT.1 - Feminissima","og_description":"Anschauen oder nicht ? Voyeuristisch? Oder Anteilnahme.. ? Taschentuch bereit? F\u00fcr alle F\u00e4lle.. ? Das Gl\u00fccksgef\u00fchl der neuen Freiheit mit ihm teilen&#8230; ! Es sei ihm von Herzen geg\u00f6nnt. Und auch, er ist und bleibt halt Deutschlands Tennislegende.. &#8211; das &#8222;Bobbele&#8220; von damals&#8230; ja, dass er in den letzten Tagen rund 1 Million verdient hat,&hellip; Boris Becker &#8211; heute Abend 20 Uhr 15 im Interview SAT.1 weiterlesen","og_url":"https:\/\/feminissima.de\/index.php\/2022\/12\/20\/boris-becker-heute-abend-20-uhr-15-im-interview-sat-1\/","og_site_name":"Feminissima","article_published_time":"2022-12-20T16:43:59+00:00","author":"fem","twitter_card":"summary_large_image","twitter_misc":{"Verfasst von":"fem","Gesch\u00e4tzte Lesezeit":"1\u00a0Minute"},"schema":{"@context":"https:\/\/schema.org","@graph":[{"@type":"WebPage","@id":"https:\/\/feminissima.de\/index.php\/2022\/12\/20\/boris-becker-heute-abend-20-uhr-15-im-interview-sat-1\/","url":"https:\/\/feminissima.de\/index.php\/2022\/12\/20\/boris-becker-heute-abend-20-uhr-15-im-interview-sat-1\/","name":"Boris Becker - heute Abend 20 Uhr 15 im Interview SAT.1 - Feminissima","isPartOf":{"@id":"https:\/\/feminissima.de\/#website"},"datePublished":"2022-12-20T16:43:59+00:00","dateModified":"2022-12-20T16:43:59+00:00","author":{"@id":"https:\/\/feminissima.de\/#\/schema\/person\/5dea0fc707e9da59266a47da2f9a8210"},"breadcrumb":{"@id":"https:\/\/feminissima.de\/index.php\/2022\/12\/20\/boris-becker-heute-abend-20-uhr-15-im-interview-sat-1\/#breadcrumb"},"inLanguage":"de","potentialAction":[{"@type":"ReadAction","target":["https:\/\/feminissima.de\/index.php\/2022\/12\/20\/boris-becker-heute-abend-20-uhr-15-im-interview-sat-1\/"]}]},{"@type":"BreadcrumbList","@id":"https:\/\/feminissima.de\/index.php\/2022\/12\/20\/boris-becker-heute-abend-20-uhr-15-im-interview-sat-1\/#breadcrumb","itemListElement":[{"@type":"ListItem","position":1,"name":"Startseite","item":"https:\/\/feminissima.de\/"},{"@type":"ListItem","position":2,"name":"Boris Becker &#8211; heute Abend 20 Uhr 15 im Interview SAT.1"}]},{"@type":"WebSite","@id":"https:\/\/feminissima.de\/#website","url":"https:\/\/feminissima.de\/","name":"Feminissima","description":"","potentialAction":[{"@type":"SearchAction","target":{"@type":"EntryPoint","urlTemplate":"https:\/\/feminissima.de\/?s={search_term_string}"},"query-input":"required name=search_term_string"}],"inLanguage":"de"},{"@type":"Person","@id":"https:\/\/feminissima.de\/#\/schema\/person\/5dea0fc707e9da59266a47da2f9a8210","name":"fem","image":{"@type":"ImageObject","inLanguage":"de","@id":"https:\/\/feminissima.de\/#\/schema\/person\/image\/","url":"https:\/\/secure.gravatar.com\/avatar\/892e878e26ee6e7c1689c0b5183da4949c35fb291d0554f021db478bb42e3226?s=96&d=mm&r=g","contentUrl":"https:\/\/secure.gravatar.com\/avatar\/892e878e26ee6e7c1689c0b5183da4949c35fb291d0554f021db478bb42e3226?s=96&d=mm&r=g","caption":"fem"},"url":"https:\/\/feminissima.de\/index.php\/author\/fem\/"}]}},"jetpack_featured_media_url":"","_links":{"self":[{"href":"https:\/\/feminissima.de\/index.php\/wp-json\/wp\/v2\/posts\/88643","targetHints":{"allow":["GET"]}}],"collection":[{"href":"https:\/\/feminissima.de\/index.php\/wp-json\/wp\/v2\/posts"}],"about":[{"href":"https:\/\/feminissima.de\/index.php\/wp-json\/wp\/v2\/types\/post"}],"author":[{"embeddable":true,"href":"https:\/\/feminissima.de\/index.php\/wp-json\/wp\/v2\/users\/3"}],"replies":[{"embeddable":true,"href":"https:\/\/feminissima.de\/index.php\/wp-json\/wp\/v2\/comments?post=88643"}],"version-history":[{"count":0,"href":"https:\/\/feminissima.de\/index.php\/wp-json\/wp\/v2\/posts\/88643\/revisions"}],"wp:attachment":[{"href":"https:\/\/feminissima.de\/index.php\/wp-json\/wp\/v2\/media?parent=88643"}],"wp:term":[{"taxonomy":"category","embeddable":true,"href":"https:\/\/feminissima.de\/index.php\/wp-json\/wp\/v2\/categories?post=88643"},{"taxonomy":"post_tag","embeddable":true,"href":"https:\/\/feminissima.de\/index.php\/wp-json\/wp\/v2\/tags?post=88643"}],"curies":[{"name":"wp","href":"https:\/\/api.w.org\/{rel}","templated":true}]}}