{"id":88621,"date":"2022-12-20T12:41:57","date_gmt":"2022-12-20T10:41:57","guid":{"rendered":"https:\/\/www.feminissima.de\/?p=88621"},"modified":"2022-12-20T12:41:57","modified_gmt":"2022-12-20T10:41:57","slug":"bizarres-am-morgen-boris-knast-hat-ihm-gutgetanuvm","status":"publish","type":"post","link":"https:\/\/feminissima.de\/index.php\/2022\/12\/20\/bizarres-am-morgen-boris-knast-hat-ihm-gutgetanuvm\/","title":{"rendered":"Bizarres am Morgen&#8230;.Boris &#8211; Knast hat ihm &#8222;gutgetan?&#8220;uvm"},"content":{"rendered":"\n<p>&#8230;..kleines Update &#8230; Die Tippfehler werden gerade dezent des Hauses verwiesen&#8230; .. 11 Uhr 08 .. Teneriffa&#8230;..gleich sind noch die letzten dran.. die verstecken sich immer so listig&#8230; 11 Uhr 19&#8230; <\/p>\n\n\n\n<p><\/p>\n\n\n\n<p><\/p>\n\n\n\n<p><\/p>\n\n\n\n<p><\/p>\n\n\n\n<p>Willkommen, Dearies und Dears&#8230; ja, &#8222;Weihnachtszeit sei Lesezeit&#8220; &#8211; hei\u00dft es dieses Jahr so t\u00e4glich wie selten zuvor&#8230; Leider bleiben Auge und Geist aber nicht von TV-Trash und Yellow-Press &#8211; &#8222;Lesematerial&#8220; verschont.. Boris&#8216; kiloschwere Augens\u00e4cke wie verschwunden, und der prollige kanariengelbe Mecki-Schnitt ist einem &#8222;normalen&#8220; Mittelblond und einer &#8222;Frisur&#8220; gewichen.. tja..er sieht glatt 20 Jahre j\u00fcnger aus, jedenfalls nicht so viel \u00e4lter, als er eigentlich ist, wenn er so prollig-voll-verlebt mit den stets nie \u00e4lter-werdenden-neuen-Frauchen Hand in Hand daherkommt,  und dass ein deutscher Dauer-Mittel-Ma\u00df-Moderator .. deren Namen behalten wir uns nie, wozu auch.. damit aufschneidet: &#8211; &#8222;Ich hab Boris im Knast besucht&#8220; &#8211; gibt nat\u00fcrlich der Behausung nat\u00fclich eine v\u00f6llig neue Bedeutung. Aber damit ist es ja nun vorbei. Abgeschoben und damit straffrei. Mu\u00df man sich merken.. Und er will  nat\u00fcrlich! &#8211; was sonst! &#8211; gleich heiraten. Mehr f\u00e4llt der Yellow Press auch nicht ein.  Und die halbe Millon Euro f\u00fcrs erste Interview &#8222;im Knast gewesen zu sein&#8220; &#8211; mu\u00df der Boris die nun auch nicht mehr in London zur\u00fcckzahlen.. ?? <\/p>\n\n\n\n<p><\/p>\n\n\n\n<p>In Germany gibt es ja auch so super-Lebens-Jobs-Modelle.. Die erst jetzt so richtig publik geworden sind. Twitter sei gedankt.. mu\u00df auch mal gesagt werden&#8230; dass man endlich begreift, dass es tats\u00e4chlich keinerlei  .. KEINE! Bedingung gibt, um &#8222;Berufspolitiker&#8220; zu werden. Du brauchst null Qualifikation, au\u00dfer, den W\u00e4hler hinters Licht zu f\u00fchren, vor der Wahl, und Dich m\u00f6glichst gleich nach der Geburt in ne Partei als Mitglied eintragen lassen.. <\/p>\n\n\n\n<p>W\u00e4hrend also der gemeine Arbeitslose von H4 darben mu\u00df, machen sich findige berufslose junge Damen und Herren ein feines Leben via einer Partei rein in den Bundestag: und streichen ab sofort 10.000 Euro pro Monat ein. <\/p>\n\n\n\n<p>Ganz besonders beliebte Berufswahl bei &lt;&lt;Studienabbrechern&gt;&gt;, ob SPD oder GR\u00dcN &#8211; und die schnacken dann ungest\u00f6rt dumm T\u00fcch in Talk-Shows der \u00d6ffentlich-Rechtlichen vor sich hin. Oh, by the way &#8211; eine andere ehemalige Studienabbrecherin &#8211; CLAUDIA ROTH &#8211; nun zum Gipfel ihrer Inkompetenz dank &#8222;Partei&#8220; aufgestiegen, als &#8222;Kulturstaatsministerin&#8220; &#8211; nat\u00fcrlich nach dem Debakel DOCUMENTA &#8211; nicht zur\u00fcckgetreten, moniert sie die Selbstbedienungsmentalit\u00e4t der &#8222;Intendanten&#8220; und bei anderen h\u00f6her Angesiedelten per JobKarussell.. spricht sie von &#8222;hohem Reformbedarf&#8220;. Ein Begriff der Ungebildeten &#8211; die sonst keinen Sprachschatz zur Verf\u00fcgung haben, au\u00dfer dem \u00fcblichen ausgeleierten Dauer-Polit-Wie-immer-Langweiler: &#8222;Reformbedarf&#8220;&#8230; hahaha&#8230; Sagt ausgerechnet die Claudia!  <\/p>\n\n\n\n<p>&lt;&lt;<\/p>\n\n\n\n<p>Oh &#8211; und heute &#8211; eben, vorhin &#8211; der &#8222;Messie&#8220; hat wohl nichts mit der deutschen Bedeutung von &#8222;Messie&#8220; zu tun, also der Fu\u00dfballspieler, WM und so &#8211; soll einen Wagen f\u00fcr mehrere Millionen Euro besitzen&#8230; Na, da wissen wir doch endlich &#8211; wohin die Millionen im Millionenbusiness Fu\u00dfball flie\u00dfen.. jedenfalls nicht in Bildung.. <\/p>\n\n\n\n<p>&lt;&lt; Noch ein begl\u00fcckter Satz vor dem Fr\u00fchst\u00fcck &#8211;  Da existieren jenseits Eurer FEMINISSIMA doch tats\u00e4chlich noch Menschen im rechtsgerichteten Deutschland &#8211; denen der \u00d6RR zu rechts ist. Man will den Leuten.. wer und welchen Leuten.. ? ja st\u00e4ndig ..so war auch ein Trend auf Twitter &#8211; winke-winke..! wie sch\u00f6n, befreit zu sein, endlich..! &#8211; von der Plattform, die mal so unwiderstehlich war &#8211; einreden, der \u00d6RR sei zu links.. NEIN-  er ist zu rechts. Und vorhin gerade gelesen, daher dieser begl\u00fcckte Satz .. du bist nicht allein in Deinem Empfinden, der \u00d6RR sei zu rechts und partei-h\u00f6rig&#8230; Na prima.. endlich mal wieder .. ..! Das Denken und Empfinden nicht durch Worth\u00fclsen zerst\u00f6ren lassen.. Und jetzt ..mmhhh&#8230; Kaffeeduft &#8230;.. ! <\/p>\n\n\n\n<p><\/p>\n\n\n\n<p><\/p>\n\n\n\n<p><\/p>\n\n\n\n<p>Teneriffa. Die Sonne scheint. Die W\u00e4rme &#8230; wunderbar.. ! Kommt gut durch den Tag.. <\/p>\n\n\n\n<p><\/p>\n\n\n\n<p>L\u00fcttes PS  \u00fcber die haarstr\u00e4ubende Verlogenheit und Egozentrik, Machtbesessenheit in der neuen schrecklichen Ampel &#8211; da geht der aktuelle Teil-Gr\u00fcnen-Parteivorsitzende, geb\u00fcrtiger Iraner, wie man jetzt in diesen Tagen immer wieder erfahren mu\u00df, als w\u00e4re es eine auszeichnende Qualifikation, ja, wie dumm ist dieser 47J\u00e4hrige eigentlich, wenn er zu Protokoll gibt &#8211; der Stress (in der Ampel?) sei so erbarmungslos, dass er nicht nur sein Long-Covid verschwiegen habe, sondern auch, dass er 3 Monate Vater-Urlaub genommen habe &#8211; &#8222;War die H\u00f6lle, denn keine sollte merken, dass ich nicht da war!&#8220;  Das zum Vorbild-Charakter von Politik&#8230;. &#8230;<\/p>\n","protected":false},"excerpt":{"rendered":"<p>&#8230;..kleines Update &#8230; Die Tippfehler werden gerade dezent des Hauses verwiesen&#8230; .. 11 Uhr 08 .. Teneriffa&#8230;..gleich sind noch die letzten dran.. die verstecken sich immer so listig&#8230; 11 Uhr 19&#8230; Willkommen, Dearies und Dears&#8230; ja, &#8222;Weihnachtszeit sei Lesezeit&#8220; &#8211; hei\u00dft es dieses Jahr so t\u00e4glich wie selten zuvor&#8230; Leider bleiben Auge und Geist aber&hellip; <a class=\"more-link\" href=\"https:\/\/feminissima.de\/index.php\/2022\/12\/20\/bizarres-am-morgen-boris-knast-hat-ihm-gutgetanuvm\/\"><span class=\"screen-reader-text\">Bizarres am Morgen&#8230;.Boris &#8211; Knast hat ihm &#8222;gutgetan?&#8220;uvm<\/span> weiterlesen<\/a><\/p>\n","protected":false},"author":3,"featured_media":0,"comment_status":"closed","ping_status":"closed","sticky":false,"template":"","format":"standard","meta":{"footnotes":""},"categories":[6],"tags":[],"class_list":["post-88621","post","type-post","status-publish","format-standard","hentry","category-femleben","entry"],"yoast_head":"<!-- This site is optimized with the Yoast SEO plugin v21.0 - https:\/\/yoast.com\/wordpress\/plugins\/seo\/ -->\n<title>Bizarres am Morgen....Boris - Knast hat ihm &quot;gutgetan?&quot;uvm - Feminissima<\/title>\n<meta name=\"robots\" content=\"index, follow, max-snippet:-1, max-image-preview:large, max-video-preview:-1\" \/>\n<link rel=\"canonical\" href=\"https:\/\/feminissima.de\/index.php\/2022\/12\/20\/bizarres-am-morgen-boris-knast-hat-ihm-gutgetanuvm\/\" \/>\n<meta property=\"og:locale\" content=\"de_DE\" \/>\n<meta property=\"og:type\" content=\"article\" \/>\n<meta property=\"og:title\" content=\"Bizarres am Morgen....Boris - Knast hat ihm &quot;gutgetan?&quot;uvm - Feminissima\" \/>\n<meta property=\"og:description\" content=\"&#8230;..kleines Update &#8230; Die Tippfehler werden gerade dezent des Hauses verwiesen&#8230; .. 11 Uhr 08 .. Teneriffa&#8230;..gleich sind noch die letzten dran.. die verstecken sich immer so listig&#8230; 11 Uhr 19&#8230; Willkommen, Dearies und Dears&#8230; ja, &#8222;Weihnachtszeit sei Lesezeit&#8220; &#8211; hei\u00dft es dieses Jahr so t\u00e4glich wie selten zuvor&#8230; Leider bleiben Auge und Geist aber&hellip; Bizarres am Morgen&#8230;.Boris &#8211; Knast hat ihm &#8222;gutgetan?&#8220;uvm weiterlesen\" \/>\n<meta property=\"og:url\" content=\"https:\/\/feminissima.de\/index.php\/2022\/12\/20\/bizarres-am-morgen-boris-knast-hat-ihm-gutgetanuvm\/\" \/>\n<meta property=\"og:site_name\" content=\"Feminissima\" \/>\n<meta property=\"article:published_time\" content=\"2022-12-20T10:41:57+00:00\" \/>\n<meta name=\"author\" content=\"fem\" \/>\n<meta name=\"twitter:card\" content=\"summary_large_image\" \/>\n<meta name=\"twitter:label1\" content=\"Verfasst von\" \/>\n\t<meta name=\"twitter:data1\" content=\"fem\" \/>\n\t<meta name=\"twitter:label2\" content=\"Gesch\u00e4tzte Lesezeit\" \/>\n\t<meta name=\"twitter:data2\" content=\"4\u00a0Minuten\" \/>\n<script type=\"application\/ld+json\" class=\"yoast-schema-graph\">{\"@context\":\"https:\/\/schema.org\",\"@graph\":[{\"@type\":\"WebPage\",\"@id\":\"https:\/\/feminissima.de\/index.php\/2022\/12\/20\/bizarres-am-morgen-boris-knast-hat-ihm-gutgetanuvm\/\",\"url\":\"https:\/\/feminissima.de\/index.php\/2022\/12\/20\/bizarres-am-morgen-boris-knast-hat-ihm-gutgetanuvm\/\",\"name\":\"Bizarres am Morgen....Boris - Knast hat ihm \\\"gutgetan?\\\"uvm - Feminissima\",\"isPartOf\":{\"@id\":\"https:\/\/feminissima.de\/#website\"},\"datePublished\":\"2022-12-20T10:41:57+00:00\",\"dateModified\":\"2022-12-20T10:41:57+00:00\",\"author\":{\"@id\":\"https:\/\/feminissima.de\/#\/schema\/person\/5dea0fc707e9da59266a47da2f9a8210\"},\"breadcrumb\":{\"@id\":\"https:\/\/feminissima.de\/index.php\/2022\/12\/20\/bizarres-am-morgen-boris-knast-hat-ihm-gutgetanuvm\/#breadcrumb\"},\"inLanguage\":\"de\",\"potentialAction\":[{\"@type\":\"ReadAction\",\"target\":[\"https:\/\/feminissima.de\/index.php\/2022\/12\/20\/bizarres-am-morgen-boris-knast-hat-ihm-gutgetanuvm\/\"]}]},{\"@type\":\"BreadcrumbList\",\"@id\":\"https:\/\/feminissima.de\/index.php\/2022\/12\/20\/bizarres-am-morgen-boris-knast-hat-ihm-gutgetanuvm\/#breadcrumb\",\"itemListElement\":[{\"@type\":\"ListItem\",\"position\":1,\"name\":\"Startseite\",\"item\":\"https:\/\/feminissima.de\/\"},{\"@type\":\"ListItem\",\"position\":2,\"name\":\"Bizarres am Morgen&#8230;.Boris &#8211; Knast hat ihm &#8222;gutgetan?&#8220;uvm\"}]},{\"@type\":\"WebSite\",\"@id\":\"https:\/\/feminissima.de\/#website\",\"url\":\"https:\/\/feminissima.de\/\",\"name\":\"Feminissima\",\"description\":\"\",\"potentialAction\":[{\"@type\":\"SearchAction\",\"target\":{\"@type\":\"EntryPoint\",\"urlTemplate\":\"https:\/\/feminissima.de\/?s={search_term_string}\"},\"query-input\":\"required name=search_term_string\"}],\"inLanguage\":\"de\"},{\"@type\":\"Person\",\"@id\":\"https:\/\/feminissima.de\/#\/schema\/person\/5dea0fc707e9da59266a47da2f9a8210\",\"name\":\"fem\",\"image\":{\"@type\":\"ImageObject\",\"inLanguage\":\"de\",\"@id\":\"https:\/\/feminissima.de\/#\/schema\/person\/image\/\",\"url\":\"https:\/\/secure.gravatar.com\/avatar\/892e878e26ee6e7c1689c0b5183da4949c35fb291d0554f021db478bb42e3226?s=96&d=mm&r=g\",\"contentUrl\":\"https:\/\/secure.gravatar.com\/avatar\/892e878e26ee6e7c1689c0b5183da4949c35fb291d0554f021db478bb42e3226?s=96&d=mm&r=g\",\"caption\":\"fem\"},\"url\":\"https:\/\/feminissima.de\/index.php\/author\/fem\/\"}]}<\/script>\n<!-- \/ Yoast SEO plugin. -->","yoast_head_json":{"title":"Bizarres am Morgen....Boris - Knast hat ihm \"gutgetan?\"uvm - Feminissima","robots":{"index":"index","follow":"follow","max-snippet":"max-snippet:-1","max-image-preview":"max-image-preview:large","max-video-preview":"max-video-preview:-1"},"canonical":"https:\/\/feminissima.de\/index.php\/2022\/12\/20\/bizarres-am-morgen-boris-knast-hat-ihm-gutgetanuvm\/","og_locale":"de_DE","og_type":"article","og_title":"Bizarres am Morgen....Boris - Knast hat ihm \"gutgetan?\"uvm - Feminissima","og_description":"&#8230;..kleines Update &#8230; Die Tippfehler werden gerade dezent des Hauses verwiesen&#8230; .. 11 Uhr 08 .. Teneriffa&#8230;..gleich sind noch die letzten dran.. die verstecken sich immer so listig&#8230; 11 Uhr 19&#8230; Willkommen, Dearies und Dears&#8230; ja, &#8222;Weihnachtszeit sei Lesezeit&#8220; &#8211; hei\u00dft es dieses Jahr so t\u00e4glich wie selten zuvor&#8230; Leider bleiben Auge und Geist aber&hellip; Bizarres am Morgen&#8230;.Boris &#8211; Knast hat ihm &#8222;gutgetan?&#8220;uvm weiterlesen","og_url":"https:\/\/feminissima.de\/index.php\/2022\/12\/20\/bizarres-am-morgen-boris-knast-hat-ihm-gutgetanuvm\/","og_site_name":"Feminissima","article_published_time":"2022-12-20T10:41:57+00:00","author":"fem","twitter_card":"summary_large_image","twitter_misc":{"Verfasst von":"fem","Gesch\u00e4tzte Lesezeit":"4\u00a0Minuten"},"schema":{"@context":"https:\/\/schema.org","@graph":[{"@type":"WebPage","@id":"https:\/\/feminissima.de\/index.php\/2022\/12\/20\/bizarres-am-morgen-boris-knast-hat-ihm-gutgetanuvm\/","url":"https:\/\/feminissima.de\/index.php\/2022\/12\/20\/bizarres-am-morgen-boris-knast-hat-ihm-gutgetanuvm\/","name":"Bizarres am Morgen....Boris - Knast hat ihm \"gutgetan?\"uvm - Feminissima","isPartOf":{"@id":"https:\/\/feminissima.de\/#website"},"datePublished":"2022-12-20T10:41:57+00:00","dateModified":"2022-12-20T10:41:57+00:00","author":{"@id":"https:\/\/feminissima.de\/#\/schema\/person\/5dea0fc707e9da59266a47da2f9a8210"},"breadcrumb":{"@id":"https:\/\/feminissima.de\/index.php\/2022\/12\/20\/bizarres-am-morgen-boris-knast-hat-ihm-gutgetanuvm\/#breadcrumb"},"inLanguage":"de","potentialAction":[{"@type":"ReadAction","target":["https:\/\/feminissima.de\/index.php\/2022\/12\/20\/bizarres-am-morgen-boris-knast-hat-ihm-gutgetanuvm\/"]}]},{"@type":"BreadcrumbList","@id":"https:\/\/feminissima.de\/index.php\/2022\/12\/20\/bizarres-am-morgen-boris-knast-hat-ihm-gutgetanuvm\/#breadcrumb","itemListElement":[{"@type":"ListItem","position":1,"name":"Startseite","item":"https:\/\/feminissima.de\/"},{"@type":"ListItem","position":2,"name":"Bizarres am Morgen&#8230;.Boris &#8211; Knast hat ihm &#8222;gutgetan?&#8220;uvm"}]},{"@type":"WebSite","@id":"https:\/\/feminissima.de\/#website","url":"https:\/\/feminissima.de\/","name":"Feminissima","description":"","potentialAction":[{"@type":"SearchAction","target":{"@type":"EntryPoint","urlTemplate":"https:\/\/feminissima.de\/?s={search_term_string}"},"query-input":"required name=search_term_string"}],"inLanguage":"de"},{"@type":"Person","@id":"https:\/\/feminissima.de\/#\/schema\/person\/5dea0fc707e9da59266a47da2f9a8210","name":"fem","image":{"@type":"ImageObject","inLanguage":"de","@id":"https:\/\/feminissima.de\/#\/schema\/person\/image\/","url":"https:\/\/secure.gravatar.com\/avatar\/892e878e26ee6e7c1689c0b5183da4949c35fb291d0554f021db478bb42e3226?s=96&d=mm&r=g","contentUrl":"https:\/\/secure.gravatar.com\/avatar\/892e878e26ee6e7c1689c0b5183da4949c35fb291d0554f021db478bb42e3226?s=96&d=mm&r=g","caption":"fem"},"url":"https:\/\/feminissima.de\/index.php\/author\/fem\/"}]}},"jetpack_featured_media_url":"","_links":{"self":[{"href":"https:\/\/feminissima.de\/index.php\/wp-json\/wp\/v2\/posts\/88621","targetHints":{"allow":["GET"]}}],"collection":[{"href":"https:\/\/feminissima.de\/index.php\/wp-json\/wp\/v2\/posts"}],"about":[{"href":"https:\/\/feminissima.de\/index.php\/wp-json\/wp\/v2\/types\/post"}],"author":[{"embeddable":true,"href":"https:\/\/feminissima.de\/index.php\/wp-json\/wp\/v2\/users\/3"}],"replies":[{"embeddable":true,"href":"https:\/\/feminissima.de\/index.php\/wp-json\/wp\/v2\/comments?post=88621"}],"version-history":[{"count":0,"href":"https:\/\/feminissima.de\/index.php\/wp-json\/wp\/v2\/posts\/88621\/revisions"}],"wp:attachment":[{"href":"https:\/\/feminissima.de\/index.php\/wp-json\/wp\/v2\/media?parent=88621"}],"wp:term":[{"taxonomy":"category","embeddable":true,"href":"https:\/\/feminissima.de\/index.php\/wp-json\/wp\/v2\/categories?post=88621"},{"taxonomy":"post_tag","embeddable":true,"href":"https:\/\/feminissima.de\/index.php\/wp-json\/wp\/v2\/tags?post=88621"}],"curies":[{"name":"wp","href":"https:\/\/api.w.org\/{rel}","templated":true}]}}