{"id":88555,"date":"2022-12-17T11:56:17","date_gmt":"2022-12-17T09:56:17","guid":{"rendered":"https:\/\/www.feminissima.de\/?p=88555"},"modified":"2022-12-17T11:56:17","modified_gmt":"2022-12-17T09:56:17","slug":"die-camouflage-des-seins","status":"publish","type":"post","link":"https:\/\/feminissima.de\/index.php\/2022\/12\/17\/die-camouflage-des-seins\/","title":{"rendered":"Die Camouflage des Seins &#8211;"},"content":{"rendered":"\n<p>update 10 Uhr 51 &#8211; Buenos Dias &#8211; vivimos ahora en TENERIFA .. Islas Canarias&#8230; Ja, Berlin war mal&#8230; <\/p>\n\n\n\n<p><\/p>\n\n\n\n<p> Am Ende des Textes noch ein neues Thema- H\u00e4kchen zu &#8222;Camouflage des Seins&#8220; hinzugef\u00fcgt.. Die EU-Korrumpierbarkeit unter einer anderen Sicht..  . von welt-online.. einfach runterscrollen, if you like..<\/p>\n\n\n\n<p><\/p>\n\n\n\n<p>Die Klassengesellschaft. Zwischen &#8222;Altersarmut&#8220; und Ministern, die &#8222;ihre neue Rolle&#8220; suchen&#8230; Und es f\u00e4llt dir wie Schuppen von den Augen.  Die Armut wird beiseite geschoben. Das Dasein ohne Mikrofon und Kamera &#8211; aber Geld mehr als genug &#8211; Besch\u00e4ftigung nun als Opposition gegen die Schnecken im Garten, statt in Talkshows in Szene gesetzt.. &#8222;wie war ich&#8220;&#8230; und das Beifallswerk oder die Zerkleinerungsmaschine &#8222;Twitter&#8220; &#8211; mit ihrem Echo dazu.. So sorgt sich nun, ach nein, das w\u00e4re zu viel erwartet, so fragt nun DER SPIEGEL &#8211; was ein Herr Altmaier &#8211; er hie\u00df doch so..  &#8211; oh-oh, schon im Namen-Begleittext die Vergangenheit..dabei hei\u00dft er noch immer so &#8230; ja, der SPIEGEL fragt, was der arme Herr Altmaier, offenbar ja auch ohne Familie, nun auch ohne illustre G\u00e4ste &#8211; denn ohne Amt nun so macht&#8230; Mich hat es nie interessiert, was dieses Menschen machen, wenn die Mikrofone aus sind. Leider werden sie meist noch immer und viel zu lange geh\u00e4tschelt.. was haben sie denn wirklich gebracht. Oft war man froh, sie endlich, endlich los-zu-sein&#8230;andere gehen mit gutem Geld und eher leise, nach eher gl\u00fcckloser werdenden Karriere-Etappen zur\u00fcck in ihr trautes Saarland, etwa &#8211; freuen sich, noch immer von Beruf Anwalt zu sein&#8230; irgendeine Kanzlei wartet mit Gewi\u00dfheit.. und es geht ja auch nicht wirklich um das Geld, sondern um &#8222;die Rolle, die es nun im Leben nach der Politik&#8220; &#8230; einzunehmen gilt.. den neuen Sinn, oder \u00fcberhaupt einer. <\/p>\n\n\n\n<p>Mit diesem Problem &#8211; genauer gesagt,  mit dieser Problematik sieht sich der Altersarme nicht konfrontiert. Oder auch der Armutsalte genannt. Von Haus aus m\u00e4nnlich, ist er doch in Wirklichkeit eher weiblich.  Also &#8222;die Armutsalte&#8220;&#8230; ? Nein derzeit sind alle 80 und reich. Die Jubilarinnen &#8211; sie leben hoch! Alice Schwarzer etwa. Sie z\u00e4hlt zu diesen Frauen in der Bundesrepublik &#8211; die wohlhabend, weil sie nie ein Kind gro\u00dfgezogen haben &#8211; oder sogar mehrere. Das klingt geh\u00e4ssig und vorgestrig. Gegen dieses Vorgestrige, Kinder in die Welt zu setzen und sich um sie zu k\u00fcmmern, hat sich Alice als erkl\u00e4rte M\u00fctterfeindin gek\u00fcmmert. Alice Schwarzer wird heute gefeiert f\u00fcr ihre Verdienste &#8222;an der Gesellschaft&#8220; &#8211; ah, f\u00fcr die Rolle, die sie innehatten. Da sind wir wieder beim Thema.  Alice, nie akademisch gebildet, mit  jener Cleverness , auch &#8222;H\u00e4ndchen f\u00fcr ein Gesch\u00e4ft&#8220; &#8211; genannt, oder freundlich ausgedr\u00fcckt &#8211; &#8222;Sinn f\u00fcr den Trend&#8230; der in der Luft liegen k\u00f6nnte.. &#8220; Bei Frau Schwarzer war es die Sexualit\u00e4t. Mit dem &#8222;Kleinen Unterschied und seine gro\u00dfen Folgen&#8220; .. oder wie ging der Titel noch mal .. Befragung von Frauen \u00fcber ihre Sexualit\u00e4t &#8211; zerfetzt wurde der Mann. Der Beginn  einer nicht endenwollenden Karriere..  Moment, es hat an der T\u00fcr geklingelt. Heute ist Samstag, genau, &#8222;der letzte Samstag vor n\u00e4chstem Samstag&#8220;. Ja, dann ist der deutsche HeiligAbend.  Auf dass Ihr Eure Rolle findet. &#8230;Oder braucht es das dieses Jahr gar nicht? Denn zwischen Inflation, Gaspreisbremsen, der Ermahnung, es blo\u00df bitte nicht warm oder gut zu haben &#8211; denn &#8211; ja &#8211; zwischen all dem &#8222;Der Handel ist zufrieden&#8220; &#8211; da sind diese anderen Menschen. Wie \u00fcber Nacht. Ohne jede Rolle. Doch in einer nie erwarteten, einer obsz\u00f6n unerwarteten Rolle &#8211; Sie sind Fl\u00fcchtlinge, Verwundete, Heimatlose, Tote. Ein Herr Putin &#8211; ohne Sinn und Verstand \u00fcber Jahrzehnte von einer deutschen politischen Unterschicht namens Merkel und Co ..geh\u00e4tschelt, hat sich gelangweilt. Und ge\u00e4rgert. Da hat er einfach angefangen, seine ureigenste Rolle als Massenm\u00f6rder zu bekleiden. Seit Grosny sp\u00e4testens&#8230; h\u00e4tte man es erkennen m\u00fcssen. Jetzt daf\u00fcr ein gro\u00dft\u00f6nendes Allerweltswort eines neuen deutschen Bundeskanzlers &#8211; &#8222;Zeitenwende&#8220;. Ah. Krieg in Europa. Da schau her. Wie kann das angehen. Jetzt warten wir auf die echte Zeitenwende. Bald bricht ein neues Jahr an&#8230;.<\/p>\n\n\n\n<p><\/p>\n\n\n\n<p>P.S. Es ist  10 Uhr 22 auf Teneriffa &#8211; und gerade pusht die News herein, dass Elon Musk, das enfant terrible, weil sich auch mit all seinem Geld langweilt &#8211; doch wieder die bekannten US-Journalisten .. deren Konten wieder freigeschaltet, nachdem gestern gesperrt. Das weltweite &#8222;Das geht ja gar nicht!&#8220; hat offenbar gen\u00fctzt. W\u00e4re es mit dem IRAN doch auch so einfach. Das Wort einfach passt allerdings in diesem Zusammenhang \u00fcberhaupt nicht. Da werden einfach Menschen &#8222;hingerichtet&#8220;. Das ist eine andere Art zu sterben, als durch Bombenhagel im Krieg. Das ist viel abscheulicher&#8230;. Weil es wehrlose Menschen trifft, die nur &#8230; Freiheit &#8230; wollen.. A propos . Freiheit&#8230; W\u00fcrde&#8230; Leben&#8230; !!<\/p>\n\n\n\n<p>PPS &#8211; In Berlin fragt &#8222;man&#8220; sich heute &#8211; wieso das Plexiglas hat platzen k\u00f6nnen. Im Hotel Radisson . Und man suhlt sich ein wenig im nur begrenzten Grauen. Stellt Euch vor , wenn die Million Liter Wasser und die 1.500 Fische Menschen ins Leben geklatscht w\u00e4ren.. so nur 2 &#8222;leicht Verletzte&#8220; &#8230; Das neue gro\u00dfe Katastrophenthema also haarscharf dran vorbei.. Nun kann wie bei den Explosionen in der Ostsee&#8230; ger\u00e4tselt werden.. war es &#8222;Materialerm\u00fcdung&#8220; &#8211; dabei gerade frisch renoviert.. oder &#8211; war es doch  .. .etwas anderes.. ? <\/p>\n\n\n\n<p><\/p>\n\n\n\n<p>&lt;&lt;&lt;&lt; Hier das update &#8211; Ist ja witzig &#8211; nicht die Korrumpierbarkeit von Abgeordenten des EU-Parlaments wird gerade von WELT-online angeprangert &#8211; sondern die \u00dcberschrift geht etwa so &#8211; &#8222;Der skrupellose Kampf Katars um die Verbesserung seines Images&#8220;.. Noch Fragen.. ?<\/p>\n","protected":false},"excerpt":{"rendered":"<p>update 10 Uhr 51 &#8211; Buenos Dias &#8211; vivimos ahora en TENERIFA .. Islas Canarias&#8230; Ja, Berlin war mal&#8230; Am Ende des Textes noch ein neues Thema- H\u00e4kchen zu &#8222;Camouflage des Seins&#8220; hinzugef\u00fcgt.. Die EU-Korrumpierbarkeit unter einer anderen Sicht.. . von welt-online.. einfach runterscrollen, if you like.. Die Klassengesellschaft. Zwischen &#8222;Altersarmut&#8220; und Ministern, die &#8222;ihre&hellip; <a class=\"more-link\" href=\"https:\/\/feminissima.de\/index.php\/2022\/12\/17\/die-camouflage-des-seins\/\"><span class=\"screen-reader-text\">Die Camouflage des Seins &#8211;<\/span> weiterlesen<\/a><\/p>\n","protected":false},"author":3,"featured_media":0,"comment_status":"closed","ping_status":"closed","sticky":false,"template":"","format":"standard","meta":{"footnotes":""},"categories":[6],"tags":[],"class_list":["post-88555","post","type-post","status-publish","format-standard","hentry","category-femleben","entry"],"yoast_head":"<!-- This site is optimized with the Yoast SEO plugin v21.0 - https:\/\/yoast.com\/wordpress\/plugins\/seo\/ -->\n<title>Die Camouflage des Seins - Feminissima<\/title>\n<meta name=\"robots\" content=\"index, follow, max-snippet:-1, max-image-preview:large, max-video-preview:-1\" \/>\n<link rel=\"canonical\" href=\"https:\/\/feminissima.de\/index.php\/2022\/12\/17\/die-camouflage-des-seins\/\" \/>\n<meta property=\"og:locale\" content=\"de_DE\" \/>\n<meta property=\"og:type\" content=\"article\" \/>\n<meta property=\"og:title\" content=\"Die Camouflage des Seins - Feminissima\" \/>\n<meta property=\"og:description\" content=\"update 10 Uhr 51 &#8211; Buenos Dias &#8211; vivimos ahora en TENERIFA .. Islas Canarias&#8230; Ja, Berlin war mal&#8230; Am Ende des Textes noch ein neues Thema- H\u00e4kchen zu &#8222;Camouflage des Seins&#8220; hinzugef\u00fcgt.. Die EU-Korrumpierbarkeit unter einer anderen Sicht.. . von welt-online.. einfach runterscrollen, if you like.. Die Klassengesellschaft. Zwischen &#8222;Altersarmut&#8220; und Ministern, die &#8222;ihre&hellip; Die Camouflage des Seins &#8211; weiterlesen\" \/>\n<meta property=\"og:url\" content=\"https:\/\/feminissima.de\/index.php\/2022\/12\/17\/die-camouflage-des-seins\/\" \/>\n<meta property=\"og:site_name\" content=\"Feminissima\" \/>\n<meta property=\"article:published_time\" content=\"2022-12-17T09:56:17+00:00\" \/>\n<meta name=\"author\" content=\"fem\" \/>\n<meta name=\"twitter:card\" content=\"summary_large_image\" \/>\n<meta name=\"twitter:label1\" content=\"Verfasst von\" \/>\n\t<meta name=\"twitter:data1\" content=\"fem\" \/>\n\t<meta name=\"twitter:label2\" content=\"Gesch\u00e4tzte Lesezeit\" \/>\n\t<meta name=\"twitter:data2\" content=\"5\u00a0Minuten\" \/>\n<script type=\"application\/ld+json\" class=\"yoast-schema-graph\">{\"@context\":\"https:\/\/schema.org\",\"@graph\":[{\"@type\":\"WebPage\",\"@id\":\"https:\/\/feminissima.de\/index.php\/2022\/12\/17\/die-camouflage-des-seins\/\",\"url\":\"https:\/\/feminissima.de\/index.php\/2022\/12\/17\/die-camouflage-des-seins\/\",\"name\":\"Die Camouflage des Seins - Feminissima\",\"isPartOf\":{\"@id\":\"https:\/\/feminissima.de\/#website\"},\"datePublished\":\"2022-12-17T09:56:17+00:00\",\"dateModified\":\"2022-12-17T09:56:17+00:00\",\"author\":{\"@id\":\"https:\/\/feminissima.de\/#\/schema\/person\/5dea0fc707e9da59266a47da2f9a8210\"},\"breadcrumb\":{\"@id\":\"https:\/\/feminissima.de\/index.php\/2022\/12\/17\/die-camouflage-des-seins\/#breadcrumb\"},\"inLanguage\":\"de\",\"potentialAction\":[{\"@type\":\"ReadAction\",\"target\":[\"https:\/\/feminissima.de\/index.php\/2022\/12\/17\/die-camouflage-des-seins\/\"]}]},{\"@type\":\"BreadcrumbList\",\"@id\":\"https:\/\/feminissima.de\/index.php\/2022\/12\/17\/die-camouflage-des-seins\/#breadcrumb\",\"itemListElement\":[{\"@type\":\"ListItem\",\"position\":1,\"name\":\"Startseite\",\"item\":\"https:\/\/feminissima.de\/\"},{\"@type\":\"ListItem\",\"position\":2,\"name\":\"Die Camouflage des Seins &#8211;\"}]},{\"@type\":\"WebSite\",\"@id\":\"https:\/\/feminissima.de\/#website\",\"url\":\"https:\/\/feminissima.de\/\",\"name\":\"Feminissima\",\"description\":\"\",\"potentialAction\":[{\"@type\":\"SearchAction\",\"target\":{\"@type\":\"EntryPoint\",\"urlTemplate\":\"https:\/\/feminissima.de\/?s={search_term_string}\"},\"query-input\":\"required name=search_term_string\"}],\"inLanguage\":\"de\"},{\"@type\":\"Person\",\"@id\":\"https:\/\/feminissima.de\/#\/schema\/person\/5dea0fc707e9da59266a47da2f9a8210\",\"name\":\"fem\",\"image\":{\"@type\":\"ImageObject\",\"inLanguage\":\"de\",\"@id\":\"https:\/\/feminissima.de\/#\/schema\/person\/image\/\",\"url\":\"https:\/\/secure.gravatar.com\/avatar\/892e878e26ee6e7c1689c0b5183da4949c35fb291d0554f021db478bb42e3226?s=96&d=mm&r=g\",\"contentUrl\":\"https:\/\/secure.gravatar.com\/avatar\/892e878e26ee6e7c1689c0b5183da4949c35fb291d0554f021db478bb42e3226?s=96&d=mm&r=g\",\"caption\":\"fem\"},\"url\":\"https:\/\/feminissima.de\/index.php\/author\/fem\/\"}]}<\/script>\n<!-- \/ Yoast SEO plugin. -->","yoast_head_json":{"title":"Die Camouflage des Seins - Feminissima","robots":{"index":"index","follow":"follow","max-snippet":"max-snippet:-1","max-image-preview":"max-image-preview:large","max-video-preview":"max-video-preview:-1"},"canonical":"https:\/\/feminissima.de\/index.php\/2022\/12\/17\/die-camouflage-des-seins\/","og_locale":"de_DE","og_type":"article","og_title":"Die Camouflage des Seins - Feminissima","og_description":"update 10 Uhr 51 &#8211; Buenos Dias &#8211; vivimos ahora en TENERIFA .. Islas Canarias&#8230; Ja, Berlin war mal&#8230; Am Ende des Textes noch ein neues Thema- H\u00e4kchen zu &#8222;Camouflage des Seins&#8220; hinzugef\u00fcgt.. Die EU-Korrumpierbarkeit unter einer anderen Sicht.. . von welt-online.. einfach runterscrollen, if you like.. Die Klassengesellschaft. Zwischen &#8222;Altersarmut&#8220; und Ministern, die &#8222;ihre&hellip; Die Camouflage des Seins &#8211; weiterlesen","og_url":"https:\/\/feminissima.de\/index.php\/2022\/12\/17\/die-camouflage-des-seins\/","og_site_name":"Feminissima","article_published_time":"2022-12-17T09:56:17+00:00","author":"fem","twitter_card":"summary_large_image","twitter_misc":{"Verfasst von":"fem","Gesch\u00e4tzte Lesezeit":"5\u00a0Minuten"},"schema":{"@context":"https:\/\/schema.org","@graph":[{"@type":"WebPage","@id":"https:\/\/feminissima.de\/index.php\/2022\/12\/17\/die-camouflage-des-seins\/","url":"https:\/\/feminissima.de\/index.php\/2022\/12\/17\/die-camouflage-des-seins\/","name":"Die Camouflage des Seins - Feminissima","isPartOf":{"@id":"https:\/\/feminissima.de\/#website"},"datePublished":"2022-12-17T09:56:17+00:00","dateModified":"2022-12-17T09:56:17+00:00","author":{"@id":"https:\/\/feminissima.de\/#\/schema\/person\/5dea0fc707e9da59266a47da2f9a8210"},"breadcrumb":{"@id":"https:\/\/feminissima.de\/index.php\/2022\/12\/17\/die-camouflage-des-seins\/#breadcrumb"},"inLanguage":"de","potentialAction":[{"@type":"ReadAction","target":["https:\/\/feminissima.de\/index.php\/2022\/12\/17\/die-camouflage-des-seins\/"]}]},{"@type":"BreadcrumbList","@id":"https:\/\/feminissima.de\/index.php\/2022\/12\/17\/die-camouflage-des-seins\/#breadcrumb","itemListElement":[{"@type":"ListItem","position":1,"name":"Startseite","item":"https:\/\/feminissima.de\/"},{"@type":"ListItem","position":2,"name":"Die Camouflage des Seins &#8211;"}]},{"@type":"WebSite","@id":"https:\/\/feminissima.de\/#website","url":"https:\/\/feminissima.de\/","name":"Feminissima","description":"","potentialAction":[{"@type":"SearchAction","target":{"@type":"EntryPoint","urlTemplate":"https:\/\/feminissima.de\/?s={search_term_string}"},"query-input":"required name=search_term_string"}],"inLanguage":"de"},{"@type":"Person","@id":"https:\/\/feminissima.de\/#\/schema\/person\/5dea0fc707e9da59266a47da2f9a8210","name":"fem","image":{"@type":"ImageObject","inLanguage":"de","@id":"https:\/\/feminissima.de\/#\/schema\/person\/image\/","url":"https:\/\/secure.gravatar.com\/avatar\/892e878e26ee6e7c1689c0b5183da4949c35fb291d0554f021db478bb42e3226?s=96&d=mm&r=g","contentUrl":"https:\/\/secure.gravatar.com\/avatar\/892e878e26ee6e7c1689c0b5183da4949c35fb291d0554f021db478bb42e3226?s=96&d=mm&r=g","caption":"fem"},"url":"https:\/\/feminissima.de\/index.php\/author\/fem\/"}]}},"jetpack_featured_media_url":"","_links":{"self":[{"href":"https:\/\/feminissima.de\/index.php\/wp-json\/wp\/v2\/posts\/88555","targetHints":{"allow":["GET"]}}],"collection":[{"href":"https:\/\/feminissima.de\/index.php\/wp-json\/wp\/v2\/posts"}],"about":[{"href":"https:\/\/feminissima.de\/index.php\/wp-json\/wp\/v2\/types\/post"}],"author":[{"embeddable":true,"href":"https:\/\/feminissima.de\/index.php\/wp-json\/wp\/v2\/users\/3"}],"replies":[{"embeddable":true,"href":"https:\/\/feminissima.de\/index.php\/wp-json\/wp\/v2\/comments?post=88555"}],"version-history":[{"count":0,"href":"https:\/\/feminissima.de\/index.php\/wp-json\/wp\/v2\/posts\/88555\/revisions"}],"wp:attachment":[{"href":"https:\/\/feminissima.de\/index.php\/wp-json\/wp\/v2\/media?parent=88555"}],"wp:term":[{"taxonomy":"category","embeddable":true,"href":"https:\/\/feminissima.de\/index.php\/wp-json\/wp\/v2\/categories?post=88555"},{"taxonomy":"post_tag","embeddable":true,"href":"https:\/\/feminissima.de\/index.php\/wp-json\/wp\/v2\/tags?post=88555"}],"curies":[{"name":"wp","href":"https:\/\/api.w.org\/{rel}","templated":true}]}}