{"id":88510,"date":"2022-08-22T05:53:22","date_gmt":"2022-08-22T03:53:22","guid":{"rendered":"https:\/\/www.feminissima.de\/?p=88510"},"modified":"2022-08-22T05:53:22","modified_gmt":"2022-08-22T03:53:22","slug":"der-sprachliche-inhaltliche-und-ethische-kulturabbau-taglich-durch-die-grunen","status":"publish","type":"post","link":"https:\/\/feminissima.de\/index.php\/2022\/08\/22\/der-sprachliche-inhaltliche-und-ethische-kulturabbau-taglich-durch-die-grunen\/","title":{"rendered":"Der sprachliche, inhaltliche und ethische Kulturabbau, t\u00e4glich durch die &#8222;Gr\u00fcnen&#8220; .."},"content":{"rendered":"\n<p>Andere f\u00fchren einen Krieg und die Deutschen werden nun t\u00e4glich mit einer unappetitlichen Sprache maltraitiert, die den Abstieg der polit-deutschen Regierung auf die Gesellschaft \u00fcbertragen will.  Angeblich alles unter &#8222;Sparen&#8220; &#8211; was nat\u00fcrlich nicht f\u00fcr die &#8222;M\u00e4chtigen&#8220; gilt. &#8222;Weniger Duschen&#8220; &#8211; &#8222;ein Waschlappen tuts auch&#8220; .. &#8222;Temperatur f\u00fcr den Winter schon mal auf Frieren stellen&#8230;&#8220;  Nach den Grausamkeiten der &#8222;Pandemie&#8220; &#8211; steigert sich nun die Nach-Merkel-Regierung noch betr\u00e4chtlich an Entsetzlichkeit, Mangel an Ethik, Anstand und Contenance. Macht den B\u00fcrger ebenso wie Merkel zuvor zum Kleinkind. Die Frage ist allerdings, mit nun auch der &#8222;Gas-Umlage&#8220; -weil von Putin kein Gas mehr gewollt &#8222;Sanktionen&#8220; &#8211; aber Putin dreht den Spie\u00df l\u00e4ngst nach Belieben um &#8211; ob in diesem Herbst sich die B\u00fcrger in Alemania diese Schikanen noch einfach so gefallen lassen. <\/p>\n\n\n\n<p>Gru\u00df aus Spain&#8230;<\/p>\n","protected":false},"excerpt":{"rendered":"<p>Andere f\u00fchren einen Krieg und die Deutschen werden nun t\u00e4glich mit einer unappetitlichen Sprache maltraitiert, die den Abstieg der polit-deutschen Regierung auf die Gesellschaft \u00fcbertragen will. Angeblich alles unter &#8222;Sparen&#8220; &#8211; was nat\u00fcrlich nicht f\u00fcr die &#8222;M\u00e4chtigen&#8220; gilt. &#8222;Weniger Duschen&#8220; &#8211; &#8222;ein Waschlappen tuts auch&#8220; .. &#8222;Temperatur f\u00fcr den Winter schon mal auf Frieren stellen&#8230;&#8220;&hellip; <a class=\"more-link\" href=\"https:\/\/feminissima.de\/index.php\/2022\/08\/22\/der-sprachliche-inhaltliche-und-ethische-kulturabbau-taglich-durch-die-grunen\/\"><span class=\"screen-reader-text\">Der sprachliche, inhaltliche und ethische Kulturabbau, t\u00e4glich durch die &#8222;Gr\u00fcnen&#8220; ..<\/span> weiterlesen<\/a><\/p>\n","protected":false},"author":3,"featured_media":0,"comment_status":"closed","ping_status":"closed","sticky":false,"template":"","format":"standard","meta":{"footnotes":""},"categories":[6],"tags":[],"class_list":["post-88510","post","type-post","status-publish","format-standard","hentry","category-femleben","entry"],"yoast_head":"<!-- This site is optimized with the Yoast SEO plugin v21.0 - https:\/\/yoast.com\/wordpress\/plugins\/seo\/ -->\n<title>Der sprachliche, inhaltliche und ethische Kulturabbau, t\u00e4glich durch die &quot;Gr\u00fcnen&quot; .. - Feminissima<\/title>\n<meta name=\"robots\" content=\"index, follow, max-snippet:-1, max-image-preview:large, max-video-preview:-1\" \/>\n<link rel=\"canonical\" href=\"https:\/\/feminissima.de\/index.php\/2022\/08\/22\/der-sprachliche-inhaltliche-und-ethische-kulturabbau-taglich-durch-die-grunen\/\" \/>\n<meta property=\"og:locale\" content=\"de_DE\" \/>\n<meta property=\"og:type\" content=\"article\" \/>\n<meta property=\"og:title\" content=\"Der sprachliche, inhaltliche und ethische Kulturabbau, t\u00e4glich durch die &quot;Gr\u00fcnen&quot; .. - Feminissima\" \/>\n<meta property=\"og:description\" content=\"Andere f\u00fchren einen Krieg und die Deutschen werden nun t\u00e4glich mit einer unappetitlichen Sprache maltraitiert, die den Abstieg der polit-deutschen Regierung auf die Gesellschaft \u00fcbertragen will. Angeblich alles unter &#8222;Sparen&#8220; &#8211; was nat\u00fcrlich nicht f\u00fcr die &#8222;M\u00e4chtigen&#8220; gilt. &#8222;Weniger Duschen&#8220; &#8211; &#8222;ein Waschlappen tuts auch&#8220; .. &#8222;Temperatur f\u00fcr den Winter schon mal auf Frieren stellen&#8230;&#8220;&hellip; Der sprachliche, inhaltliche und ethische Kulturabbau, t\u00e4glich durch die &#8222;Gr\u00fcnen&#8220; .. weiterlesen\" \/>\n<meta property=\"og:url\" content=\"https:\/\/feminissima.de\/index.php\/2022\/08\/22\/der-sprachliche-inhaltliche-und-ethische-kulturabbau-taglich-durch-die-grunen\/\" \/>\n<meta property=\"og:site_name\" content=\"Feminissima\" \/>\n<meta property=\"article:published_time\" content=\"2022-08-22T03:53:22+00:00\" \/>\n<meta name=\"author\" content=\"fem\" \/>\n<meta name=\"twitter:card\" content=\"summary_large_image\" \/>\n<meta name=\"twitter:label1\" content=\"Verfasst von\" \/>\n\t<meta name=\"twitter:data1\" content=\"fem\" \/>\n\t<meta name=\"twitter:label2\" content=\"Gesch\u00e4tzte Lesezeit\" \/>\n\t<meta name=\"twitter:data2\" content=\"1\u00a0Minute\" \/>\n<script type=\"application\/ld+json\" class=\"yoast-schema-graph\">{\"@context\":\"https:\/\/schema.org\",\"@graph\":[{\"@type\":\"WebPage\",\"@id\":\"https:\/\/feminissima.de\/index.php\/2022\/08\/22\/der-sprachliche-inhaltliche-und-ethische-kulturabbau-taglich-durch-die-grunen\/\",\"url\":\"https:\/\/feminissima.de\/index.php\/2022\/08\/22\/der-sprachliche-inhaltliche-und-ethische-kulturabbau-taglich-durch-die-grunen\/\",\"name\":\"Der sprachliche, inhaltliche und ethische Kulturabbau, t\u00e4glich durch die \\\"Gr\u00fcnen\\\" .. - Feminissima\",\"isPartOf\":{\"@id\":\"https:\/\/feminissima.de\/#website\"},\"datePublished\":\"2022-08-22T03:53:22+00:00\",\"dateModified\":\"2022-08-22T03:53:22+00:00\",\"author\":{\"@id\":\"https:\/\/feminissima.de\/#\/schema\/person\/5dea0fc707e9da59266a47da2f9a8210\"},\"breadcrumb\":{\"@id\":\"https:\/\/feminissima.de\/index.php\/2022\/08\/22\/der-sprachliche-inhaltliche-und-ethische-kulturabbau-taglich-durch-die-grunen\/#breadcrumb\"},\"inLanguage\":\"de\",\"potentialAction\":[{\"@type\":\"ReadAction\",\"target\":[\"https:\/\/feminissima.de\/index.php\/2022\/08\/22\/der-sprachliche-inhaltliche-und-ethische-kulturabbau-taglich-durch-die-grunen\/\"]}]},{\"@type\":\"BreadcrumbList\",\"@id\":\"https:\/\/feminissima.de\/index.php\/2022\/08\/22\/der-sprachliche-inhaltliche-und-ethische-kulturabbau-taglich-durch-die-grunen\/#breadcrumb\",\"itemListElement\":[{\"@type\":\"ListItem\",\"position\":1,\"name\":\"Startseite\",\"item\":\"https:\/\/feminissima.de\/\"},{\"@type\":\"ListItem\",\"position\":2,\"name\":\"Der sprachliche, inhaltliche und ethische Kulturabbau, t\u00e4glich durch die &#8222;Gr\u00fcnen&#8220; ..\"}]},{\"@type\":\"WebSite\",\"@id\":\"https:\/\/feminissima.de\/#website\",\"url\":\"https:\/\/feminissima.de\/\",\"name\":\"Feminissima\",\"description\":\"\",\"potentialAction\":[{\"@type\":\"SearchAction\",\"target\":{\"@type\":\"EntryPoint\",\"urlTemplate\":\"https:\/\/feminissima.de\/?s={search_term_string}\"},\"query-input\":\"required name=search_term_string\"}],\"inLanguage\":\"de\"},{\"@type\":\"Person\",\"@id\":\"https:\/\/feminissima.de\/#\/schema\/person\/5dea0fc707e9da59266a47da2f9a8210\",\"name\":\"fem\",\"image\":{\"@type\":\"ImageObject\",\"inLanguage\":\"de\",\"@id\":\"https:\/\/feminissima.de\/#\/schema\/person\/image\/\",\"url\":\"https:\/\/secure.gravatar.com\/avatar\/892e878e26ee6e7c1689c0b5183da4949c35fb291d0554f021db478bb42e3226?s=96&d=mm&r=g\",\"contentUrl\":\"https:\/\/secure.gravatar.com\/avatar\/892e878e26ee6e7c1689c0b5183da4949c35fb291d0554f021db478bb42e3226?s=96&d=mm&r=g\",\"caption\":\"fem\"},\"url\":\"https:\/\/feminissima.de\/index.php\/author\/fem\/\"}]}<\/script>\n<!-- \/ Yoast SEO plugin. -->","yoast_head_json":{"title":"Der sprachliche, inhaltliche und ethische Kulturabbau, t\u00e4glich durch die \"Gr\u00fcnen\" .. - Feminissima","robots":{"index":"index","follow":"follow","max-snippet":"max-snippet:-1","max-image-preview":"max-image-preview:large","max-video-preview":"max-video-preview:-1"},"canonical":"https:\/\/feminissima.de\/index.php\/2022\/08\/22\/der-sprachliche-inhaltliche-und-ethische-kulturabbau-taglich-durch-die-grunen\/","og_locale":"de_DE","og_type":"article","og_title":"Der sprachliche, inhaltliche und ethische Kulturabbau, t\u00e4glich durch die \"Gr\u00fcnen\" .. - Feminissima","og_description":"Andere f\u00fchren einen Krieg und die Deutschen werden nun t\u00e4glich mit einer unappetitlichen Sprache maltraitiert, die den Abstieg der polit-deutschen Regierung auf die Gesellschaft \u00fcbertragen will. Angeblich alles unter &#8222;Sparen&#8220; &#8211; was nat\u00fcrlich nicht f\u00fcr die &#8222;M\u00e4chtigen&#8220; gilt. &#8222;Weniger Duschen&#8220; &#8211; &#8222;ein Waschlappen tuts auch&#8220; .. &#8222;Temperatur f\u00fcr den Winter schon mal auf Frieren stellen&#8230;&#8220;&hellip; Der sprachliche, inhaltliche und ethische Kulturabbau, t\u00e4glich durch die &#8222;Gr\u00fcnen&#8220; .. weiterlesen","og_url":"https:\/\/feminissima.de\/index.php\/2022\/08\/22\/der-sprachliche-inhaltliche-und-ethische-kulturabbau-taglich-durch-die-grunen\/","og_site_name":"Feminissima","article_published_time":"2022-08-22T03:53:22+00:00","author":"fem","twitter_card":"summary_large_image","twitter_misc":{"Verfasst von":"fem","Gesch\u00e4tzte Lesezeit":"1\u00a0Minute"},"schema":{"@context":"https:\/\/schema.org","@graph":[{"@type":"WebPage","@id":"https:\/\/feminissima.de\/index.php\/2022\/08\/22\/der-sprachliche-inhaltliche-und-ethische-kulturabbau-taglich-durch-die-grunen\/","url":"https:\/\/feminissima.de\/index.php\/2022\/08\/22\/der-sprachliche-inhaltliche-und-ethische-kulturabbau-taglich-durch-die-grunen\/","name":"Der sprachliche, inhaltliche und ethische Kulturabbau, t\u00e4glich durch die \"Gr\u00fcnen\" .. - Feminissima","isPartOf":{"@id":"https:\/\/feminissima.de\/#website"},"datePublished":"2022-08-22T03:53:22+00:00","dateModified":"2022-08-22T03:53:22+00:00","author":{"@id":"https:\/\/feminissima.de\/#\/schema\/person\/5dea0fc707e9da59266a47da2f9a8210"},"breadcrumb":{"@id":"https:\/\/feminissima.de\/index.php\/2022\/08\/22\/der-sprachliche-inhaltliche-und-ethische-kulturabbau-taglich-durch-die-grunen\/#breadcrumb"},"inLanguage":"de","potentialAction":[{"@type":"ReadAction","target":["https:\/\/feminissima.de\/index.php\/2022\/08\/22\/der-sprachliche-inhaltliche-und-ethische-kulturabbau-taglich-durch-die-grunen\/"]}]},{"@type":"BreadcrumbList","@id":"https:\/\/feminissima.de\/index.php\/2022\/08\/22\/der-sprachliche-inhaltliche-und-ethische-kulturabbau-taglich-durch-die-grunen\/#breadcrumb","itemListElement":[{"@type":"ListItem","position":1,"name":"Startseite","item":"https:\/\/feminissima.de\/"},{"@type":"ListItem","position":2,"name":"Der sprachliche, inhaltliche und ethische Kulturabbau, t\u00e4glich durch die &#8222;Gr\u00fcnen&#8220; .."}]},{"@type":"WebSite","@id":"https:\/\/feminissima.de\/#website","url":"https:\/\/feminissima.de\/","name":"Feminissima","description":"","potentialAction":[{"@type":"SearchAction","target":{"@type":"EntryPoint","urlTemplate":"https:\/\/feminissima.de\/?s={search_term_string}"},"query-input":"required name=search_term_string"}],"inLanguage":"de"},{"@type":"Person","@id":"https:\/\/feminissima.de\/#\/schema\/person\/5dea0fc707e9da59266a47da2f9a8210","name":"fem","image":{"@type":"ImageObject","inLanguage":"de","@id":"https:\/\/feminissima.de\/#\/schema\/person\/image\/","url":"https:\/\/secure.gravatar.com\/avatar\/892e878e26ee6e7c1689c0b5183da4949c35fb291d0554f021db478bb42e3226?s=96&d=mm&r=g","contentUrl":"https:\/\/secure.gravatar.com\/avatar\/892e878e26ee6e7c1689c0b5183da4949c35fb291d0554f021db478bb42e3226?s=96&d=mm&r=g","caption":"fem"},"url":"https:\/\/feminissima.de\/index.php\/author\/fem\/"}]}},"jetpack_featured_media_url":"","_links":{"self":[{"href":"https:\/\/feminissima.de\/index.php\/wp-json\/wp\/v2\/posts\/88510","targetHints":{"allow":["GET"]}}],"collection":[{"href":"https:\/\/feminissima.de\/index.php\/wp-json\/wp\/v2\/posts"}],"about":[{"href":"https:\/\/feminissima.de\/index.php\/wp-json\/wp\/v2\/types\/post"}],"author":[{"embeddable":true,"href":"https:\/\/feminissima.de\/index.php\/wp-json\/wp\/v2\/users\/3"}],"replies":[{"embeddable":true,"href":"https:\/\/feminissima.de\/index.php\/wp-json\/wp\/v2\/comments?post=88510"}],"version-history":[{"count":0,"href":"https:\/\/feminissima.de\/index.php\/wp-json\/wp\/v2\/posts\/88510\/revisions"}],"wp:attachment":[{"href":"https:\/\/feminissima.de\/index.php\/wp-json\/wp\/v2\/media?parent=88510"}],"wp:term":[{"taxonomy":"category","embeddable":true,"href":"https:\/\/feminissima.de\/index.php\/wp-json\/wp\/v2\/categories?post=88510"},{"taxonomy":"post_tag","embeddable":true,"href":"https:\/\/feminissima.de\/index.php\/wp-json\/wp\/v2\/tags?post=88510"}],"curies":[{"name":"wp","href":"https:\/\/api.w.org\/{rel}","templated":true}]}}