{"id":88498,"date":"2022-08-14T05:07:37","date_gmt":"2022-08-14T03:07:37","guid":{"rendered":"https:\/\/www.feminissima.de\/?p=88498"},"modified":"2022-08-14T05:07:37","modified_gmt":"2022-08-14T03:07:37","slug":"der-13-august-war-gestern","status":"publish","type":"post","link":"https:\/\/feminissima.de\/index.php\/2022\/08\/14\/der-13-august-war-gestern\/","title":{"rendered":"Der 13. August. Eingeschwei\u00dft ins Sein wie sp\u00e4ter 9\/11&#8230;"},"content":{"rendered":"\n<p>du wei\u00dft genau, wo du warst&#8230; in jenem Sommer.. Wir als Teenager mit Familie an der Costa Brava. Von einer Sekunde auf die andere erstarb unser Lachen.  Drehten wir das Transsitorradio auf leise. 1961 bleibt. Nichts verblichen. Nichts verblasst. Doch mit dem Abstand w\u00e4chst f\u00fcr andere die Verkl\u00e4rung&#8230;   Bau der MAUER &#8230; Trennung&#8230;<\/p>\n\n\n\n<p>Sonntag schon &#8211; seit 4 Stunden.. Ausfl\u00fcge in die Vergangenheit dank des Internet&#8230;.Auffrischung auch.. statt auszugehen&#8230; Saturday night war es immerhin&#8230; vorhin noch&#8230;<\/p>\n","protected":false},"excerpt":{"rendered":"<p>du wei\u00dft genau, wo du warst&#8230; in jenem Sommer.. Wir als Teenager mit Familie an der Costa Brava. Von einer Sekunde auf die andere erstarb unser Lachen. Drehten wir das Transsitorradio auf leise. 1961 bleibt. Nichts verblichen. Nichts verblasst. Doch mit dem Abstand w\u00e4chst f\u00fcr andere die Verkl\u00e4rung&#8230; Bau der MAUER &#8230; Trennung&#8230; Sonntag schon&hellip; <a class=\"more-link\" href=\"https:\/\/feminissima.de\/index.php\/2022\/08\/14\/der-13-august-war-gestern\/\"><span class=\"screen-reader-text\">Der 13. August. Eingeschwei\u00dft ins Sein wie sp\u00e4ter 9\/11&#8230;<\/span> weiterlesen<\/a><\/p>\n","protected":false},"author":3,"featured_media":0,"comment_status":"closed","ping_status":"closed","sticky":false,"template":"","format":"standard","meta":{"footnotes":""},"categories":[6],"tags":[],"class_list":["post-88498","post","type-post","status-publish","format-standard","hentry","category-femleben","entry"],"yoast_head":"<!-- This site is optimized with the Yoast SEO plugin v21.0 - https:\/\/yoast.com\/wordpress\/plugins\/seo\/ -->\n<title>Der 13. August. Eingeschwei\u00dft ins Sein wie sp\u00e4ter 9\/11... - Feminissima<\/title>\n<meta name=\"robots\" content=\"index, follow, max-snippet:-1, max-image-preview:large, max-video-preview:-1\" \/>\n<link rel=\"canonical\" href=\"https:\/\/feminissima.de\/index.php\/2022\/08\/14\/der-13-august-war-gestern\/\" \/>\n<meta property=\"og:locale\" content=\"de_DE\" \/>\n<meta property=\"og:type\" content=\"article\" \/>\n<meta property=\"og:title\" content=\"Der 13. August. Eingeschwei\u00dft ins Sein wie sp\u00e4ter 9\/11... - Feminissima\" \/>\n<meta property=\"og:description\" content=\"du wei\u00dft genau, wo du warst&#8230; in jenem Sommer.. Wir als Teenager mit Familie an der Costa Brava. Von einer Sekunde auf die andere erstarb unser Lachen. Drehten wir das Transsitorradio auf leise. 1961 bleibt. Nichts verblichen. Nichts verblasst. Doch mit dem Abstand w\u00e4chst f\u00fcr andere die Verkl\u00e4rung&#8230; Bau der MAUER &#8230; Trennung&#8230; Sonntag schon&hellip; Der 13. August. Eingeschwei\u00dft ins Sein wie sp\u00e4ter 9\/11&#8230; weiterlesen\" \/>\n<meta property=\"og:url\" content=\"https:\/\/feminissima.de\/index.php\/2022\/08\/14\/der-13-august-war-gestern\/\" \/>\n<meta property=\"og:site_name\" content=\"Feminissima\" \/>\n<meta property=\"article:published_time\" content=\"2022-08-14T03:07:37+00:00\" \/>\n<meta name=\"author\" content=\"fem\" \/>\n<meta name=\"twitter:card\" content=\"summary_large_image\" \/>\n<meta name=\"twitter:label1\" content=\"Verfasst von\" \/>\n\t<meta name=\"twitter:data1\" content=\"fem\" \/>\n<script type=\"application\/ld+json\" class=\"yoast-schema-graph\">{\"@context\":\"https:\/\/schema.org\",\"@graph\":[{\"@type\":\"WebPage\",\"@id\":\"https:\/\/feminissima.de\/index.php\/2022\/08\/14\/der-13-august-war-gestern\/\",\"url\":\"https:\/\/feminissima.de\/index.php\/2022\/08\/14\/der-13-august-war-gestern\/\",\"name\":\"Der 13. August. Eingeschwei\u00dft ins Sein wie sp\u00e4ter 9\/11... - Feminissima\",\"isPartOf\":{\"@id\":\"https:\/\/feminissima.de\/#website\"},\"datePublished\":\"2022-08-14T03:07:37+00:00\",\"dateModified\":\"2022-08-14T03:07:37+00:00\",\"author\":{\"@id\":\"https:\/\/feminissima.de\/#\/schema\/person\/5dea0fc707e9da59266a47da2f9a8210\"},\"breadcrumb\":{\"@id\":\"https:\/\/feminissima.de\/index.php\/2022\/08\/14\/der-13-august-war-gestern\/#breadcrumb\"},\"inLanguage\":\"de\",\"potentialAction\":[{\"@type\":\"ReadAction\",\"target\":[\"https:\/\/feminissima.de\/index.php\/2022\/08\/14\/der-13-august-war-gestern\/\"]}]},{\"@type\":\"BreadcrumbList\",\"@id\":\"https:\/\/feminissima.de\/index.php\/2022\/08\/14\/der-13-august-war-gestern\/#breadcrumb\",\"itemListElement\":[{\"@type\":\"ListItem\",\"position\":1,\"name\":\"Startseite\",\"item\":\"https:\/\/feminissima.de\/\"},{\"@type\":\"ListItem\",\"position\":2,\"name\":\"Der 13. August. Eingeschwei\u00dft ins Sein wie sp\u00e4ter 9\/11&#8230;\"}]},{\"@type\":\"WebSite\",\"@id\":\"https:\/\/feminissima.de\/#website\",\"url\":\"https:\/\/feminissima.de\/\",\"name\":\"Feminissima\",\"description\":\"\",\"potentialAction\":[{\"@type\":\"SearchAction\",\"target\":{\"@type\":\"EntryPoint\",\"urlTemplate\":\"https:\/\/feminissima.de\/?s={search_term_string}\"},\"query-input\":\"required name=search_term_string\"}],\"inLanguage\":\"de\"},{\"@type\":\"Person\",\"@id\":\"https:\/\/feminissima.de\/#\/schema\/person\/5dea0fc707e9da59266a47da2f9a8210\",\"name\":\"fem\",\"image\":{\"@type\":\"ImageObject\",\"inLanguage\":\"de\",\"@id\":\"https:\/\/feminissima.de\/#\/schema\/person\/image\/\",\"url\":\"https:\/\/secure.gravatar.com\/avatar\/892e878e26ee6e7c1689c0b5183da4949c35fb291d0554f021db478bb42e3226?s=96&d=mm&r=g\",\"contentUrl\":\"https:\/\/secure.gravatar.com\/avatar\/892e878e26ee6e7c1689c0b5183da4949c35fb291d0554f021db478bb42e3226?s=96&d=mm&r=g\",\"caption\":\"fem\"},\"url\":\"https:\/\/feminissima.de\/index.php\/author\/fem\/\"}]}<\/script>\n<!-- \/ Yoast SEO plugin. -->","yoast_head_json":{"title":"Der 13. August. Eingeschwei\u00dft ins Sein wie sp\u00e4ter 9\/11... - Feminissima","robots":{"index":"index","follow":"follow","max-snippet":"max-snippet:-1","max-image-preview":"max-image-preview:large","max-video-preview":"max-video-preview:-1"},"canonical":"https:\/\/feminissima.de\/index.php\/2022\/08\/14\/der-13-august-war-gestern\/","og_locale":"de_DE","og_type":"article","og_title":"Der 13. August. Eingeschwei\u00dft ins Sein wie sp\u00e4ter 9\/11... - Feminissima","og_description":"du wei\u00dft genau, wo du warst&#8230; in jenem Sommer.. Wir als Teenager mit Familie an der Costa Brava. Von einer Sekunde auf die andere erstarb unser Lachen. Drehten wir das Transsitorradio auf leise. 1961 bleibt. Nichts verblichen. Nichts verblasst. Doch mit dem Abstand w\u00e4chst f\u00fcr andere die Verkl\u00e4rung&#8230; Bau der MAUER &#8230; Trennung&#8230; Sonntag schon&hellip; Der 13. August. Eingeschwei\u00dft ins Sein wie sp\u00e4ter 9\/11&#8230; weiterlesen","og_url":"https:\/\/feminissima.de\/index.php\/2022\/08\/14\/der-13-august-war-gestern\/","og_site_name":"Feminissima","article_published_time":"2022-08-14T03:07:37+00:00","author":"fem","twitter_card":"summary_large_image","twitter_misc":{"Verfasst von":"fem"},"schema":{"@context":"https:\/\/schema.org","@graph":[{"@type":"WebPage","@id":"https:\/\/feminissima.de\/index.php\/2022\/08\/14\/der-13-august-war-gestern\/","url":"https:\/\/feminissima.de\/index.php\/2022\/08\/14\/der-13-august-war-gestern\/","name":"Der 13. August. Eingeschwei\u00dft ins Sein wie sp\u00e4ter 9\/11... - Feminissima","isPartOf":{"@id":"https:\/\/feminissima.de\/#website"},"datePublished":"2022-08-14T03:07:37+00:00","dateModified":"2022-08-14T03:07:37+00:00","author":{"@id":"https:\/\/feminissima.de\/#\/schema\/person\/5dea0fc707e9da59266a47da2f9a8210"},"breadcrumb":{"@id":"https:\/\/feminissima.de\/index.php\/2022\/08\/14\/der-13-august-war-gestern\/#breadcrumb"},"inLanguage":"de","potentialAction":[{"@type":"ReadAction","target":["https:\/\/feminissima.de\/index.php\/2022\/08\/14\/der-13-august-war-gestern\/"]}]},{"@type":"BreadcrumbList","@id":"https:\/\/feminissima.de\/index.php\/2022\/08\/14\/der-13-august-war-gestern\/#breadcrumb","itemListElement":[{"@type":"ListItem","position":1,"name":"Startseite","item":"https:\/\/feminissima.de\/"},{"@type":"ListItem","position":2,"name":"Der 13. August. Eingeschwei\u00dft ins Sein wie sp\u00e4ter 9\/11&#8230;"}]},{"@type":"WebSite","@id":"https:\/\/feminissima.de\/#website","url":"https:\/\/feminissima.de\/","name":"Feminissima","description":"","potentialAction":[{"@type":"SearchAction","target":{"@type":"EntryPoint","urlTemplate":"https:\/\/feminissima.de\/?s={search_term_string}"},"query-input":"required name=search_term_string"}],"inLanguage":"de"},{"@type":"Person","@id":"https:\/\/feminissima.de\/#\/schema\/person\/5dea0fc707e9da59266a47da2f9a8210","name":"fem","image":{"@type":"ImageObject","inLanguage":"de","@id":"https:\/\/feminissima.de\/#\/schema\/person\/image\/","url":"https:\/\/secure.gravatar.com\/avatar\/892e878e26ee6e7c1689c0b5183da4949c35fb291d0554f021db478bb42e3226?s=96&d=mm&r=g","contentUrl":"https:\/\/secure.gravatar.com\/avatar\/892e878e26ee6e7c1689c0b5183da4949c35fb291d0554f021db478bb42e3226?s=96&d=mm&r=g","caption":"fem"},"url":"https:\/\/feminissima.de\/index.php\/author\/fem\/"}]}},"jetpack_featured_media_url":"","_links":{"self":[{"href":"https:\/\/feminissima.de\/index.php\/wp-json\/wp\/v2\/posts\/88498","targetHints":{"allow":["GET"]}}],"collection":[{"href":"https:\/\/feminissima.de\/index.php\/wp-json\/wp\/v2\/posts"}],"about":[{"href":"https:\/\/feminissima.de\/index.php\/wp-json\/wp\/v2\/types\/post"}],"author":[{"embeddable":true,"href":"https:\/\/feminissima.de\/index.php\/wp-json\/wp\/v2\/users\/3"}],"replies":[{"embeddable":true,"href":"https:\/\/feminissima.de\/index.php\/wp-json\/wp\/v2\/comments?post=88498"}],"version-history":[{"count":0,"href":"https:\/\/feminissima.de\/index.php\/wp-json\/wp\/v2\/posts\/88498\/revisions"}],"wp:attachment":[{"href":"https:\/\/feminissima.de\/index.php\/wp-json\/wp\/v2\/media?parent=88498"}],"wp:term":[{"taxonomy":"category","embeddable":true,"href":"https:\/\/feminissima.de\/index.php\/wp-json\/wp\/v2\/categories?post=88498"},{"taxonomy":"post_tag","embeddable":true,"href":"https:\/\/feminissima.de\/index.php\/wp-json\/wp\/v2\/tags?post=88498"}],"curies":[{"name":"wp","href":"https:\/\/api.w.org\/{rel}","templated":true}]}}