{"id":88491,"date":"2022-07-27T09:20:32","date_gmt":"2022-07-27T07:20:32","guid":{"rendered":"https:\/\/www.feminissima.de\/?p=88491"},"modified":"2022-07-27T09:20:32","modified_gmt":"2022-07-27T07:20:32","slug":"sommer-2022-soll-man-von-kriegssommer-2022-schreiben-sprechen","status":"publish","type":"post","link":"https:\/\/feminissima.de\/index.php\/2022\/07\/27\/sommer-2022-soll-man-von-kriegssommer-2022-schreiben-sprechen\/","title":{"rendered":"Sommer 2022 &#8211; soll man von &#8222;Kriegssommer 2022&#8220; schreiben, sprechen &#8211;"},"content":{"rendered":"\n<p>auch, wenn wir alle, au\u00dferhalb der Ukraine und Russland &#8222;nicht im Krieg&#8220; sind?  Die deutsche Presse jedenfalls tut alles, uns t\u00e4glich ein &#8222;Kriegsgef\u00fchl&#8220; zu vermitteln. \u00dcber die Politik, Moment, Marenga r\u00fcmpft die Nase, das sind Amateure, oder.. ? die da durch die letzte Bundeswahl an die Macht&#8230; die Gier nach Macht&#8230;. es hat uns nichts gebracht&#8230;also, wie unbeirrbar treue und in &#8211; der- Warteschlange-geduldig auf Text-Inputs lauernde, wartende Leserinnen und Leser wissen, ist Marenga &#8211; und mit ihr ihr Dauer-Krisenstab,  seit mehr als &#8222;vor ein paar Jahren&#8220; von Berlin auf die Insel im Atlantik ausgewandert&#8230; Teneriffa&#8230; allein der Name wie Musik.. Nein, nichts soll verkl\u00e4rt werden. Dieser Sommer ist durch und durch eine Katastrophe, Ihr Lieben.. Die Hitze tut das \u00dcbrige&#8230; Heute in der Fr\u00fch &#8211; so um 6 Uhr &#8211; war es ein Momentchen k\u00fchl&#8230;oder zumindest  frisch.. drau\u00dfen&#8230; dann schnell die Lamellen dicht..  35 Grad werden wieder erwartet. Kein Strand &#8211; zu hei\u00df. Da knickt auch das k\u00fchles Haus ein&#8230; aber es geht noch&#8230; Wer will sich schon beklagen, in diesen Tagen, da alles irgendwie den Bach runtergeht&#8230; Chrissy die Praktikantin ruft &#8211; Hey Marenga &#8211; tr\u00fcbsinnig..? Was ist los.. ?&#8220;  <\/p>\n\n\n\n<p>Ganz einfach- antwortet Marenga &#8211; &#8222;Das untr\u00fcgliche Talent gerade &#8230; liegt es in der Luft.. ? zerst\u00f6rerisch zu sein&#8230; ?&#8220;<\/p>\n","protected":false},"excerpt":{"rendered":"<p>auch, wenn wir alle, au\u00dferhalb der Ukraine und Russland &#8222;nicht im Krieg&#8220; sind? Die deutsche Presse jedenfalls tut alles, uns t\u00e4glich ein &#8222;Kriegsgef\u00fchl&#8220; zu vermitteln. \u00dcber die Politik, Moment, Marenga r\u00fcmpft die Nase, das sind Amateure, oder.. ? die da durch die letzte Bundeswahl an die Macht&#8230; die Gier nach Macht&#8230;. es hat uns nichts&hellip; <a class=\"more-link\" href=\"https:\/\/feminissima.de\/index.php\/2022\/07\/27\/sommer-2022-soll-man-von-kriegssommer-2022-schreiben-sprechen\/\"><span class=\"screen-reader-text\">Sommer 2022 &#8211; soll man von &#8222;Kriegssommer 2022&#8220; schreiben, sprechen &#8211;<\/span> weiterlesen<\/a><\/p>\n","protected":false},"author":3,"featured_media":0,"comment_status":"closed","ping_status":"closed","sticky":false,"template":"","format":"standard","meta":{"footnotes":""},"categories":[6],"tags":[],"class_list":["post-88491","post","type-post","status-publish","format-standard","hentry","category-femleben","entry"],"yoast_head":"<!-- This site is optimized with the Yoast SEO plugin v21.0 - https:\/\/yoast.com\/wordpress\/plugins\/seo\/ -->\n<title>Sommer 2022 - soll man von &quot;Kriegssommer 2022&quot; schreiben, sprechen - Feminissima<\/title>\n<meta name=\"robots\" content=\"index, follow, max-snippet:-1, max-image-preview:large, max-video-preview:-1\" \/>\n<link rel=\"canonical\" href=\"https:\/\/feminissima.de\/index.php\/2022\/07\/27\/sommer-2022-soll-man-von-kriegssommer-2022-schreiben-sprechen\/\" \/>\n<meta property=\"og:locale\" content=\"de_DE\" \/>\n<meta property=\"og:type\" content=\"article\" \/>\n<meta property=\"og:title\" content=\"Sommer 2022 - soll man von &quot;Kriegssommer 2022&quot; schreiben, sprechen - Feminissima\" \/>\n<meta property=\"og:description\" content=\"auch, wenn wir alle, au\u00dferhalb der Ukraine und Russland &#8222;nicht im Krieg&#8220; sind? Die deutsche Presse jedenfalls tut alles, uns t\u00e4glich ein &#8222;Kriegsgef\u00fchl&#8220; zu vermitteln. \u00dcber die Politik, Moment, Marenga r\u00fcmpft die Nase, das sind Amateure, oder.. ? die da durch die letzte Bundeswahl an die Macht&#8230; die Gier nach Macht&#8230;. es hat uns nichts&hellip; Sommer 2022 &#8211; soll man von &#8222;Kriegssommer 2022&#8220; schreiben, sprechen &#8211; weiterlesen\" \/>\n<meta property=\"og:url\" content=\"https:\/\/feminissima.de\/index.php\/2022\/07\/27\/sommer-2022-soll-man-von-kriegssommer-2022-schreiben-sprechen\/\" \/>\n<meta property=\"og:site_name\" content=\"Feminissima\" \/>\n<meta property=\"article:published_time\" content=\"2022-07-27T07:20:32+00:00\" \/>\n<meta name=\"author\" content=\"fem\" \/>\n<meta name=\"twitter:card\" content=\"summary_large_image\" \/>\n<meta name=\"twitter:label1\" content=\"Verfasst von\" \/>\n\t<meta name=\"twitter:data1\" content=\"fem\" \/>\n\t<meta name=\"twitter:label2\" content=\"Gesch\u00e4tzte Lesezeit\" \/>\n\t<meta name=\"twitter:data2\" content=\"1\u00a0Minute\" \/>\n<script type=\"application\/ld+json\" class=\"yoast-schema-graph\">{\"@context\":\"https:\/\/schema.org\",\"@graph\":[{\"@type\":\"WebPage\",\"@id\":\"https:\/\/feminissima.de\/index.php\/2022\/07\/27\/sommer-2022-soll-man-von-kriegssommer-2022-schreiben-sprechen\/\",\"url\":\"https:\/\/feminissima.de\/index.php\/2022\/07\/27\/sommer-2022-soll-man-von-kriegssommer-2022-schreiben-sprechen\/\",\"name\":\"Sommer 2022 - soll man von \\\"Kriegssommer 2022\\\" schreiben, sprechen - Feminissima\",\"isPartOf\":{\"@id\":\"https:\/\/feminissima.de\/#website\"},\"datePublished\":\"2022-07-27T07:20:32+00:00\",\"dateModified\":\"2022-07-27T07:20:32+00:00\",\"author\":{\"@id\":\"https:\/\/feminissima.de\/#\/schema\/person\/5dea0fc707e9da59266a47da2f9a8210\"},\"breadcrumb\":{\"@id\":\"https:\/\/feminissima.de\/index.php\/2022\/07\/27\/sommer-2022-soll-man-von-kriegssommer-2022-schreiben-sprechen\/#breadcrumb\"},\"inLanguage\":\"de\",\"potentialAction\":[{\"@type\":\"ReadAction\",\"target\":[\"https:\/\/feminissima.de\/index.php\/2022\/07\/27\/sommer-2022-soll-man-von-kriegssommer-2022-schreiben-sprechen\/\"]}]},{\"@type\":\"BreadcrumbList\",\"@id\":\"https:\/\/feminissima.de\/index.php\/2022\/07\/27\/sommer-2022-soll-man-von-kriegssommer-2022-schreiben-sprechen\/#breadcrumb\",\"itemListElement\":[{\"@type\":\"ListItem\",\"position\":1,\"name\":\"Startseite\",\"item\":\"https:\/\/feminissima.de\/\"},{\"@type\":\"ListItem\",\"position\":2,\"name\":\"Sommer 2022 &#8211; soll man von &#8222;Kriegssommer 2022&#8220; schreiben, sprechen &#8211;\"}]},{\"@type\":\"WebSite\",\"@id\":\"https:\/\/feminissima.de\/#website\",\"url\":\"https:\/\/feminissima.de\/\",\"name\":\"Feminissima\",\"description\":\"\",\"potentialAction\":[{\"@type\":\"SearchAction\",\"target\":{\"@type\":\"EntryPoint\",\"urlTemplate\":\"https:\/\/feminissima.de\/?s={search_term_string}\"},\"query-input\":\"required name=search_term_string\"}],\"inLanguage\":\"de\"},{\"@type\":\"Person\",\"@id\":\"https:\/\/feminissima.de\/#\/schema\/person\/5dea0fc707e9da59266a47da2f9a8210\",\"name\":\"fem\",\"image\":{\"@type\":\"ImageObject\",\"inLanguage\":\"de\",\"@id\":\"https:\/\/feminissima.de\/#\/schema\/person\/image\/\",\"url\":\"https:\/\/secure.gravatar.com\/avatar\/892e878e26ee6e7c1689c0b5183da4949c35fb291d0554f021db478bb42e3226?s=96&d=mm&r=g\",\"contentUrl\":\"https:\/\/secure.gravatar.com\/avatar\/892e878e26ee6e7c1689c0b5183da4949c35fb291d0554f021db478bb42e3226?s=96&d=mm&r=g\",\"caption\":\"fem\"},\"url\":\"https:\/\/feminissima.de\/index.php\/author\/fem\/\"}]}<\/script>\n<!-- \/ Yoast SEO plugin. -->","yoast_head_json":{"title":"Sommer 2022 - soll man von \"Kriegssommer 2022\" schreiben, sprechen - Feminissima","robots":{"index":"index","follow":"follow","max-snippet":"max-snippet:-1","max-image-preview":"max-image-preview:large","max-video-preview":"max-video-preview:-1"},"canonical":"https:\/\/feminissima.de\/index.php\/2022\/07\/27\/sommer-2022-soll-man-von-kriegssommer-2022-schreiben-sprechen\/","og_locale":"de_DE","og_type":"article","og_title":"Sommer 2022 - soll man von \"Kriegssommer 2022\" schreiben, sprechen - Feminissima","og_description":"auch, wenn wir alle, au\u00dferhalb der Ukraine und Russland &#8222;nicht im Krieg&#8220; sind? Die deutsche Presse jedenfalls tut alles, uns t\u00e4glich ein &#8222;Kriegsgef\u00fchl&#8220; zu vermitteln. \u00dcber die Politik, Moment, Marenga r\u00fcmpft die Nase, das sind Amateure, oder.. ? die da durch die letzte Bundeswahl an die Macht&#8230; die Gier nach Macht&#8230;. es hat uns nichts&hellip; Sommer 2022 &#8211; soll man von &#8222;Kriegssommer 2022&#8220; schreiben, sprechen &#8211; weiterlesen","og_url":"https:\/\/feminissima.de\/index.php\/2022\/07\/27\/sommer-2022-soll-man-von-kriegssommer-2022-schreiben-sprechen\/","og_site_name":"Feminissima","article_published_time":"2022-07-27T07:20:32+00:00","author":"fem","twitter_card":"summary_large_image","twitter_misc":{"Verfasst von":"fem","Gesch\u00e4tzte Lesezeit":"1\u00a0Minute"},"schema":{"@context":"https:\/\/schema.org","@graph":[{"@type":"WebPage","@id":"https:\/\/feminissima.de\/index.php\/2022\/07\/27\/sommer-2022-soll-man-von-kriegssommer-2022-schreiben-sprechen\/","url":"https:\/\/feminissima.de\/index.php\/2022\/07\/27\/sommer-2022-soll-man-von-kriegssommer-2022-schreiben-sprechen\/","name":"Sommer 2022 - soll man von \"Kriegssommer 2022\" schreiben, sprechen - Feminissima","isPartOf":{"@id":"https:\/\/feminissima.de\/#website"},"datePublished":"2022-07-27T07:20:32+00:00","dateModified":"2022-07-27T07:20:32+00:00","author":{"@id":"https:\/\/feminissima.de\/#\/schema\/person\/5dea0fc707e9da59266a47da2f9a8210"},"breadcrumb":{"@id":"https:\/\/feminissima.de\/index.php\/2022\/07\/27\/sommer-2022-soll-man-von-kriegssommer-2022-schreiben-sprechen\/#breadcrumb"},"inLanguage":"de","potentialAction":[{"@type":"ReadAction","target":["https:\/\/feminissima.de\/index.php\/2022\/07\/27\/sommer-2022-soll-man-von-kriegssommer-2022-schreiben-sprechen\/"]}]},{"@type":"BreadcrumbList","@id":"https:\/\/feminissima.de\/index.php\/2022\/07\/27\/sommer-2022-soll-man-von-kriegssommer-2022-schreiben-sprechen\/#breadcrumb","itemListElement":[{"@type":"ListItem","position":1,"name":"Startseite","item":"https:\/\/feminissima.de\/"},{"@type":"ListItem","position":2,"name":"Sommer 2022 &#8211; soll man von &#8222;Kriegssommer 2022&#8220; schreiben, sprechen &#8211;"}]},{"@type":"WebSite","@id":"https:\/\/feminissima.de\/#website","url":"https:\/\/feminissima.de\/","name":"Feminissima","description":"","potentialAction":[{"@type":"SearchAction","target":{"@type":"EntryPoint","urlTemplate":"https:\/\/feminissima.de\/?s={search_term_string}"},"query-input":"required name=search_term_string"}],"inLanguage":"de"},{"@type":"Person","@id":"https:\/\/feminissima.de\/#\/schema\/person\/5dea0fc707e9da59266a47da2f9a8210","name":"fem","image":{"@type":"ImageObject","inLanguage":"de","@id":"https:\/\/feminissima.de\/#\/schema\/person\/image\/","url":"https:\/\/secure.gravatar.com\/avatar\/892e878e26ee6e7c1689c0b5183da4949c35fb291d0554f021db478bb42e3226?s=96&d=mm&r=g","contentUrl":"https:\/\/secure.gravatar.com\/avatar\/892e878e26ee6e7c1689c0b5183da4949c35fb291d0554f021db478bb42e3226?s=96&d=mm&r=g","caption":"fem"},"url":"https:\/\/feminissima.de\/index.php\/author\/fem\/"}]}},"jetpack_featured_media_url":"","_links":{"self":[{"href":"https:\/\/feminissima.de\/index.php\/wp-json\/wp\/v2\/posts\/88491","targetHints":{"allow":["GET"]}}],"collection":[{"href":"https:\/\/feminissima.de\/index.php\/wp-json\/wp\/v2\/posts"}],"about":[{"href":"https:\/\/feminissima.de\/index.php\/wp-json\/wp\/v2\/types\/post"}],"author":[{"embeddable":true,"href":"https:\/\/feminissima.de\/index.php\/wp-json\/wp\/v2\/users\/3"}],"replies":[{"embeddable":true,"href":"https:\/\/feminissima.de\/index.php\/wp-json\/wp\/v2\/comments?post=88491"}],"version-history":[{"count":0,"href":"https:\/\/feminissima.de\/index.php\/wp-json\/wp\/v2\/posts\/88491\/revisions"}],"wp:attachment":[{"href":"https:\/\/feminissima.de\/index.php\/wp-json\/wp\/v2\/media?parent=88491"}],"wp:term":[{"taxonomy":"category","embeddable":true,"href":"https:\/\/feminissima.de\/index.php\/wp-json\/wp\/v2\/categories?post=88491"},{"taxonomy":"post_tag","embeddable":true,"href":"https:\/\/feminissima.de\/index.php\/wp-json\/wp\/v2\/tags?post=88491"}],"curies":[{"name":"wp","href":"https:\/\/api.w.org\/{rel}","templated":true}]}}