{"id":88457,"date":"2021-12-29T21:49:05","date_gmt":"2021-12-29T19:49:05","guid":{"rendered":"https:\/\/www.feminissima.de\/?p=88457"},"modified":"2021-12-29T21:49:05","modified_gmt":"2021-12-29T19:49:05","slug":"zwischen-den-jahren","status":"publish","type":"post","link":"https:\/\/feminissima.de\/index.php\/2021\/12\/29\/zwischen-den-jahren\/","title":{"rendered":"Zwischen den Jahren&#8230;"},"content":{"rendered":"\n<p>Wir alle kennen und lieben diesen Begriff&#8230;. Innehalten, Ferien, &#8230;mehr sp\u00e4ter&#8230; Es f\u00e4llt uns ja so vieles dazu ein&#8230; Sowohl als auch..<\/p>\n\n\n\n<p><\/p>\n\n\n\n<p>19 Uhr 49 auf Teneriffa &#8211; drau\u00dfen noch immer mild&#8230;. Auf der Terrasse&#8230;<\/p>\n\n\n\n<p><\/p>\n\n\n\n<p>Nein, es sind in diesen Zeiten nicht die Errinnerungen an Kindheit, Weihnachtsbaum und Plaetzchen, sondern an so viel Schmerzhaftes in diesem Jahr 2021&#8230;. , Die verheerende Flut im Ahrtal, das Afghanistan-Elend, un die unzaehligen in den Meeren Ertrunkenen, die von Europa und einem besseren Leben getr\u00e4umt hatten..Zwischen den Jahren, das ist so viel Trauer&#8230; <\/p>\n","protected":false},"excerpt":{"rendered":"<p>Wir alle kennen und lieben diesen Begriff&#8230;. Innehalten, Ferien, &#8230;mehr sp\u00e4ter&#8230; Es f\u00e4llt uns ja so vieles dazu ein&#8230; Sowohl als auch.. 19 Uhr 49 auf Teneriffa &#8211; drau\u00dfen noch immer mild&#8230;. Auf der Terrasse&#8230; Nein, es sind in diesen Zeiten nicht die Errinnerungen an Kindheit, Weihnachtsbaum und Plaetzchen, sondern an so viel Schmerzhaftes in&hellip; <a class=\"more-link\" href=\"https:\/\/feminissima.de\/index.php\/2021\/12\/29\/zwischen-den-jahren\/\"><span class=\"screen-reader-text\">Zwischen den Jahren&#8230;<\/span> weiterlesen<\/a><\/p>\n","protected":false},"author":3,"featured_media":0,"comment_status":"closed","ping_status":"closed","sticky":false,"template":"","format":"standard","meta":{"footnotes":""},"categories":[6],"tags":[],"class_list":["post-88457","post","type-post","status-publish","format-standard","hentry","category-femleben","entry"],"yoast_head":"<!-- This site is optimized with the Yoast SEO plugin v21.0 - https:\/\/yoast.com\/wordpress\/plugins\/seo\/ -->\n<title>Zwischen den Jahren... - Feminissima<\/title>\n<meta name=\"robots\" content=\"index, follow, max-snippet:-1, max-image-preview:large, max-video-preview:-1\" \/>\n<link rel=\"canonical\" href=\"https:\/\/feminissima.de\/index.php\/2021\/12\/29\/zwischen-den-jahren\/\" \/>\n<meta property=\"og:locale\" content=\"de_DE\" \/>\n<meta property=\"og:type\" content=\"article\" \/>\n<meta property=\"og:title\" content=\"Zwischen den Jahren... - Feminissima\" \/>\n<meta property=\"og:description\" content=\"Wir alle kennen und lieben diesen Begriff&#8230;. Innehalten, Ferien, &#8230;mehr sp\u00e4ter&#8230; Es f\u00e4llt uns ja so vieles dazu ein&#8230; Sowohl als auch.. 19 Uhr 49 auf Teneriffa &#8211; drau\u00dfen noch immer mild&#8230;. Auf der Terrasse&#8230; Nein, es sind in diesen Zeiten nicht die Errinnerungen an Kindheit, Weihnachtsbaum und Plaetzchen, sondern an so viel Schmerzhaftes in&hellip; Zwischen den Jahren&#8230; weiterlesen\" \/>\n<meta property=\"og:url\" content=\"https:\/\/feminissima.de\/index.php\/2021\/12\/29\/zwischen-den-jahren\/\" \/>\n<meta property=\"og:site_name\" content=\"Feminissima\" \/>\n<meta property=\"article:published_time\" content=\"2021-12-29T19:49:05+00:00\" \/>\n<meta name=\"author\" content=\"fem\" \/>\n<meta name=\"twitter:card\" content=\"summary_large_image\" \/>\n<meta name=\"twitter:label1\" content=\"Verfasst von\" \/>\n\t<meta name=\"twitter:data1\" content=\"fem\" \/>\n<script type=\"application\/ld+json\" class=\"yoast-schema-graph\">{\"@context\":\"https:\/\/schema.org\",\"@graph\":[{\"@type\":\"WebPage\",\"@id\":\"https:\/\/feminissima.de\/index.php\/2021\/12\/29\/zwischen-den-jahren\/\",\"url\":\"https:\/\/feminissima.de\/index.php\/2021\/12\/29\/zwischen-den-jahren\/\",\"name\":\"Zwischen den Jahren... - Feminissima\",\"isPartOf\":{\"@id\":\"https:\/\/feminissima.de\/#website\"},\"datePublished\":\"2021-12-29T19:49:05+00:00\",\"dateModified\":\"2021-12-29T19:49:05+00:00\",\"author\":{\"@id\":\"https:\/\/feminissima.de\/#\/schema\/person\/5dea0fc707e9da59266a47da2f9a8210\"},\"breadcrumb\":{\"@id\":\"https:\/\/feminissima.de\/index.php\/2021\/12\/29\/zwischen-den-jahren\/#breadcrumb\"},\"inLanguage\":\"de\",\"potentialAction\":[{\"@type\":\"ReadAction\",\"target\":[\"https:\/\/feminissima.de\/index.php\/2021\/12\/29\/zwischen-den-jahren\/\"]}]},{\"@type\":\"BreadcrumbList\",\"@id\":\"https:\/\/feminissima.de\/index.php\/2021\/12\/29\/zwischen-den-jahren\/#breadcrumb\",\"itemListElement\":[{\"@type\":\"ListItem\",\"position\":1,\"name\":\"Startseite\",\"item\":\"https:\/\/feminissima.de\/\"},{\"@type\":\"ListItem\",\"position\":2,\"name\":\"Zwischen den Jahren&#8230;\"}]},{\"@type\":\"WebSite\",\"@id\":\"https:\/\/feminissima.de\/#website\",\"url\":\"https:\/\/feminissima.de\/\",\"name\":\"Feminissima\",\"description\":\"\",\"potentialAction\":[{\"@type\":\"SearchAction\",\"target\":{\"@type\":\"EntryPoint\",\"urlTemplate\":\"https:\/\/feminissima.de\/?s={search_term_string}\"},\"query-input\":\"required name=search_term_string\"}],\"inLanguage\":\"de\"},{\"@type\":\"Person\",\"@id\":\"https:\/\/feminissima.de\/#\/schema\/person\/5dea0fc707e9da59266a47da2f9a8210\",\"name\":\"fem\",\"image\":{\"@type\":\"ImageObject\",\"inLanguage\":\"de\",\"@id\":\"https:\/\/feminissima.de\/#\/schema\/person\/image\/\",\"url\":\"https:\/\/secure.gravatar.com\/avatar\/892e878e26ee6e7c1689c0b5183da4949c35fb291d0554f021db478bb42e3226?s=96&d=mm&r=g\",\"contentUrl\":\"https:\/\/secure.gravatar.com\/avatar\/892e878e26ee6e7c1689c0b5183da4949c35fb291d0554f021db478bb42e3226?s=96&d=mm&r=g\",\"caption\":\"fem\"},\"url\":\"https:\/\/feminissima.de\/index.php\/author\/fem\/\"}]}<\/script>\n<!-- \/ Yoast SEO plugin. -->","yoast_head_json":{"title":"Zwischen den Jahren... - Feminissima","robots":{"index":"index","follow":"follow","max-snippet":"max-snippet:-1","max-image-preview":"max-image-preview:large","max-video-preview":"max-video-preview:-1"},"canonical":"https:\/\/feminissima.de\/index.php\/2021\/12\/29\/zwischen-den-jahren\/","og_locale":"de_DE","og_type":"article","og_title":"Zwischen den Jahren... - Feminissima","og_description":"Wir alle kennen und lieben diesen Begriff&#8230;. Innehalten, Ferien, &#8230;mehr sp\u00e4ter&#8230; Es f\u00e4llt uns ja so vieles dazu ein&#8230; Sowohl als auch.. 19 Uhr 49 auf Teneriffa &#8211; drau\u00dfen noch immer mild&#8230;. Auf der Terrasse&#8230; Nein, es sind in diesen Zeiten nicht die Errinnerungen an Kindheit, Weihnachtsbaum und Plaetzchen, sondern an so viel Schmerzhaftes in&hellip; Zwischen den Jahren&#8230; weiterlesen","og_url":"https:\/\/feminissima.de\/index.php\/2021\/12\/29\/zwischen-den-jahren\/","og_site_name":"Feminissima","article_published_time":"2021-12-29T19:49:05+00:00","author":"fem","twitter_card":"summary_large_image","twitter_misc":{"Verfasst von":"fem"},"schema":{"@context":"https:\/\/schema.org","@graph":[{"@type":"WebPage","@id":"https:\/\/feminissima.de\/index.php\/2021\/12\/29\/zwischen-den-jahren\/","url":"https:\/\/feminissima.de\/index.php\/2021\/12\/29\/zwischen-den-jahren\/","name":"Zwischen den Jahren... - Feminissima","isPartOf":{"@id":"https:\/\/feminissima.de\/#website"},"datePublished":"2021-12-29T19:49:05+00:00","dateModified":"2021-12-29T19:49:05+00:00","author":{"@id":"https:\/\/feminissima.de\/#\/schema\/person\/5dea0fc707e9da59266a47da2f9a8210"},"breadcrumb":{"@id":"https:\/\/feminissima.de\/index.php\/2021\/12\/29\/zwischen-den-jahren\/#breadcrumb"},"inLanguage":"de","potentialAction":[{"@type":"ReadAction","target":["https:\/\/feminissima.de\/index.php\/2021\/12\/29\/zwischen-den-jahren\/"]}]},{"@type":"BreadcrumbList","@id":"https:\/\/feminissima.de\/index.php\/2021\/12\/29\/zwischen-den-jahren\/#breadcrumb","itemListElement":[{"@type":"ListItem","position":1,"name":"Startseite","item":"https:\/\/feminissima.de\/"},{"@type":"ListItem","position":2,"name":"Zwischen den Jahren&#8230;"}]},{"@type":"WebSite","@id":"https:\/\/feminissima.de\/#website","url":"https:\/\/feminissima.de\/","name":"Feminissima","description":"","potentialAction":[{"@type":"SearchAction","target":{"@type":"EntryPoint","urlTemplate":"https:\/\/feminissima.de\/?s={search_term_string}"},"query-input":"required name=search_term_string"}],"inLanguage":"de"},{"@type":"Person","@id":"https:\/\/feminissima.de\/#\/schema\/person\/5dea0fc707e9da59266a47da2f9a8210","name":"fem","image":{"@type":"ImageObject","inLanguage":"de","@id":"https:\/\/feminissima.de\/#\/schema\/person\/image\/","url":"https:\/\/secure.gravatar.com\/avatar\/892e878e26ee6e7c1689c0b5183da4949c35fb291d0554f021db478bb42e3226?s=96&d=mm&r=g","contentUrl":"https:\/\/secure.gravatar.com\/avatar\/892e878e26ee6e7c1689c0b5183da4949c35fb291d0554f021db478bb42e3226?s=96&d=mm&r=g","caption":"fem"},"url":"https:\/\/feminissima.de\/index.php\/author\/fem\/"}]}},"jetpack_featured_media_url":"","_links":{"self":[{"href":"https:\/\/feminissima.de\/index.php\/wp-json\/wp\/v2\/posts\/88457","targetHints":{"allow":["GET"]}}],"collection":[{"href":"https:\/\/feminissima.de\/index.php\/wp-json\/wp\/v2\/posts"}],"about":[{"href":"https:\/\/feminissima.de\/index.php\/wp-json\/wp\/v2\/types\/post"}],"author":[{"embeddable":true,"href":"https:\/\/feminissima.de\/index.php\/wp-json\/wp\/v2\/users\/3"}],"replies":[{"embeddable":true,"href":"https:\/\/feminissima.de\/index.php\/wp-json\/wp\/v2\/comments?post=88457"}],"version-history":[{"count":0,"href":"https:\/\/feminissima.de\/index.php\/wp-json\/wp\/v2\/posts\/88457\/revisions"}],"wp:attachment":[{"href":"https:\/\/feminissima.de\/index.php\/wp-json\/wp\/v2\/media?parent=88457"}],"wp:term":[{"taxonomy":"category","embeddable":true,"href":"https:\/\/feminissima.de\/index.php\/wp-json\/wp\/v2\/categories?post=88457"},{"taxonomy":"post_tag","embeddable":true,"href":"https:\/\/feminissima.de\/index.php\/wp-json\/wp\/v2\/tags?post=88457"}],"curies":[{"name":"wp","href":"https:\/\/api.w.org\/{rel}","templated":true}]}}