{"id":88452,"date":"2021-12-28T20:18:48","date_gmt":"2021-12-28T18:18:48","guid":{"rendered":"https:\/\/www.feminissima.de\/?p=88452"},"modified":"2021-12-28T20:18:48","modified_gmt":"2021-12-28T18:18:48","slug":"birgit-vanderbeke-ist-am-24-dezember-plotzlich-und-unerwartet-gestorben","status":"publish","type":"post","link":"https:\/\/feminissima.de\/index.php\/2021\/12\/28\/birgit-vanderbeke-ist-am-24-dezember-plotzlich-und-unerwartet-gestorben\/","title":{"rendered":"Birgit Vanderbeke ist am 24. Dezember &#8222;pl\u00f6tzlich und unerwartet&#8220; gestorben"},"content":{"rendered":"\n<p>https:\/\/www.rubikon.news\/autoren\/birgit-vanderbeke<\/p>\n\n\n\n<p>&#8222;ploetzlich und unerwartet&#8220; &#8211; Bei Twitter war das ein hashtag f\u00fcr pl\u00f6tzlichen Tod nach Geimpftsein. Ich selbst bin von Twitter j\u00e4h und unerwartet eine Woche oder zwei vor Weihnachten gesperrt worden, als ich mal testen wolte, was bei rauskommt, wenn man als Geburtsjahr 2021 angibt. Die Antwort kam prompt &#8211; &#8222;Erst mit 13 Jahren ist Teilnahme an Twitter erlaubt. Prima. Seither schreibt FEMINISSIMA wieder&#8230; statt allen Witz bei Twitter zu vertun&#8230; Die Birgit. Gerade war sie noch, und daher ist die Tr\u00e4ne echt, vom SWR &#8211; LiteraturRanking mit ihrem j\u00fcngsten Roman zu den besten 10 Autor-Innen des Dezember vorgeschlagen worden. Crissie schaut mal genauer nach. Ja, das ist sehr sehr traurig &#8211; Sie war erst 66 Jahre alt&#8230;.<\/p>\n\n\n\n<p><\/p>\n\n\n\n<p>18 Uhr 20 &#8211; Teneriffa, allm\u00e4hlich wird es dunkel&#8230;<\/p>\n","protected":false},"excerpt":{"rendered":"<p>https:\/\/www.rubikon.news\/autoren\/birgit-vanderbeke &#8222;ploetzlich und unerwartet&#8220; &#8211; Bei Twitter war das ein hashtag f\u00fcr pl\u00f6tzlichen Tod nach Geimpftsein. Ich selbst bin von Twitter j\u00e4h und unerwartet eine Woche oder zwei vor Weihnachten gesperrt worden, als ich mal testen wolte, was bei rauskommt, wenn man als Geburtsjahr 2021 angibt. Die Antwort kam prompt &#8211; &#8222;Erst mit 13 Jahren&hellip; <a class=\"more-link\" href=\"https:\/\/feminissima.de\/index.php\/2021\/12\/28\/birgit-vanderbeke-ist-am-24-dezember-plotzlich-und-unerwartet-gestorben\/\"><span class=\"screen-reader-text\">Birgit Vanderbeke ist am 24. Dezember &#8222;pl\u00f6tzlich und unerwartet&#8220; gestorben<\/span> weiterlesen<\/a><\/p>\n","protected":false},"author":3,"featured_media":0,"comment_status":"closed","ping_status":"closed","sticky":false,"template":"","format":"standard","meta":{"footnotes":""},"categories":[6],"tags":[],"class_list":["post-88452","post","type-post","status-publish","format-standard","hentry","category-femleben","entry"],"yoast_head":"<!-- This site is optimized with the Yoast SEO plugin v21.0 - https:\/\/yoast.com\/wordpress\/plugins\/seo\/ -->\n<title>Birgit Vanderbeke ist am 24. Dezember &quot;pl\u00f6tzlich und unerwartet&quot; gestorben - Feminissima<\/title>\n<meta name=\"robots\" content=\"index, follow, max-snippet:-1, max-image-preview:large, max-video-preview:-1\" \/>\n<link rel=\"canonical\" href=\"https:\/\/feminissima.de\/index.php\/2021\/12\/28\/birgit-vanderbeke-ist-am-24-dezember-plotzlich-und-unerwartet-gestorben\/\" \/>\n<meta property=\"og:locale\" content=\"de_DE\" \/>\n<meta property=\"og:type\" content=\"article\" \/>\n<meta property=\"og:title\" content=\"Birgit Vanderbeke ist am 24. Dezember &quot;pl\u00f6tzlich und unerwartet&quot; gestorben - Feminissima\" \/>\n<meta property=\"og:description\" content=\"https:\/\/www.rubikon.news\/autoren\/birgit-vanderbeke &#8222;ploetzlich und unerwartet&#8220; &#8211; Bei Twitter war das ein hashtag f\u00fcr pl\u00f6tzlichen Tod nach Geimpftsein. Ich selbst bin von Twitter j\u00e4h und unerwartet eine Woche oder zwei vor Weihnachten gesperrt worden, als ich mal testen wolte, was bei rauskommt, wenn man als Geburtsjahr 2021 angibt. Die Antwort kam prompt &#8211; &#8222;Erst mit 13 Jahren&hellip; Birgit Vanderbeke ist am 24. Dezember &#8222;pl\u00f6tzlich und unerwartet&#8220; gestorben weiterlesen\" \/>\n<meta property=\"og:url\" content=\"https:\/\/feminissima.de\/index.php\/2021\/12\/28\/birgit-vanderbeke-ist-am-24-dezember-plotzlich-und-unerwartet-gestorben\/\" \/>\n<meta property=\"og:site_name\" content=\"Feminissima\" \/>\n<meta property=\"article:published_time\" content=\"2021-12-28T18:18:48+00:00\" \/>\n<meta name=\"author\" content=\"fem\" \/>\n<meta name=\"twitter:card\" content=\"summary_large_image\" \/>\n<meta name=\"twitter:label1\" content=\"Verfasst von\" \/>\n\t<meta name=\"twitter:data1\" content=\"fem\" \/>\n\t<meta name=\"twitter:label2\" content=\"Gesch\u00e4tzte Lesezeit\" \/>\n\t<meta name=\"twitter:data2\" content=\"1\u00a0Minute\" \/>\n<script type=\"application\/ld+json\" class=\"yoast-schema-graph\">{\"@context\":\"https:\/\/schema.org\",\"@graph\":[{\"@type\":\"WebPage\",\"@id\":\"https:\/\/feminissima.de\/index.php\/2021\/12\/28\/birgit-vanderbeke-ist-am-24-dezember-plotzlich-und-unerwartet-gestorben\/\",\"url\":\"https:\/\/feminissima.de\/index.php\/2021\/12\/28\/birgit-vanderbeke-ist-am-24-dezember-plotzlich-und-unerwartet-gestorben\/\",\"name\":\"Birgit Vanderbeke ist am 24. Dezember \\\"pl\u00f6tzlich und unerwartet\\\" gestorben - Feminissima\",\"isPartOf\":{\"@id\":\"https:\/\/feminissima.de\/#website\"},\"datePublished\":\"2021-12-28T18:18:48+00:00\",\"dateModified\":\"2021-12-28T18:18:48+00:00\",\"author\":{\"@id\":\"https:\/\/feminissima.de\/#\/schema\/person\/5dea0fc707e9da59266a47da2f9a8210\"},\"breadcrumb\":{\"@id\":\"https:\/\/feminissima.de\/index.php\/2021\/12\/28\/birgit-vanderbeke-ist-am-24-dezember-plotzlich-und-unerwartet-gestorben\/#breadcrumb\"},\"inLanguage\":\"de\",\"potentialAction\":[{\"@type\":\"ReadAction\",\"target\":[\"https:\/\/feminissima.de\/index.php\/2021\/12\/28\/birgit-vanderbeke-ist-am-24-dezember-plotzlich-und-unerwartet-gestorben\/\"]}]},{\"@type\":\"BreadcrumbList\",\"@id\":\"https:\/\/feminissima.de\/index.php\/2021\/12\/28\/birgit-vanderbeke-ist-am-24-dezember-plotzlich-und-unerwartet-gestorben\/#breadcrumb\",\"itemListElement\":[{\"@type\":\"ListItem\",\"position\":1,\"name\":\"Startseite\",\"item\":\"https:\/\/feminissima.de\/\"},{\"@type\":\"ListItem\",\"position\":2,\"name\":\"Birgit Vanderbeke ist am 24. Dezember &#8222;pl\u00f6tzlich und unerwartet&#8220; gestorben\"}]},{\"@type\":\"WebSite\",\"@id\":\"https:\/\/feminissima.de\/#website\",\"url\":\"https:\/\/feminissima.de\/\",\"name\":\"Feminissima\",\"description\":\"\",\"potentialAction\":[{\"@type\":\"SearchAction\",\"target\":{\"@type\":\"EntryPoint\",\"urlTemplate\":\"https:\/\/feminissima.de\/?s={search_term_string}\"},\"query-input\":\"required name=search_term_string\"}],\"inLanguage\":\"de\"},{\"@type\":\"Person\",\"@id\":\"https:\/\/feminissima.de\/#\/schema\/person\/5dea0fc707e9da59266a47da2f9a8210\",\"name\":\"fem\",\"image\":{\"@type\":\"ImageObject\",\"inLanguage\":\"de\",\"@id\":\"https:\/\/feminissima.de\/#\/schema\/person\/image\/\",\"url\":\"https:\/\/secure.gravatar.com\/avatar\/892e878e26ee6e7c1689c0b5183da4949c35fb291d0554f021db478bb42e3226?s=96&d=mm&r=g\",\"contentUrl\":\"https:\/\/secure.gravatar.com\/avatar\/892e878e26ee6e7c1689c0b5183da4949c35fb291d0554f021db478bb42e3226?s=96&d=mm&r=g\",\"caption\":\"fem\"},\"url\":\"https:\/\/feminissima.de\/index.php\/author\/fem\/\"}]}<\/script>\n<!-- \/ Yoast SEO plugin. -->","yoast_head_json":{"title":"Birgit Vanderbeke ist am 24. Dezember \"pl\u00f6tzlich und unerwartet\" gestorben - Feminissima","robots":{"index":"index","follow":"follow","max-snippet":"max-snippet:-1","max-image-preview":"max-image-preview:large","max-video-preview":"max-video-preview:-1"},"canonical":"https:\/\/feminissima.de\/index.php\/2021\/12\/28\/birgit-vanderbeke-ist-am-24-dezember-plotzlich-und-unerwartet-gestorben\/","og_locale":"de_DE","og_type":"article","og_title":"Birgit Vanderbeke ist am 24. Dezember \"pl\u00f6tzlich und unerwartet\" gestorben - Feminissima","og_description":"https:\/\/www.rubikon.news\/autoren\/birgit-vanderbeke &#8222;ploetzlich und unerwartet&#8220; &#8211; Bei Twitter war das ein hashtag f\u00fcr pl\u00f6tzlichen Tod nach Geimpftsein. Ich selbst bin von Twitter j\u00e4h und unerwartet eine Woche oder zwei vor Weihnachten gesperrt worden, als ich mal testen wolte, was bei rauskommt, wenn man als Geburtsjahr 2021 angibt. Die Antwort kam prompt &#8211; &#8222;Erst mit 13 Jahren&hellip; Birgit Vanderbeke ist am 24. Dezember &#8222;pl\u00f6tzlich und unerwartet&#8220; gestorben weiterlesen","og_url":"https:\/\/feminissima.de\/index.php\/2021\/12\/28\/birgit-vanderbeke-ist-am-24-dezember-plotzlich-und-unerwartet-gestorben\/","og_site_name":"Feminissima","article_published_time":"2021-12-28T18:18:48+00:00","author":"fem","twitter_card":"summary_large_image","twitter_misc":{"Verfasst von":"fem","Gesch\u00e4tzte Lesezeit":"1\u00a0Minute"},"schema":{"@context":"https:\/\/schema.org","@graph":[{"@type":"WebPage","@id":"https:\/\/feminissima.de\/index.php\/2021\/12\/28\/birgit-vanderbeke-ist-am-24-dezember-plotzlich-und-unerwartet-gestorben\/","url":"https:\/\/feminissima.de\/index.php\/2021\/12\/28\/birgit-vanderbeke-ist-am-24-dezember-plotzlich-und-unerwartet-gestorben\/","name":"Birgit Vanderbeke ist am 24. Dezember \"pl\u00f6tzlich und unerwartet\" gestorben - Feminissima","isPartOf":{"@id":"https:\/\/feminissima.de\/#website"},"datePublished":"2021-12-28T18:18:48+00:00","dateModified":"2021-12-28T18:18:48+00:00","author":{"@id":"https:\/\/feminissima.de\/#\/schema\/person\/5dea0fc707e9da59266a47da2f9a8210"},"breadcrumb":{"@id":"https:\/\/feminissima.de\/index.php\/2021\/12\/28\/birgit-vanderbeke-ist-am-24-dezember-plotzlich-und-unerwartet-gestorben\/#breadcrumb"},"inLanguage":"de","potentialAction":[{"@type":"ReadAction","target":["https:\/\/feminissima.de\/index.php\/2021\/12\/28\/birgit-vanderbeke-ist-am-24-dezember-plotzlich-und-unerwartet-gestorben\/"]}]},{"@type":"BreadcrumbList","@id":"https:\/\/feminissima.de\/index.php\/2021\/12\/28\/birgit-vanderbeke-ist-am-24-dezember-plotzlich-und-unerwartet-gestorben\/#breadcrumb","itemListElement":[{"@type":"ListItem","position":1,"name":"Startseite","item":"https:\/\/feminissima.de\/"},{"@type":"ListItem","position":2,"name":"Birgit Vanderbeke ist am 24. Dezember &#8222;pl\u00f6tzlich und unerwartet&#8220; gestorben"}]},{"@type":"WebSite","@id":"https:\/\/feminissima.de\/#website","url":"https:\/\/feminissima.de\/","name":"Feminissima","description":"","potentialAction":[{"@type":"SearchAction","target":{"@type":"EntryPoint","urlTemplate":"https:\/\/feminissima.de\/?s={search_term_string}"},"query-input":"required name=search_term_string"}],"inLanguage":"de"},{"@type":"Person","@id":"https:\/\/feminissima.de\/#\/schema\/person\/5dea0fc707e9da59266a47da2f9a8210","name":"fem","image":{"@type":"ImageObject","inLanguage":"de","@id":"https:\/\/feminissima.de\/#\/schema\/person\/image\/","url":"https:\/\/secure.gravatar.com\/avatar\/892e878e26ee6e7c1689c0b5183da4949c35fb291d0554f021db478bb42e3226?s=96&d=mm&r=g","contentUrl":"https:\/\/secure.gravatar.com\/avatar\/892e878e26ee6e7c1689c0b5183da4949c35fb291d0554f021db478bb42e3226?s=96&d=mm&r=g","caption":"fem"},"url":"https:\/\/feminissima.de\/index.php\/author\/fem\/"}]}},"jetpack_featured_media_url":"","_links":{"self":[{"href":"https:\/\/feminissima.de\/index.php\/wp-json\/wp\/v2\/posts\/88452","targetHints":{"allow":["GET"]}}],"collection":[{"href":"https:\/\/feminissima.de\/index.php\/wp-json\/wp\/v2\/posts"}],"about":[{"href":"https:\/\/feminissima.de\/index.php\/wp-json\/wp\/v2\/types\/post"}],"author":[{"embeddable":true,"href":"https:\/\/feminissima.de\/index.php\/wp-json\/wp\/v2\/users\/3"}],"replies":[{"embeddable":true,"href":"https:\/\/feminissima.de\/index.php\/wp-json\/wp\/v2\/comments?post=88452"}],"version-history":[{"count":0,"href":"https:\/\/feminissima.de\/index.php\/wp-json\/wp\/v2\/posts\/88452\/revisions"}],"wp:attachment":[{"href":"https:\/\/feminissima.de\/index.php\/wp-json\/wp\/v2\/media?parent=88452"}],"wp:term":[{"taxonomy":"category","embeddable":true,"href":"https:\/\/feminissima.de\/index.php\/wp-json\/wp\/v2\/categories?post=88452"},{"taxonomy":"post_tag","embeddable":true,"href":"https:\/\/feminissima.de\/index.php\/wp-json\/wp\/v2\/tags?post=88452"}],"curies":[{"name":"wp","href":"https:\/\/api.w.org\/{rel}","templated":true}]}}