{"id":88395,"date":"2021-12-26T18:27:54","date_gmt":"2021-12-26T16:27:54","guid":{"rendered":"https:\/\/www.feminissima.de\/?p=88395"},"modified":"2021-12-26T18:27:54","modified_gmt":"2021-12-26T16:27:54","slug":"typisch-deutsch-kaum-ist-weihnachten-uberstanden","status":"publish","type":"post","link":"https:\/\/feminissima.de\/index.php\/2021\/12\/26\/typisch-deutsch-kaum-ist-weihnachten-uberstanden\/","title":{"rendered":"Typisch deutsch: Kaum ist Weihnachten \u00fcberstanden &#8211;"},"content":{"rendered":"\n<p>update &#8211; was meist heisst, den Tippfehlern auf der Spur gewesen.. 16 Uhr 37.. auf Teneriffa..<\/p>\n\n\n\n<p><\/p>\n\n\n\n<p>schl\u00e4gt die inzwischen doch etwas in die Jahre gekommene BRIGITTE vor &#8211; was bei &#8222;Voellegef\u00fchl&#8220; zu tun sei, sowieso zynisch, das merken die nie, angesichts des Hungers und der Not in der Welt, nur der <br \/>Deutsche muss sich angeblich allj\u00e4hrlich zu Weihnachten so voll-fressen, mal so drastisch formuliert, wie es wohl gemeint ist, dass dann die Schreiberlinge allererorten glauben, Tipps gegen &#8222;Magendr\u00fccken&#8220; geben zu m\u00fcssen- unser Tipp ist einfach und gratis &#8211; einfach gar nichts essen.  <\/p>\n\n\n\n<p>Ah, B\u00e4mm! das nat\u00fcrlich gleich das n\u00e4chste Theme &#8211; die Burda-Clique, der FOCUS fragt heute ganz scheinheilig.. nettes Wortspiel gerade&#8230;nicht wahr.. ?? &#8211; &#8222;Bin ich mit der neuen Virus-Variante infiziert ?&#8220;<\/p>\n\n\n\n<p><\/p>\n\n\n\n<p>und gibt als Symptom &#8211; das glaubst du ja kaum noch &#8211; &#8222;Appetitlosigkeit&#8220; an &#8211; <\/p>\n\n\n\n<p><\/p>\n\n\n\n<p>und vulg\u00e4r, wie die Deutschen t\u00e4glich mehr, vor allem diese mainstream-Presse der Konzerne &#8211; &#8222;wenn Tante XYZ an den Feiertagen sich nicht wie \u00fcblich den Magen vollgeschlagen hat, ist sie wahrscheinlich schon mit der O-Variante infiziert..&#8220;<\/p>\n\n\n\n<p><\/p>\n\n\n\n<p>Ach Leute, &#8211; der so reich-vulg\u00e4ren Medien-Konzerne &#8211; <\/p>\n\n\n\n<p>DARF es mal eine Nummer vornehmer sein&#8230;???  Weniger trivial und vulg\u00e4r, und den Deutschen schlimmer machend, als er vielleicht ist..? vor allem sind es ja immer dann die Tanten, es ist niemals der Onkel, die sich den Magen, was das alles impliziert &#8211; sie ist als ungebetene alte Jungfer zu Gast, ohne Kind und Rind, nicht wahr,  schl\u00e4gt sich den Magen voll. Es ist wirklich zum Spei-uebeln, wer das was schreibt und manipuliert, geistlos hetzt und vergr\u00e4tzt. <\/p>\n\n\n\n<p><\/p>\n\n\n\n<p>Es gr\u00fcsst Euch Eure FEMINISSIMA um 16 Uhr 27 local time auf Teneriffa, bei Sonne am Nachmittag &#8211; und nicht im Herzen&#8230; <\/p>\n\n\n\n<p><\/p>\n\n\n\n<p><\/p>\n","protected":false},"excerpt":{"rendered":"<p>update &#8211; was meist heisst, den Tippfehlern auf der Spur gewesen.. 16 Uhr 37.. auf Teneriffa.. schl\u00e4gt die inzwischen doch etwas in die Jahre gekommene BRIGITTE vor &#8211; was bei &#8222;Voellegef\u00fchl&#8220; zu tun sei, sowieso zynisch, das merken die nie, angesichts des Hungers und der Not in der Welt, nur der Deutsche muss sich angeblich&hellip; <a class=\"more-link\" href=\"https:\/\/feminissima.de\/index.php\/2021\/12\/26\/typisch-deutsch-kaum-ist-weihnachten-uberstanden\/\"><span class=\"screen-reader-text\">Typisch deutsch: Kaum ist Weihnachten \u00fcberstanden &#8211;<\/span> weiterlesen<\/a><\/p>\n","protected":false},"author":3,"featured_media":0,"comment_status":"closed","ping_status":"closed","sticky":false,"template":"","format":"standard","meta":{"footnotes":""},"categories":[6],"tags":[],"class_list":["post-88395","post","type-post","status-publish","format-standard","hentry","category-femleben","entry"],"yoast_head":"<!-- This site is optimized with the Yoast SEO plugin v21.0 - https:\/\/yoast.com\/wordpress\/plugins\/seo\/ -->\n<title>Typisch deutsch: Kaum ist Weihnachten \u00fcberstanden - Feminissima<\/title>\n<meta name=\"robots\" content=\"index, follow, max-snippet:-1, max-image-preview:large, max-video-preview:-1\" \/>\n<link rel=\"canonical\" href=\"https:\/\/feminissima.de\/index.php\/2021\/12\/26\/typisch-deutsch-kaum-ist-weihnachten-uberstanden\/\" \/>\n<meta property=\"og:locale\" content=\"de_DE\" \/>\n<meta property=\"og:type\" content=\"article\" \/>\n<meta property=\"og:title\" content=\"Typisch deutsch: Kaum ist Weihnachten \u00fcberstanden - Feminissima\" \/>\n<meta property=\"og:description\" content=\"update &#8211; was meist heisst, den Tippfehlern auf der Spur gewesen.. 16 Uhr 37.. auf Teneriffa.. schl\u00e4gt die inzwischen doch etwas in die Jahre gekommene BRIGITTE vor &#8211; was bei &#8222;Voellegef\u00fchl&#8220; zu tun sei, sowieso zynisch, das merken die nie, angesichts des Hungers und der Not in der Welt, nur der Deutsche muss sich angeblich&hellip; Typisch deutsch: Kaum ist Weihnachten \u00fcberstanden &#8211; weiterlesen\" \/>\n<meta property=\"og:url\" content=\"https:\/\/feminissima.de\/index.php\/2021\/12\/26\/typisch-deutsch-kaum-ist-weihnachten-uberstanden\/\" \/>\n<meta property=\"og:site_name\" content=\"Feminissima\" \/>\n<meta property=\"article:published_time\" content=\"2021-12-26T16:27:54+00:00\" \/>\n<meta name=\"author\" content=\"fem\" \/>\n<meta name=\"twitter:card\" content=\"summary_large_image\" \/>\n<meta name=\"twitter:label1\" content=\"Verfasst von\" \/>\n\t<meta name=\"twitter:data1\" content=\"fem\" \/>\n\t<meta name=\"twitter:label2\" content=\"Gesch\u00e4tzte Lesezeit\" \/>\n\t<meta name=\"twitter:data2\" content=\"1\u00a0Minute\" \/>\n<script type=\"application\/ld+json\" class=\"yoast-schema-graph\">{\"@context\":\"https:\/\/schema.org\",\"@graph\":[{\"@type\":\"WebPage\",\"@id\":\"https:\/\/feminissima.de\/index.php\/2021\/12\/26\/typisch-deutsch-kaum-ist-weihnachten-uberstanden\/\",\"url\":\"https:\/\/feminissima.de\/index.php\/2021\/12\/26\/typisch-deutsch-kaum-ist-weihnachten-uberstanden\/\",\"name\":\"Typisch deutsch: Kaum ist Weihnachten \u00fcberstanden - Feminissima\",\"isPartOf\":{\"@id\":\"https:\/\/feminissima.de\/#website\"},\"datePublished\":\"2021-12-26T16:27:54+00:00\",\"dateModified\":\"2021-12-26T16:27:54+00:00\",\"author\":{\"@id\":\"https:\/\/feminissima.de\/#\/schema\/person\/5dea0fc707e9da59266a47da2f9a8210\"},\"breadcrumb\":{\"@id\":\"https:\/\/feminissima.de\/index.php\/2021\/12\/26\/typisch-deutsch-kaum-ist-weihnachten-uberstanden\/#breadcrumb\"},\"inLanguage\":\"de\",\"potentialAction\":[{\"@type\":\"ReadAction\",\"target\":[\"https:\/\/feminissima.de\/index.php\/2021\/12\/26\/typisch-deutsch-kaum-ist-weihnachten-uberstanden\/\"]}]},{\"@type\":\"BreadcrumbList\",\"@id\":\"https:\/\/feminissima.de\/index.php\/2021\/12\/26\/typisch-deutsch-kaum-ist-weihnachten-uberstanden\/#breadcrumb\",\"itemListElement\":[{\"@type\":\"ListItem\",\"position\":1,\"name\":\"Startseite\",\"item\":\"https:\/\/feminissima.de\/\"},{\"@type\":\"ListItem\",\"position\":2,\"name\":\"Typisch deutsch: Kaum ist Weihnachten \u00fcberstanden &#8211;\"}]},{\"@type\":\"WebSite\",\"@id\":\"https:\/\/feminissima.de\/#website\",\"url\":\"https:\/\/feminissima.de\/\",\"name\":\"Feminissima\",\"description\":\"\",\"potentialAction\":[{\"@type\":\"SearchAction\",\"target\":{\"@type\":\"EntryPoint\",\"urlTemplate\":\"https:\/\/feminissima.de\/?s={search_term_string}\"},\"query-input\":\"required name=search_term_string\"}],\"inLanguage\":\"de\"},{\"@type\":\"Person\",\"@id\":\"https:\/\/feminissima.de\/#\/schema\/person\/5dea0fc707e9da59266a47da2f9a8210\",\"name\":\"fem\",\"image\":{\"@type\":\"ImageObject\",\"inLanguage\":\"de\",\"@id\":\"https:\/\/feminissima.de\/#\/schema\/person\/image\/\",\"url\":\"https:\/\/secure.gravatar.com\/avatar\/892e878e26ee6e7c1689c0b5183da4949c35fb291d0554f021db478bb42e3226?s=96&d=mm&r=g\",\"contentUrl\":\"https:\/\/secure.gravatar.com\/avatar\/892e878e26ee6e7c1689c0b5183da4949c35fb291d0554f021db478bb42e3226?s=96&d=mm&r=g\",\"caption\":\"fem\"},\"url\":\"https:\/\/feminissima.de\/index.php\/author\/fem\/\"}]}<\/script>\n<!-- \/ Yoast SEO plugin. -->","yoast_head_json":{"title":"Typisch deutsch: Kaum ist Weihnachten \u00fcberstanden - Feminissima","robots":{"index":"index","follow":"follow","max-snippet":"max-snippet:-1","max-image-preview":"max-image-preview:large","max-video-preview":"max-video-preview:-1"},"canonical":"https:\/\/feminissima.de\/index.php\/2021\/12\/26\/typisch-deutsch-kaum-ist-weihnachten-uberstanden\/","og_locale":"de_DE","og_type":"article","og_title":"Typisch deutsch: Kaum ist Weihnachten \u00fcberstanden - Feminissima","og_description":"update &#8211; was meist heisst, den Tippfehlern auf der Spur gewesen.. 16 Uhr 37.. auf Teneriffa.. schl\u00e4gt die inzwischen doch etwas in die Jahre gekommene BRIGITTE vor &#8211; was bei &#8222;Voellegef\u00fchl&#8220; zu tun sei, sowieso zynisch, das merken die nie, angesichts des Hungers und der Not in der Welt, nur der Deutsche muss sich angeblich&hellip; Typisch deutsch: Kaum ist Weihnachten \u00fcberstanden &#8211; weiterlesen","og_url":"https:\/\/feminissima.de\/index.php\/2021\/12\/26\/typisch-deutsch-kaum-ist-weihnachten-uberstanden\/","og_site_name":"Feminissima","article_published_time":"2021-12-26T16:27:54+00:00","author":"fem","twitter_card":"summary_large_image","twitter_misc":{"Verfasst von":"fem","Gesch\u00e4tzte Lesezeit":"1\u00a0Minute"},"schema":{"@context":"https:\/\/schema.org","@graph":[{"@type":"WebPage","@id":"https:\/\/feminissima.de\/index.php\/2021\/12\/26\/typisch-deutsch-kaum-ist-weihnachten-uberstanden\/","url":"https:\/\/feminissima.de\/index.php\/2021\/12\/26\/typisch-deutsch-kaum-ist-weihnachten-uberstanden\/","name":"Typisch deutsch: Kaum ist Weihnachten \u00fcberstanden - Feminissima","isPartOf":{"@id":"https:\/\/feminissima.de\/#website"},"datePublished":"2021-12-26T16:27:54+00:00","dateModified":"2021-12-26T16:27:54+00:00","author":{"@id":"https:\/\/feminissima.de\/#\/schema\/person\/5dea0fc707e9da59266a47da2f9a8210"},"breadcrumb":{"@id":"https:\/\/feminissima.de\/index.php\/2021\/12\/26\/typisch-deutsch-kaum-ist-weihnachten-uberstanden\/#breadcrumb"},"inLanguage":"de","potentialAction":[{"@type":"ReadAction","target":["https:\/\/feminissima.de\/index.php\/2021\/12\/26\/typisch-deutsch-kaum-ist-weihnachten-uberstanden\/"]}]},{"@type":"BreadcrumbList","@id":"https:\/\/feminissima.de\/index.php\/2021\/12\/26\/typisch-deutsch-kaum-ist-weihnachten-uberstanden\/#breadcrumb","itemListElement":[{"@type":"ListItem","position":1,"name":"Startseite","item":"https:\/\/feminissima.de\/"},{"@type":"ListItem","position":2,"name":"Typisch deutsch: Kaum ist Weihnachten \u00fcberstanden &#8211;"}]},{"@type":"WebSite","@id":"https:\/\/feminissima.de\/#website","url":"https:\/\/feminissima.de\/","name":"Feminissima","description":"","potentialAction":[{"@type":"SearchAction","target":{"@type":"EntryPoint","urlTemplate":"https:\/\/feminissima.de\/?s={search_term_string}"},"query-input":"required name=search_term_string"}],"inLanguage":"de"},{"@type":"Person","@id":"https:\/\/feminissima.de\/#\/schema\/person\/5dea0fc707e9da59266a47da2f9a8210","name":"fem","image":{"@type":"ImageObject","inLanguage":"de","@id":"https:\/\/feminissima.de\/#\/schema\/person\/image\/","url":"https:\/\/secure.gravatar.com\/avatar\/892e878e26ee6e7c1689c0b5183da4949c35fb291d0554f021db478bb42e3226?s=96&d=mm&r=g","contentUrl":"https:\/\/secure.gravatar.com\/avatar\/892e878e26ee6e7c1689c0b5183da4949c35fb291d0554f021db478bb42e3226?s=96&d=mm&r=g","caption":"fem"},"url":"https:\/\/feminissima.de\/index.php\/author\/fem\/"}]}},"jetpack_featured_media_url":"","_links":{"self":[{"href":"https:\/\/feminissima.de\/index.php\/wp-json\/wp\/v2\/posts\/88395","targetHints":{"allow":["GET"]}}],"collection":[{"href":"https:\/\/feminissima.de\/index.php\/wp-json\/wp\/v2\/posts"}],"about":[{"href":"https:\/\/feminissima.de\/index.php\/wp-json\/wp\/v2\/types\/post"}],"author":[{"embeddable":true,"href":"https:\/\/feminissima.de\/index.php\/wp-json\/wp\/v2\/users\/3"}],"replies":[{"embeddable":true,"href":"https:\/\/feminissima.de\/index.php\/wp-json\/wp\/v2\/comments?post=88395"}],"version-history":[{"count":0,"href":"https:\/\/feminissima.de\/index.php\/wp-json\/wp\/v2\/posts\/88395\/revisions"}],"wp:attachment":[{"href":"https:\/\/feminissima.de\/index.php\/wp-json\/wp\/v2\/media?parent=88395"}],"wp:term":[{"taxonomy":"category","embeddable":true,"href":"https:\/\/feminissima.de\/index.php\/wp-json\/wp\/v2\/categories?post=88395"},{"taxonomy":"post_tag","embeddable":true,"href":"https:\/\/feminissima.de\/index.php\/wp-json\/wp\/v2\/tags?post=88395"}],"curies":[{"name":"wp","href":"https:\/\/api.w.org\/{rel}","templated":true}]}}