{"id":88391,"date":"2021-12-26T03:19:57","date_gmt":"2021-12-26T01:19:57","guid":{"rendered":"https:\/\/www.feminissima.de\/?p=88391"},"modified":"2021-12-26T03:19:57","modified_gmt":"2021-12-26T01:19:57","slug":"von-der-neuen-regierung-ist-auch-keiner-so-richtig-angetan","status":"publish","type":"post","link":"https:\/\/feminissima.de\/index.php\/2021\/12\/26\/von-der-neuen-regierung-ist-auch-keiner-so-richtig-angetan\/","title":{"rendered":"Von der neuen Regierung ist auch keiner so richtig angetan.."},"content":{"rendered":"\n<p>und geschriebene R\u00fcckblicke sind auch alles andere als &#8222;freundlich&#8220; &#8230; tja&#8230;.was wird uns das Jahr 2022 bringen, ausser erleichterte M\u00f6glichkeiten der Adoption fuer  schwul-lesbische Paare. Damit macht der Justizminister seinen Antrittsbesuch, bzw. Merz ist ihm eigentlich schon voraus-geeilt. Von ihm h\u00e4tte allerdings das wohl niemand erwartet, so konservativ, wie er daherkommt&#8230;. FEMINISSIMAS Meinung dazu spielt im Augenblick keine Rolle&#8230; <\/p>\n\n\n\n<p>Hier in Spain  gibt es \u00fcbrigens nur einen Feiertag. Gl\u00fcck f\u00fcr einige, dass es dann durch den Sonntag doch noch einen freien Tag gibt.. Aber die Supermercados sind wieder ge\u00f6ffnet&#8230; <\/p>\n","protected":false},"excerpt":{"rendered":"<p>und geschriebene R\u00fcckblicke sind auch alles andere als &#8222;freundlich&#8220; &#8230; tja&#8230;.was wird uns das Jahr 2022 bringen, ausser erleichterte M\u00f6glichkeiten der Adoption fuer schwul-lesbische Paare. Damit macht der Justizminister seinen Antrittsbesuch, bzw. Merz ist ihm eigentlich schon voraus-geeilt. Von ihm h\u00e4tte allerdings das wohl niemand erwartet, so konservativ, wie er daherkommt&#8230;. FEMINISSIMAS Meinung dazu spielt&hellip; <a class=\"more-link\" href=\"https:\/\/feminissima.de\/index.php\/2021\/12\/26\/von-der-neuen-regierung-ist-auch-keiner-so-richtig-angetan\/\"><span class=\"screen-reader-text\">Von der neuen Regierung ist auch keiner so richtig angetan..<\/span> weiterlesen<\/a><\/p>\n","protected":false},"author":3,"featured_media":0,"comment_status":"closed","ping_status":"closed","sticky":false,"template":"","format":"standard","meta":{"footnotes":""},"categories":[6],"tags":[],"class_list":["post-88391","post","type-post","status-publish","format-standard","hentry","category-femleben","entry"],"yoast_head":"<!-- This site is optimized with the Yoast SEO plugin v21.0 - https:\/\/yoast.com\/wordpress\/plugins\/seo\/ -->\n<title>Von der neuen Regierung ist auch keiner so richtig angetan.. - Feminissima<\/title>\n<meta name=\"robots\" content=\"index, follow, max-snippet:-1, max-image-preview:large, max-video-preview:-1\" \/>\n<link rel=\"canonical\" href=\"https:\/\/feminissima.de\/index.php\/2021\/12\/26\/von-der-neuen-regierung-ist-auch-keiner-so-richtig-angetan\/\" \/>\n<meta property=\"og:locale\" content=\"de_DE\" \/>\n<meta property=\"og:type\" content=\"article\" \/>\n<meta property=\"og:title\" content=\"Von der neuen Regierung ist auch keiner so richtig angetan.. - Feminissima\" \/>\n<meta property=\"og:description\" content=\"und geschriebene R\u00fcckblicke sind auch alles andere als &#8222;freundlich&#8220; &#8230; tja&#8230;.was wird uns das Jahr 2022 bringen, ausser erleichterte M\u00f6glichkeiten der Adoption fuer schwul-lesbische Paare. Damit macht der Justizminister seinen Antrittsbesuch, bzw. Merz ist ihm eigentlich schon voraus-geeilt. Von ihm h\u00e4tte allerdings das wohl niemand erwartet, so konservativ, wie er daherkommt&#8230;. FEMINISSIMAS Meinung dazu spielt&hellip; Von der neuen Regierung ist auch keiner so richtig angetan.. weiterlesen\" \/>\n<meta property=\"og:url\" content=\"https:\/\/feminissima.de\/index.php\/2021\/12\/26\/von-der-neuen-regierung-ist-auch-keiner-so-richtig-angetan\/\" \/>\n<meta property=\"og:site_name\" content=\"Feminissima\" \/>\n<meta property=\"article:published_time\" content=\"2021-12-26T01:19:57+00:00\" \/>\n<meta name=\"author\" content=\"fem\" \/>\n<meta name=\"twitter:card\" content=\"summary_large_image\" \/>\n<meta name=\"twitter:label1\" content=\"Verfasst von\" \/>\n\t<meta name=\"twitter:data1\" content=\"fem\" \/>\n<script type=\"application\/ld+json\" class=\"yoast-schema-graph\">{\"@context\":\"https:\/\/schema.org\",\"@graph\":[{\"@type\":\"WebPage\",\"@id\":\"https:\/\/feminissima.de\/index.php\/2021\/12\/26\/von-der-neuen-regierung-ist-auch-keiner-so-richtig-angetan\/\",\"url\":\"https:\/\/feminissima.de\/index.php\/2021\/12\/26\/von-der-neuen-regierung-ist-auch-keiner-so-richtig-angetan\/\",\"name\":\"Von der neuen Regierung ist auch keiner so richtig angetan.. - Feminissima\",\"isPartOf\":{\"@id\":\"https:\/\/feminissima.de\/#website\"},\"datePublished\":\"2021-12-26T01:19:57+00:00\",\"dateModified\":\"2021-12-26T01:19:57+00:00\",\"author\":{\"@id\":\"https:\/\/feminissima.de\/#\/schema\/person\/5dea0fc707e9da59266a47da2f9a8210\"},\"breadcrumb\":{\"@id\":\"https:\/\/feminissima.de\/index.php\/2021\/12\/26\/von-der-neuen-regierung-ist-auch-keiner-so-richtig-angetan\/#breadcrumb\"},\"inLanguage\":\"de\",\"potentialAction\":[{\"@type\":\"ReadAction\",\"target\":[\"https:\/\/feminissima.de\/index.php\/2021\/12\/26\/von-der-neuen-regierung-ist-auch-keiner-so-richtig-angetan\/\"]}]},{\"@type\":\"BreadcrumbList\",\"@id\":\"https:\/\/feminissima.de\/index.php\/2021\/12\/26\/von-der-neuen-regierung-ist-auch-keiner-so-richtig-angetan\/#breadcrumb\",\"itemListElement\":[{\"@type\":\"ListItem\",\"position\":1,\"name\":\"Startseite\",\"item\":\"https:\/\/feminissima.de\/\"},{\"@type\":\"ListItem\",\"position\":2,\"name\":\"Von der neuen Regierung ist auch keiner so richtig angetan..\"}]},{\"@type\":\"WebSite\",\"@id\":\"https:\/\/feminissima.de\/#website\",\"url\":\"https:\/\/feminissima.de\/\",\"name\":\"Feminissima\",\"description\":\"\",\"potentialAction\":[{\"@type\":\"SearchAction\",\"target\":{\"@type\":\"EntryPoint\",\"urlTemplate\":\"https:\/\/feminissima.de\/?s={search_term_string}\"},\"query-input\":\"required name=search_term_string\"}],\"inLanguage\":\"de\"},{\"@type\":\"Person\",\"@id\":\"https:\/\/feminissima.de\/#\/schema\/person\/5dea0fc707e9da59266a47da2f9a8210\",\"name\":\"fem\",\"image\":{\"@type\":\"ImageObject\",\"inLanguage\":\"de\",\"@id\":\"https:\/\/feminissima.de\/#\/schema\/person\/image\/\",\"url\":\"https:\/\/secure.gravatar.com\/avatar\/892e878e26ee6e7c1689c0b5183da4949c35fb291d0554f021db478bb42e3226?s=96&d=mm&r=g\",\"contentUrl\":\"https:\/\/secure.gravatar.com\/avatar\/892e878e26ee6e7c1689c0b5183da4949c35fb291d0554f021db478bb42e3226?s=96&d=mm&r=g\",\"caption\":\"fem\"},\"url\":\"https:\/\/feminissima.de\/index.php\/author\/fem\/\"}]}<\/script>\n<!-- \/ Yoast SEO plugin. -->","yoast_head_json":{"title":"Von der neuen Regierung ist auch keiner so richtig angetan.. - Feminissima","robots":{"index":"index","follow":"follow","max-snippet":"max-snippet:-1","max-image-preview":"max-image-preview:large","max-video-preview":"max-video-preview:-1"},"canonical":"https:\/\/feminissima.de\/index.php\/2021\/12\/26\/von-der-neuen-regierung-ist-auch-keiner-so-richtig-angetan\/","og_locale":"de_DE","og_type":"article","og_title":"Von der neuen Regierung ist auch keiner so richtig angetan.. - Feminissima","og_description":"und geschriebene R\u00fcckblicke sind auch alles andere als &#8222;freundlich&#8220; &#8230; tja&#8230;.was wird uns das Jahr 2022 bringen, ausser erleichterte M\u00f6glichkeiten der Adoption fuer schwul-lesbische Paare. Damit macht der Justizminister seinen Antrittsbesuch, bzw. Merz ist ihm eigentlich schon voraus-geeilt. Von ihm h\u00e4tte allerdings das wohl niemand erwartet, so konservativ, wie er daherkommt&#8230;. FEMINISSIMAS Meinung dazu spielt&hellip; Von der neuen Regierung ist auch keiner so richtig angetan.. weiterlesen","og_url":"https:\/\/feminissima.de\/index.php\/2021\/12\/26\/von-der-neuen-regierung-ist-auch-keiner-so-richtig-angetan\/","og_site_name":"Feminissima","article_published_time":"2021-12-26T01:19:57+00:00","author":"fem","twitter_card":"summary_large_image","twitter_misc":{"Verfasst von":"fem"},"schema":{"@context":"https:\/\/schema.org","@graph":[{"@type":"WebPage","@id":"https:\/\/feminissima.de\/index.php\/2021\/12\/26\/von-der-neuen-regierung-ist-auch-keiner-so-richtig-angetan\/","url":"https:\/\/feminissima.de\/index.php\/2021\/12\/26\/von-der-neuen-regierung-ist-auch-keiner-so-richtig-angetan\/","name":"Von der neuen Regierung ist auch keiner so richtig angetan.. - Feminissima","isPartOf":{"@id":"https:\/\/feminissima.de\/#website"},"datePublished":"2021-12-26T01:19:57+00:00","dateModified":"2021-12-26T01:19:57+00:00","author":{"@id":"https:\/\/feminissima.de\/#\/schema\/person\/5dea0fc707e9da59266a47da2f9a8210"},"breadcrumb":{"@id":"https:\/\/feminissima.de\/index.php\/2021\/12\/26\/von-der-neuen-regierung-ist-auch-keiner-so-richtig-angetan\/#breadcrumb"},"inLanguage":"de","potentialAction":[{"@type":"ReadAction","target":["https:\/\/feminissima.de\/index.php\/2021\/12\/26\/von-der-neuen-regierung-ist-auch-keiner-so-richtig-angetan\/"]}]},{"@type":"BreadcrumbList","@id":"https:\/\/feminissima.de\/index.php\/2021\/12\/26\/von-der-neuen-regierung-ist-auch-keiner-so-richtig-angetan\/#breadcrumb","itemListElement":[{"@type":"ListItem","position":1,"name":"Startseite","item":"https:\/\/feminissima.de\/"},{"@type":"ListItem","position":2,"name":"Von der neuen Regierung ist auch keiner so richtig angetan.."}]},{"@type":"WebSite","@id":"https:\/\/feminissima.de\/#website","url":"https:\/\/feminissima.de\/","name":"Feminissima","description":"","potentialAction":[{"@type":"SearchAction","target":{"@type":"EntryPoint","urlTemplate":"https:\/\/feminissima.de\/?s={search_term_string}"},"query-input":"required name=search_term_string"}],"inLanguage":"de"},{"@type":"Person","@id":"https:\/\/feminissima.de\/#\/schema\/person\/5dea0fc707e9da59266a47da2f9a8210","name":"fem","image":{"@type":"ImageObject","inLanguage":"de","@id":"https:\/\/feminissima.de\/#\/schema\/person\/image\/","url":"https:\/\/secure.gravatar.com\/avatar\/892e878e26ee6e7c1689c0b5183da4949c35fb291d0554f021db478bb42e3226?s=96&d=mm&r=g","contentUrl":"https:\/\/secure.gravatar.com\/avatar\/892e878e26ee6e7c1689c0b5183da4949c35fb291d0554f021db478bb42e3226?s=96&d=mm&r=g","caption":"fem"},"url":"https:\/\/feminissima.de\/index.php\/author\/fem\/"}]}},"jetpack_featured_media_url":"","_links":{"self":[{"href":"https:\/\/feminissima.de\/index.php\/wp-json\/wp\/v2\/posts\/88391","targetHints":{"allow":["GET"]}}],"collection":[{"href":"https:\/\/feminissima.de\/index.php\/wp-json\/wp\/v2\/posts"}],"about":[{"href":"https:\/\/feminissima.de\/index.php\/wp-json\/wp\/v2\/types\/post"}],"author":[{"embeddable":true,"href":"https:\/\/feminissima.de\/index.php\/wp-json\/wp\/v2\/users\/3"}],"replies":[{"embeddable":true,"href":"https:\/\/feminissima.de\/index.php\/wp-json\/wp\/v2\/comments?post=88391"}],"version-history":[{"count":0,"href":"https:\/\/feminissima.de\/index.php\/wp-json\/wp\/v2\/posts\/88391\/revisions"}],"wp:attachment":[{"href":"https:\/\/feminissima.de\/index.php\/wp-json\/wp\/v2\/media?parent=88391"}],"wp:term":[{"taxonomy":"category","embeddable":true,"href":"https:\/\/feminissima.de\/index.php\/wp-json\/wp\/v2\/categories?post=88391"},{"taxonomy":"post_tag","embeddable":true,"href":"https:\/\/feminissima.de\/index.php\/wp-json\/wp\/v2\/tags?post=88391"}],"curies":[{"name":"wp","href":"https:\/\/api.w.org\/{rel}","templated":true}]}}