{"id":88348,"date":"2021-12-25T05:13:31","date_gmt":"2021-12-25T03:13:31","guid":{"rendered":"https:\/\/www.feminissima.de\/?p=88348"},"modified":"2021-12-25T05:13:31","modified_gmt":"2021-12-25T03:13:31","slug":"twitter-hat-kein-ansprechbares-impressum-ist-das-legal","status":"publish","type":"post","link":"https:\/\/feminissima.de\/index.php\/2021\/12\/25\/twitter-hat-kein-ansprechbares-impressum-ist-das-legal\/","title":{"rendered":"TWITTER hat kein ansprechbares Impressum &#8211; ist das legal?"},"content":{"rendered":"\n<p>Wegen eines Scherzes &#8211; Geburtstdatum 2021 angegeben, beim Aendern meiner Bio auf Twitter- wurde ich sofort gesperrt, vor 2 Wochen &#8211; Erst ab 13 Jahren sei der Zutritt zu Twitter gewaehrt. Obwohl ich insgesamt seit 10 Jahren, mit Pausen, bei Twitter aktiv, wurde ich auf der Stelle gesperrt. Ich sei zu jung. S\u00e4mtliche Versuche, dies zu klaeren, schlugen fehl. Warum ? Weil es nur vorgegebene Fragen gibt &#8211; keine Spalte f\u00fcr die Darstellung der Situation. Das war fr\u00fcher anders.  Ueber einen Link &#8222;Formular&#8220; erfuhr ich dann, dass ich eine Kopie meines Passes senden solle. Vorgegebenes Fenster. Hab ich gemacht.  Mehrfach &#8211; war angeblich niemals lesbar.  Auch dies nicht als &#8222;Antwort&#8220;, sondern, weil ich auf das &#8222;Formular&#8220; zur\u00fcckgriff, dass unter &#8222;Bloqueado&#8220; zu finden ist.  Alle Versuche, irgendwie direkt in Kontakt zu Twitter zu kommen, schlugen fehl. Kein Wunder, dieser Service ist offenbar abgeschaltet. Diese Info findet sich auch im Netz. Das ist doch dreist. Ich bleibe dran! Mein Verdacht &#8211; bei  TWITTER wurden Menschen durch Robots ersetzt? Sie koennen mir doch nicht einfach meine Texte, Fotos und Kontakte klauen? W\u00e4re ich wegen einer &#8222;Beschwerde&#8220; gesperrt, w\u00fcrde ich das ja noch verstehen. Aber wegen eines offensichtlichen Scherzes &#8211; es h\u00e4tte ja auch ein Tippfehler sein k\u00f6nnen  &#8211; mein Geburtsdatum mit 2021 angegeben zu haben,  und beharrlich zu behaupten, die Kopie meines Passes sei nicht lesbar &#8211; und d\u00fcrfen die das \u00fcberhaupt, sie haben meine Tel-Nummer und meinen email-account? Ichbin allm\u00e4hlich wirklich sauer.    Was erlauben die sich??<\/p>\n\n\n\n<p>ich kenne einen ehemaligen Richter vom Europ\u00e4ischen Gerichtshof. Werde ihn anmailen und um Rat bzw. seine Einsch\u00e4tzung fragen. Wo ist beispielsweise mein Recht auf meine Texte und Fotos ? Und seit wann hat Twitter den Direktkontakt abgeschafft &#8211; reagiert nur auf von Twitter vorgegebene Fragen ? Wie gesagt, ich wurde wegen der L\u00e4cherlichkeit gesperrt, mein Geburtsjahr mit 2021 angegeben zu haben, nicht wegen einer R\u00fcge oder einer  Beschwerde. So geht das ja alles wirklich nicht. Twitter kann Dich nach gusto sperren, aber ist selbst nicht direkt erreichbar. ????<\/p>\n","protected":false},"excerpt":{"rendered":"<p>Wegen eines Scherzes &#8211; Geburtstdatum 2021 angegeben, beim Aendern meiner Bio auf Twitter- wurde ich sofort gesperrt, vor 2 Wochen &#8211; Erst ab 13 Jahren sei der Zutritt zu Twitter gewaehrt. Obwohl ich insgesamt seit 10 Jahren, mit Pausen, bei Twitter aktiv, wurde ich auf der Stelle gesperrt. Ich sei zu jung. S\u00e4mtliche Versuche, dies&hellip; <a class=\"more-link\" href=\"https:\/\/feminissima.de\/index.php\/2021\/12\/25\/twitter-hat-kein-ansprechbares-impressum-ist-das-legal\/\"><span class=\"screen-reader-text\">TWITTER hat kein ansprechbares Impressum &#8211; ist das legal?<\/span> weiterlesen<\/a><\/p>\n","protected":false},"author":3,"featured_media":0,"comment_status":"closed","ping_status":"closed","sticky":false,"template":"","format":"standard","meta":{"footnotes":""},"categories":[6],"tags":[],"class_list":["post-88348","post","type-post","status-publish","format-standard","hentry","category-femleben","entry"],"yoast_head":"<!-- This site is optimized with the Yoast SEO plugin v21.0 - https:\/\/yoast.com\/wordpress\/plugins\/seo\/ -->\n<title>TWITTER hat kein ansprechbares Impressum - ist das legal? - Feminissima<\/title>\n<meta name=\"robots\" content=\"index, follow, max-snippet:-1, max-image-preview:large, max-video-preview:-1\" \/>\n<link rel=\"canonical\" href=\"https:\/\/feminissima.de\/index.php\/2021\/12\/25\/twitter-hat-kein-ansprechbares-impressum-ist-das-legal\/\" \/>\n<meta property=\"og:locale\" content=\"de_DE\" \/>\n<meta property=\"og:type\" content=\"article\" \/>\n<meta property=\"og:title\" content=\"TWITTER hat kein ansprechbares Impressum - ist das legal? - Feminissima\" \/>\n<meta property=\"og:description\" content=\"Wegen eines Scherzes &#8211; Geburtstdatum 2021 angegeben, beim Aendern meiner Bio auf Twitter- wurde ich sofort gesperrt, vor 2 Wochen &#8211; Erst ab 13 Jahren sei der Zutritt zu Twitter gewaehrt. Obwohl ich insgesamt seit 10 Jahren, mit Pausen, bei Twitter aktiv, wurde ich auf der Stelle gesperrt. Ich sei zu jung. S\u00e4mtliche Versuche, dies&hellip; TWITTER hat kein ansprechbares Impressum &#8211; ist das legal? weiterlesen\" \/>\n<meta property=\"og:url\" content=\"https:\/\/feminissima.de\/index.php\/2021\/12\/25\/twitter-hat-kein-ansprechbares-impressum-ist-das-legal\/\" \/>\n<meta property=\"og:site_name\" content=\"Feminissima\" \/>\n<meta property=\"article:published_time\" content=\"2021-12-25T03:13:31+00:00\" \/>\n<meta name=\"author\" content=\"fem\" \/>\n<meta name=\"twitter:card\" content=\"summary_large_image\" \/>\n<meta name=\"twitter:label1\" content=\"Verfasst von\" \/>\n\t<meta name=\"twitter:data1\" content=\"fem\" \/>\n\t<meta name=\"twitter:label2\" content=\"Gesch\u00e4tzte Lesezeit\" \/>\n\t<meta name=\"twitter:data2\" content=\"2\u00a0Minuten\" \/>\n<script type=\"application\/ld+json\" class=\"yoast-schema-graph\">{\"@context\":\"https:\/\/schema.org\",\"@graph\":[{\"@type\":\"WebPage\",\"@id\":\"https:\/\/feminissima.de\/index.php\/2021\/12\/25\/twitter-hat-kein-ansprechbares-impressum-ist-das-legal\/\",\"url\":\"https:\/\/feminissima.de\/index.php\/2021\/12\/25\/twitter-hat-kein-ansprechbares-impressum-ist-das-legal\/\",\"name\":\"TWITTER hat kein ansprechbares Impressum - ist das legal? - Feminissima\",\"isPartOf\":{\"@id\":\"https:\/\/feminissima.de\/#website\"},\"datePublished\":\"2021-12-25T03:13:31+00:00\",\"dateModified\":\"2021-12-25T03:13:31+00:00\",\"author\":{\"@id\":\"https:\/\/feminissima.de\/#\/schema\/person\/5dea0fc707e9da59266a47da2f9a8210\"},\"breadcrumb\":{\"@id\":\"https:\/\/feminissima.de\/index.php\/2021\/12\/25\/twitter-hat-kein-ansprechbares-impressum-ist-das-legal\/#breadcrumb\"},\"inLanguage\":\"de\",\"potentialAction\":[{\"@type\":\"ReadAction\",\"target\":[\"https:\/\/feminissima.de\/index.php\/2021\/12\/25\/twitter-hat-kein-ansprechbares-impressum-ist-das-legal\/\"]}]},{\"@type\":\"BreadcrumbList\",\"@id\":\"https:\/\/feminissima.de\/index.php\/2021\/12\/25\/twitter-hat-kein-ansprechbares-impressum-ist-das-legal\/#breadcrumb\",\"itemListElement\":[{\"@type\":\"ListItem\",\"position\":1,\"name\":\"Startseite\",\"item\":\"https:\/\/feminissima.de\/\"},{\"@type\":\"ListItem\",\"position\":2,\"name\":\"TWITTER hat kein ansprechbares Impressum &#8211; ist das legal?\"}]},{\"@type\":\"WebSite\",\"@id\":\"https:\/\/feminissima.de\/#website\",\"url\":\"https:\/\/feminissima.de\/\",\"name\":\"Feminissima\",\"description\":\"\",\"potentialAction\":[{\"@type\":\"SearchAction\",\"target\":{\"@type\":\"EntryPoint\",\"urlTemplate\":\"https:\/\/feminissima.de\/?s={search_term_string}\"},\"query-input\":\"required name=search_term_string\"}],\"inLanguage\":\"de\"},{\"@type\":\"Person\",\"@id\":\"https:\/\/feminissima.de\/#\/schema\/person\/5dea0fc707e9da59266a47da2f9a8210\",\"name\":\"fem\",\"image\":{\"@type\":\"ImageObject\",\"inLanguage\":\"de\",\"@id\":\"https:\/\/feminissima.de\/#\/schema\/person\/image\/\",\"url\":\"https:\/\/secure.gravatar.com\/avatar\/892e878e26ee6e7c1689c0b5183da4949c35fb291d0554f021db478bb42e3226?s=96&d=mm&r=g\",\"contentUrl\":\"https:\/\/secure.gravatar.com\/avatar\/892e878e26ee6e7c1689c0b5183da4949c35fb291d0554f021db478bb42e3226?s=96&d=mm&r=g\",\"caption\":\"fem\"},\"url\":\"https:\/\/feminissima.de\/index.php\/author\/fem\/\"}]}<\/script>\n<!-- \/ Yoast SEO plugin. -->","yoast_head_json":{"title":"TWITTER hat kein ansprechbares Impressum - ist das legal? - Feminissima","robots":{"index":"index","follow":"follow","max-snippet":"max-snippet:-1","max-image-preview":"max-image-preview:large","max-video-preview":"max-video-preview:-1"},"canonical":"https:\/\/feminissima.de\/index.php\/2021\/12\/25\/twitter-hat-kein-ansprechbares-impressum-ist-das-legal\/","og_locale":"de_DE","og_type":"article","og_title":"TWITTER hat kein ansprechbares Impressum - ist das legal? - Feminissima","og_description":"Wegen eines Scherzes &#8211; Geburtstdatum 2021 angegeben, beim Aendern meiner Bio auf Twitter- wurde ich sofort gesperrt, vor 2 Wochen &#8211; Erst ab 13 Jahren sei der Zutritt zu Twitter gewaehrt. Obwohl ich insgesamt seit 10 Jahren, mit Pausen, bei Twitter aktiv, wurde ich auf der Stelle gesperrt. Ich sei zu jung. S\u00e4mtliche Versuche, dies&hellip; TWITTER hat kein ansprechbares Impressum &#8211; ist das legal? weiterlesen","og_url":"https:\/\/feminissima.de\/index.php\/2021\/12\/25\/twitter-hat-kein-ansprechbares-impressum-ist-das-legal\/","og_site_name":"Feminissima","article_published_time":"2021-12-25T03:13:31+00:00","author":"fem","twitter_card":"summary_large_image","twitter_misc":{"Verfasst von":"fem","Gesch\u00e4tzte Lesezeit":"2\u00a0Minuten"},"schema":{"@context":"https:\/\/schema.org","@graph":[{"@type":"WebPage","@id":"https:\/\/feminissima.de\/index.php\/2021\/12\/25\/twitter-hat-kein-ansprechbares-impressum-ist-das-legal\/","url":"https:\/\/feminissima.de\/index.php\/2021\/12\/25\/twitter-hat-kein-ansprechbares-impressum-ist-das-legal\/","name":"TWITTER hat kein ansprechbares Impressum - ist das legal? - Feminissima","isPartOf":{"@id":"https:\/\/feminissima.de\/#website"},"datePublished":"2021-12-25T03:13:31+00:00","dateModified":"2021-12-25T03:13:31+00:00","author":{"@id":"https:\/\/feminissima.de\/#\/schema\/person\/5dea0fc707e9da59266a47da2f9a8210"},"breadcrumb":{"@id":"https:\/\/feminissima.de\/index.php\/2021\/12\/25\/twitter-hat-kein-ansprechbares-impressum-ist-das-legal\/#breadcrumb"},"inLanguage":"de","potentialAction":[{"@type":"ReadAction","target":["https:\/\/feminissima.de\/index.php\/2021\/12\/25\/twitter-hat-kein-ansprechbares-impressum-ist-das-legal\/"]}]},{"@type":"BreadcrumbList","@id":"https:\/\/feminissima.de\/index.php\/2021\/12\/25\/twitter-hat-kein-ansprechbares-impressum-ist-das-legal\/#breadcrumb","itemListElement":[{"@type":"ListItem","position":1,"name":"Startseite","item":"https:\/\/feminissima.de\/"},{"@type":"ListItem","position":2,"name":"TWITTER hat kein ansprechbares Impressum &#8211; ist das legal?"}]},{"@type":"WebSite","@id":"https:\/\/feminissima.de\/#website","url":"https:\/\/feminissima.de\/","name":"Feminissima","description":"","potentialAction":[{"@type":"SearchAction","target":{"@type":"EntryPoint","urlTemplate":"https:\/\/feminissima.de\/?s={search_term_string}"},"query-input":"required name=search_term_string"}],"inLanguage":"de"},{"@type":"Person","@id":"https:\/\/feminissima.de\/#\/schema\/person\/5dea0fc707e9da59266a47da2f9a8210","name":"fem","image":{"@type":"ImageObject","inLanguage":"de","@id":"https:\/\/feminissima.de\/#\/schema\/person\/image\/","url":"https:\/\/secure.gravatar.com\/avatar\/892e878e26ee6e7c1689c0b5183da4949c35fb291d0554f021db478bb42e3226?s=96&d=mm&r=g","contentUrl":"https:\/\/secure.gravatar.com\/avatar\/892e878e26ee6e7c1689c0b5183da4949c35fb291d0554f021db478bb42e3226?s=96&d=mm&r=g","caption":"fem"},"url":"https:\/\/feminissima.de\/index.php\/author\/fem\/"}]}},"jetpack_featured_media_url":"","_links":{"self":[{"href":"https:\/\/feminissima.de\/index.php\/wp-json\/wp\/v2\/posts\/88348","targetHints":{"allow":["GET"]}}],"collection":[{"href":"https:\/\/feminissima.de\/index.php\/wp-json\/wp\/v2\/posts"}],"about":[{"href":"https:\/\/feminissima.de\/index.php\/wp-json\/wp\/v2\/types\/post"}],"author":[{"embeddable":true,"href":"https:\/\/feminissima.de\/index.php\/wp-json\/wp\/v2\/users\/3"}],"replies":[{"embeddable":true,"href":"https:\/\/feminissima.de\/index.php\/wp-json\/wp\/v2\/comments?post=88348"}],"version-history":[{"count":0,"href":"https:\/\/feminissima.de\/index.php\/wp-json\/wp\/v2\/posts\/88348\/revisions"}],"wp:attachment":[{"href":"https:\/\/feminissima.de\/index.php\/wp-json\/wp\/v2\/media?parent=88348"}],"wp:term":[{"taxonomy":"category","embeddable":true,"href":"https:\/\/feminissima.de\/index.php\/wp-json\/wp\/v2\/categories?post=88348"},{"taxonomy":"post_tag","embeddable":true,"href":"https:\/\/feminissima.de\/index.php\/wp-json\/wp\/v2\/tags?post=88348"}],"curies":[{"name":"wp","href":"https:\/\/api.w.org\/{rel}","templated":true}]}}