{"id":88346,"date":"2021-12-25T04:38:30","date_gmt":"2021-12-25T02:38:30","guid":{"rendered":"https:\/\/www.feminissima.de\/?p=88346"},"modified":"2021-12-25T04:38:30","modified_gmt":"2021-12-25T02:38:30","slug":"und-dann-die-push-meldung-von-canarias7-2-tote-am24-12-um-20-uhr-auf-gran-canaria-autounfall","status":"publish","type":"post","link":"https:\/\/feminissima.de\/index.php\/2021\/12\/25\/und-dann-die-push-meldung-von-canarias7-2-tote-am24-12-um-20-uhr-auf-gran-canaria-autounfall\/","title":{"rendered":"und dann die Push-Meldung von Canarias7 &#8211; 2 Tote am24.12. um 20 Uhr auf Gran Canaria &#8211; AutoUnfall"},"content":{"rendered":"\n<p>Warum die beiden PKW auf einer Landstrasse frontal zusammengeprallt sind, ist noch nicht bekannt. <\/p>\n\n\n\n<p>Nebenan feiern die spanischen Nachbarn wie verr\u00fcckt, es ist anders, als bei uns in Alemania, in einem anderen Ort hatte ich auch eine 24.12. Fiesta mit-erlebt. Mit den hiesigen spanischen Nachbarn ist es \u00fcber ein freundliches  Hallo nicht hinausgekommen, das h\u00f6rt man \u00f6fters, macht mir auch nichts aus, obwohl ich es anders erwartet hatte, als ich bei Einzug rief &#8211; &#8222;Kommt auf nen Wein vorbei!&#8220; Auf Spanisch , claro. Sie kamen aber nicht. Es ist ein Dorf. <\/p>\n\n\n\n<p>Wie dicht Leben und Tod&#8230; sollen sie nebenan auf der Terrasse schmettern. &#8222;He Macarena- Ahoi!&#8220;  Besser, als auf einer Landstra\u00dfe abends um 20 Uhr, wahrscheinlich auf dem Weg zu einem Weihnachtsessen, frontal aufeinanderzuknallen und &#8211; zu sterben, oh my God&#8230;<\/p>\n\n\n\n<p>Es ist 2 Uhr 38 in der Canarian Nacht auf den 25. Dezember, auf Teneriffa.<\/p>\n\n\n\n<p>Danke, dass Ihr als Lesende zur\u00fcckkehrt&#8230;.<\/p>\n","protected":false},"excerpt":{"rendered":"<p>Warum die beiden PKW auf einer Landstrasse frontal zusammengeprallt sind, ist noch nicht bekannt. Nebenan feiern die spanischen Nachbarn wie verr\u00fcckt, es ist anders, als bei uns in Alemania, in einem anderen Ort hatte ich auch eine 24.12. Fiesta mit-erlebt. Mit den hiesigen spanischen Nachbarn ist es \u00fcber ein freundliches Hallo nicht hinausgekommen, das h\u00f6rt&hellip; <a class=\"more-link\" href=\"https:\/\/feminissima.de\/index.php\/2021\/12\/25\/und-dann-die-push-meldung-von-canarias7-2-tote-am24-12-um-20-uhr-auf-gran-canaria-autounfall\/\"><span class=\"screen-reader-text\">und dann die Push-Meldung von Canarias7 &#8211; 2 Tote am24.12. um 20 Uhr auf Gran Canaria &#8211; AutoUnfall<\/span> weiterlesen<\/a><\/p>\n","protected":false},"author":3,"featured_media":0,"comment_status":"closed","ping_status":"closed","sticky":false,"template":"","format":"standard","meta":{"footnotes":""},"categories":[6],"tags":[],"class_list":["post-88346","post","type-post","status-publish","format-standard","hentry","category-femleben","entry"],"yoast_head":"<!-- This site is optimized with the Yoast SEO plugin v21.0 - https:\/\/yoast.com\/wordpress\/plugins\/seo\/ -->\n<title>und dann die Push-Meldung von Canarias7 - 2 Tote am24.12. um 20 Uhr auf Gran Canaria - AutoUnfall - Feminissima<\/title>\n<meta name=\"robots\" content=\"index, follow, max-snippet:-1, max-image-preview:large, max-video-preview:-1\" \/>\n<link rel=\"canonical\" href=\"https:\/\/feminissima.de\/index.php\/2021\/12\/25\/und-dann-die-push-meldung-von-canarias7-2-tote-am24-12-um-20-uhr-auf-gran-canaria-autounfall\/\" \/>\n<meta property=\"og:locale\" content=\"de_DE\" \/>\n<meta property=\"og:type\" content=\"article\" \/>\n<meta property=\"og:title\" content=\"und dann die Push-Meldung von Canarias7 - 2 Tote am24.12. um 20 Uhr auf Gran Canaria - AutoUnfall - Feminissima\" \/>\n<meta property=\"og:description\" content=\"Warum die beiden PKW auf einer Landstrasse frontal zusammengeprallt sind, ist noch nicht bekannt. Nebenan feiern die spanischen Nachbarn wie verr\u00fcckt, es ist anders, als bei uns in Alemania, in einem anderen Ort hatte ich auch eine 24.12. Fiesta mit-erlebt. Mit den hiesigen spanischen Nachbarn ist es \u00fcber ein freundliches Hallo nicht hinausgekommen, das h\u00f6rt&hellip; und dann die Push-Meldung von Canarias7 &#8211; 2 Tote am24.12. um 20 Uhr auf Gran Canaria &#8211; AutoUnfall weiterlesen\" \/>\n<meta property=\"og:url\" content=\"https:\/\/feminissima.de\/index.php\/2021\/12\/25\/und-dann-die-push-meldung-von-canarias7-2-tote-am24-12-um-20-uhr-auf-gran-canaria-autounfall\/\" \/>\n<meta property=\"og:site_name\" content=\"Feminissima\" \/>\n<meta property=\"article:published_time\" content=\"2021-12-25T02:38:30+00:00\" \/>\n<meta name=\"author\" content=\"fem\" \/>\n<meta name=\"twitter:card\" content=\"summary_large_image\" \/>\n<meta name=\"twitter:label1\" content=\"Verfasst von\" \/>\n\t<meta name=\"twitter:data1\" content=\"fem\" \/>\n\t<meta name=\"twitter:label2\" content=\"Gesch\u00e4tzte Lesezeit\" \/>\n\t<meta name=\"twitter:data2\" content=\"1\u00a0Minute\" \/>\n<script type=\"application\/ld+json\" class=\"yoast-schema-graph\">{\"@context\":\"https:\/\/schema.org\",\"@graph\":[{\"@type\":\"WebPage\",\"@id\":\"https:\/\/feminissima.de\/index.php\/2021\/12\/25\/und-dann-die-push-meldung-von-canarias7-2-tote-am24-12-um-20-uhr-auf-gran-canaria-autounfall\/\",\"url\":\"https:\/\/feminissima.de\/index.php\/2021\/12\/25\/und-dann-die-push-meldung-von-canarias7-2-tote-am24-12-um-20-uhr-auf-gran-canaria-autounfall\/\",\"name\":\"und dann die Push-Meldung von Canarias7 - 2 Tote am24.12. um 20 Uhr auf Gran Canaria - AutoUnfall - Feminissima\",\"isPartOf\":{\"@id\":\"https:\/\/feminissima.de\/#website\"},\"datePublished\":\"2021-12-25T02:38:30+00:00\",\"dateModified\":\"2021-12-25T02:38:30+00:00\",\"author\":{\"@id\":\"https:\/\/feminissima.de\/#\/schema\/person\/5dea0fc707e9da59266a47da2f9a8210\"},\"breadcrumb\":{\"@id\":\"https:\/\/feminissima.de\/index.php\/2021\/12\/25\/und-dann-die-push-meldung-von-canarias7-2-tote-am24-12-um-20-uhr-auf-gran-canaria-autounfall\/#breadcrumb\"},\"inLanguage\":\"de\",\"potentialAction\":[{\"@type\":\"ReadAction\",\"target\":[\"https:\/\/feminissima.de\/index.php\/2021\/12\/25\/und-dann-die-push-meldung-von-canarias7-2-tote-am24-12-um-20-uhr-auf-gran-canaria-autounfall\/\"]}]},{\"@type\":\"BreadcrumbList\",\"@id\":\"https:\/\/feminissima.de\/index.php\/2021\/12\/25\/und-dann-die-push-meldung-von-canarias7-2-tote-am24-12-um-20-uhr-auf-gran-canaria-autounfall\/#breadcrumb\",\"itemListElement\":[{\"@type\":\"ListItem\",\"position\":1,\"name\":\"Startseite\",\"item\":\"https:\/\/feminissima.de\/\"},{\"@type\":\"ListItem\",\"position\":2,\"name\":\"und dann die Push-Meldung von Canarias7 &#8211; 2 Tote am24.12. um 20 Uhr auf Gran Canaria &#8211; AutoUnfall\"}]},{\"@type\":\"WebSite\",\"@id\":\"https:\/\/feminissima.de\/#website\",\"url\":\"https:\/\/feminissima.de\/\",\"name\":\"Feminissima\",\"description\":\"\",\"potentialAction\":[{\"@type\":\"SearchAction\",\"target\":{\"@type\":\"EntryPoint\",\"urlTemplate\":\"https:\/\/feminissima.de\/?s={search_term_string}\"},\"query-input\":\"required name=search_term_string\"}],\"inLanguage\":\"de\"},{\"@type\":\"Person\",\"@id\":\"https:\/\/feminissima.de\/#\/schema\/person\/5dea0fc707e9da59266a47da2f9a8210\",\"name\":\"fem\",\"image\":{\"@type\":\"ImageObject\",\"inLanguage\":\"de\",\"@id\":\"https:\/\/feminissima.de\/#\/schema\/person\/image\/\",\"url\":\"https:\/\/secure.gravatar.com\/avatar\/892e878e26ee6e7c1689c0b5183da4949c35fb291d0554f021db478bb42e3226?s=96&d=mm&r=g\",\"contentUrl\":\"https:\/\/secure.gravatar.com\/avatar\/892e878e26ee6e7c1689c0b5183da4949c35fb291d0554f021db478bb42e3226?s=96&d=mm&r=g\",\"caption\":\"fem\"},\"url\":\"https:\/\/feminissima.de\/index.php\/author\/fem\/\"}]}<\/script>\n<!-- \/ Yoast SEO plugin. -->","yoast_head_json":{"title":"und dann die Push-Meldung von Canarias7 - 2 Tote am24.12. um 20 Uhr auf Gran Canaria - AutoUnfall - Feminissima","robots":{"index":"index","follow":"follow","max-snippet":"max-snippet:-1","max-image-preview":"max-image-preview:large","max-video-preview":"max-video-preview:-1"},"canonical":"https:\/\/feminissima.de\/index.php\/2021\/12\/25\/und-dann-die-push-meldung-von-canarias7-2-tote-am24-12-um-20-uhr-auf-gran-canaria-autounfall\/","og_locale":"de_DE","og_type":"article","og_title":"und dann die Push-Meldung von Canarias7 - 2 Tote am24.12. um 20 Uhr auf Gran Canaria - AutoUnfall - Feminissima","og_description":"Warum die beiden PKW auf einer Landstrasse frontal zusammengeprallt sind, ist noch nicht bekannt. Nebenan feiern die spanischen Nachbarn wie verr\u00fcckt, es ist anders, als bei uns in Alemania, in einem anderen Ort hatte ich auch eine 24.12. Fiesta mit-erlebt. Mit den hiesigen spanischen Nachbarn ist es \u00fcber ein freundliches Hallo nicht hinausgekommen, das h\u00f6rt&hellip; und dann die Push-Meldung von Canarias7 &#8211; 2 Tote am24.12. um 20 Uhr auf Gran Canaria &#8211; AutoUnfall weiterlesen","og_url":"https:\/\/feminissima.de\/index.php\/2021\/12\/25\/und-dann-die-push-meldung-von-canarias7-2-tote-am24-12-um-20-uhr-auf-gran-canaria-autounfall\/","og_site_name":"Feminissima","article_published_time":"2021-12-25T02:38:30+00:00","author":"fem","twitter_card":"summary_large_image","twitter_misc":{"Verfasst von":"fem","Gesch\u00e4tzte Lesezeit":"1\u00a0Minute"},"schema":{"@context":"https:\/\/schema.org","@graph":[{"@type":"WebPage","@id":"https:\/\/feminissima.de\/index.php\/2021\/12\/25\/und-dann-die-push-meldung-von-canarias7-2-tote-am24-12-um-20-uhr-auf-gran-canaria-autounfall\/","url":"https:\/\/feminissima.de\/index.php\/2021\/12\/25\/und-dann-die-push-meldung-von-canarias7-2-tote-am24-12-um-20-uhr-auf-gran-canaria-autounfall\/","name":"und dann die Push-Meldung von Canarias7 - 2 Tote am24.12. um 20 Uhr auf Gran Canaria - AutoUnfall - Feminissima","isPartOf":{"@id":"https:\/\/feminissima.de\/#website"},"datePublished":"2021-12-25T02:38:30+00:00","dateModified":"2021-12-25T02:38:30+00:00","author":{"@id":"https:\/\/feminissima.de\/#\/schema\/person\/5dea0fc707e9da59266a47da2f9a8210"},"breadcrumb":{"@id":"https:\/\/feminissima.de\/index.php\/2021\/12\/25\/und-dann-die-push-meldung-von-canarias7-2-tote-am24-12-um-20-uhr-auf-gran-canaria-autounfall\/#breadcrumb"},"inLanguage":"de","potentialAction":[{"@type":"ReadAction","target":["https:\/\/feminissima.de\/index.php\/2021\/12\/25\/und-dann-die-push-meldung-von-canarias7-2-tote-am24-12-um-20-uhr-auf-gran-canaria-autounfall\/"]}]},{"@type":"BreadcrumbList","@id":"https:\/\/feminissima.de\/index.php\/2021\/12\/25\/und-dann-die-push-meldung-von-canarias7-2-tote-am24-12-um-20-uhr-auf-gran-canaria-autounfall\/#breadcrumb","itemListElement":[{"@type":"ListItem","position":1,"name":"Startseite","item":"https:\/\/feminissima.de\/"},{"@type":"ListItem","position":2,"name":"und dann die Push-Meldung von Canarias7 &#8211; 2 Tote am24.12. um 20 Uhr auf Gran Canaria &#8211; AutoUnfall"}]},{"@type":"WebSite","@id":"https:\/\/feminissima.de\/#website","url":"https:\/\/feminissima.de\/","name":"Feminissima","description":"","potentialAction":[{"@type":"SearchAction","target":{"@type":"EntryPoint","urlTemplate":"https:\/\/feminissima.de\/?s={search_term_string}"},"query-input":"required name=search_term_string"}],"inLanguage":"de"},{"@type":"Person","@id":"https:\/\/feminissima.de\/#\/schema\/person\/5dea0fc707e9da59266a47da2f9a8210","name":"fem","image":{"@type":"ImageObject","inLanguage":"de","@id":"https:\/\/feminissima.de\/#\/schema\/person\/image\/","url":"https:\/\/secure.gravatar.com\/avatar\/892e878e26ee6e7c1689c0b5183da4949c35fb291d0554f021db478bb42e3226?s=96&d=mm&r=g","contentUrl":"https:\/\/secure.gravatar.com\/avatar\/892e878e26ee6e7c1689c0b5183da4949c35fb291d0554f021db478bb42e3226?s=96&d=mm&r=g","caption":"fem"},"url":"https:\/\/feminissima.de\/index.php\/author\/fem\/"}]}},"jetpack_featured_media_url":"","_links":{"self":[{"href":"https:\/\/feminissima.de\/index.php\/wp-json\/wp\/v2\/posts\/88346","targetHints":{"allow":["GET"]}}],"collection":[{"href":"https:\/\/feminissima.de\/index.php\/wp-json\/wp\/v2\/posts"}],"about":[{"href":"https:\/\/feminissima.de\/index.php\/wp-json\/wp\/v2\/types\/post"}],"author":[{"embeddable":true,"href":"https:\/\/feminissima.de\/index.php\/wp-json\/wp\/v2\/users\/3"}],"replies":[{"embeddable":true,"href":"https:\/\/feminissima.de\/index.php\/wp-json\/wp\/v2\/comments?post=88346"}],"version-history":[{"count":0,"href":"https:\/\/feminissima.de\/index.php\/wp-json\/wp\/v2\/posts\/88346\/revisions"}],"wp:attachment":[{"href":"https:\/\/feminissima.de\/index.php\/wp-json\/wp\/v2\/media?parent=88346"}],"wp:term":[{"taxonomy":"category","embeddable":true,"href":"https:\/\/feminissima.de\/index.php\/wp-json\/wp\/v2\/categories?post=88346"},{"taxonomy":"post_tag","embeddable":true,"href":"https:\/\/feminissima.de\/index.php\/wp-json\/wp\/v2\/tags?post=88346"}],"curies":[{"name":"wp","href":"https:\/\/api.w.org\/{rel}","templated":true}]}}