{"id":88250,"date":"2021-12-19T21:25:32","date_gmt":"2021-12-19T19:25:32","guid":{"rendered":"https:\/\/www.feminissima.de\/?p=88250"},"modified":"2021-12-19T21:25:32","modified_gmt":"2021-12-19T19:25:32","slug":"jakobinerhaftes-verhalten-da-geb-ich-kubicki-fdp-recht","status":"publish","type":"post","link":"https:\/\/feminissima.de\/index.php\/2021\/12\/19\/jakobinerhaftes-verhalten-da-geb-ich-kubicki-fdp-recht\/","title":{"rendered":"&#8222;Maulkorb f\u00fcr Lisa Fitz!  Jakobinerhaftes Verhalten&#8220;, da geb ich Kubicki, FDP,  doch mal recht &#8211;"},"content":{"rendered":"\n<p>Hi, 19 Uhr 55 auf Teneriffa &#8211; der Text-Kommentar dazu wurde gerade geschrieben&#8230; Bitte sehr ! <\/p>\n\n\n\n<p><\/p>\n\n\n\n<p> <\/p>\n\n\n\n<p><\/p>\n\n\n\n<p>Okay &#8211; wer nicht wei\u00df, was &#8222;jakobinerhaftes Verhalten&#8220; bedeutet, m\u00f6ge doch mal kurz bei der Franzoesischen Revolution vorbeischauen&#8230; Die Jakobiner waren die buchst\u00e4blichen Henker, mal salopp formuliert&#8230; <\/p>\n\n\n\n<p>Ja, die Hetze gegen Impf-Skeptiker in Deutschland hat Ausmasse angenommen, die dir die Sprache verschlagen: Die \u00f6ffentlich-rechtlichen Rundfunk-Anstalten heizen an vorderster Front kr\u00e4fig mit ein &#8211; inzwischen auch die HEUTE-SHOW des ZDF, die ich mir nicht mehr zumute. <\/p>\n\n\n\n<p>Der letzte Schrei &#8211; der Maulkorb f\u00fcr LISA FITZ &#8211; sie ist 70, muss als politische Kabarettistin &#8211; nichts mehr beweisen. Und wir kennen sie alle als eine, die niemandem nach dem Mund redet.  Ihre Kritik an der Corona-Politik in der Sendung &#8222;spaetschicht&#8220; von Florian Schr\u00f6der, beim SWR &#8211; wurde nun &#8222;auf den Index gesetzt&#8220; &#8211; heisst, aus der Mediathek entfernt, wie der SWR &#8211; via Twitter nun mitgeteilt hat. Ihre Behauptung von 5.000 Impftoten &#8222;sei falsch&#8220; &#8211; ah&#8230;wo genau ist die tatsaechliche Zahl denn nachlesbar, wenn diese &#8222;falsch&#8220; sei..? Nun hat auch der FOCUS von BURDA draufgeschlagen, vielleicht daher die Reaktion des SWR&#8230;.trau, schau, wem, vorher war die Sendung &#8222;sp\u00e4tschicht&#8220; &#8211; doch gar nicht sooo bekannt&#8230;. <\/p>\n\n\n\n<p>Und in der Tat hatte sich ja Florian Schr\u00f6der noch pflichschuldigst vorab f\u00fcr den live-Beitrag von Lisa Fitz distanziert &#8211; &#8222;Alle behaupten, es g\u00e4be nur eine Meinung, aber auch wenn ich eine andere habe, kann Lisa Fitz vortragen, was sie denkt&#8220;&#8230; <\/p>\n\n\n\n<p>Offenbar doch nicht. Da schlagen die Wellen hoch&#8230;.dass sich eine doch tats\u00e4chlich getraut hat &#8212; gegen den allgemeinen \u00f6ffentlich-rechtlichen Trend und der  mainstream-Presse&#8230;. die Impf-Skeptiker unisono an den Pranger zu stellen hat es  da doch eine sozusagen gewagt, diese in &#8222;in Schutz&#8220;  zu nehmen. Hey, das geht ja gar nicht.. !<\/p>\n\n\n\n<p>Aber wie so oft, sind die online-Leserbrief-Schreiber nicht so ohne weiteres an die Kandarre zu nehmen. <\/p>\n\n\n\n<p>Am besten gefiel mir ein Comment bei FOCUS-online &#8211; <\/p>\n\n\n\n<p>&#8222;Scholz behauptet frech, die Gesellschaft sei nicht gespalten. Und wer anderes behauptet oder beweist &#8211; ist nat\u00fcrlich ein Staatsfeind und ganz b\u00f6se ultrarechts&#8220;. <\/p>\n\n\n\n<p>So einfach &#8230;Impfpflicht &#8211; bei gleichzeitig nicht gen\u00fcgend Impfstoff &#8211; Irrlichternde GG- Vorschriften, die keiner mehr durchschaut, von Bundesland zu Bundesland changierend&#8230; und der ber\u00fchmte Handel, also das, was auch &#8222;die Wirtschaft&#8220; heisst, beklagt \u00fcber 50 Prozent Umsatz-R\u00fcckgang im sonst umsatzst\u00e4rksten  Gesch\u00e4ft des Jahres &#8211; dem &#8222;Weihnachtsgeschaft&#8220; &#8211; wegen der Corona-Massnahmen; die Mehrzahl der Kunden kaufe nun vermehrt online ein&#8230; Weder mit 2 oder 4 G in ein Gesch\u00e4ft&#8230; .oder Restaurant, wenn andere drau\u00dfen bleiben m\u00fcssen, Ausweis  ist nicht mehr der Personalausweis, sondern der Impausweis&#8230; wem es da nicht den Appeit verschl\u00e4gt und die &#8222;Kauflaune&#8220; &#8230; &#8230;.<br \/><\/p>\n","protected":false},"excerpt":{"rendered":"<p>Hi, 19 Uhr 55 auf Teneriffa &#8211; der Text-Kommentar dazu wurde gerade geschrieben&#8230; Bitte sehr ! Okay &#8211; wer nicht wei\u00df, was &#8222;jakobinerhaftes Verhalten&#8220; bedeutet, m\u00f6ge doch mal kurz bei der Franzoesischen Revolution vorbeischauen&#8230; Die Jakobiner waren die buchst\u00e4blichen Henker, mal salopp formuliert&#8230; Ja, die Hetze gegen Impf-Skeptiker in Deutschland hat Ausmasse angenommen, die dir&hellip; <a class=\"more-link\" href=\"https:\/\/feminissima.de\/index.php\/2021\/12\/19\/jakobinerhaftes-verhalten-da-geb-ich-kubicki-fdp-recht\/\"><span class=\"screen-reader-text\">&#8222;Maulkorb f\u00fcr Lisa Fitz!  Jakobinerhaftes Verhalten&#8220;, da geb ich Kubicki, FDP,  doch mal recht &#8211;<\/span> weiterlesen<\/a><\/p>\n","protected":false},"author":3,"featured_media":0,"comment_status":"closed","ping_status":"closed","sticky":false,"template":"","format":"standard","meta":{"footnotes":""},"categories":[6],"tags":[],"class_list":["post-88250","post","type-post","status-publish","format-standard","hentry","category-femleben","entry"],"yoast_head":"<!-- This site is optimized with the Yoast SEO plugin v21.0 - https:\/\/yoast.com\/wordpress\/plugins\/seo\/ -->\n<title>&quot;Maulkorb f\u00fcr Lisa Fitz! Jakobinerhaftes Verhalten&quot;, da geb ich Kubicki, FDP, doch mal recht - Feminissima<\/title>\n<meta name=\"robots\" content=\"index, follow, max-snippet:-1, max-image-preview:large, max-video-preview:-1\" \/>\n<link rel=\"canonical\" href=\"https:\/\/feminissima.de\/index.php\/2021\/12\/19\/jakobinerhaftes-verhalten-da-geb-ich-kubicki-fdp-recht\/\" \/>\n<meta property=\"og:locale\" content=\"de_DE\" \/>\n<meta property=\"og:type\" content=\"article\" \/>\n<meta property=\"og:title\" content=\"&quot;Maulkorb f\u00fcr Lisa Fitz! Jakobinerhaftes Verhalten&quot;, da geb ich Kubicki, FDP, doch mal recht - Feminissima\" \/>\n<meta property=\"og:description\" content=\"Hi, 19 Uhr 55 auf Teneriffa &#8211; der Text-Kommentar dazu wurde gerade geschrieben&#8230; Bitte sehr ! Okay &#8211; wer nicht wei\u00df, was &#8222;jakobinerhaftes Verhalten&#8220; bedeutet, m\u00f6ge doch mal kurz bei der Franzoesischen Revolution vorbeischauen&#8230; Die Jakobiner waren die buchst\u00e4blichen Henker, mal salopp formuliert&#8230; Ja, die Hetze gegen Impf-Skeptiker in Deutschland hat Ausmasse angenommen, die dir&hellip; &#8222;Maulkorb f\u00fcr Lisa Fitz! Jakobinerhaftes Verhalten&#8220;, da geb ich Kubicki, FDP, doch mal recht &#8211; weiterlesen\" \/>\n<meta property=\"og:url\" content=\"https:\/\/feminissima.de\/index.php\/2021\/12\/19\/jakobinerhaftes-verhalten-da-geb-ich-kubicki-fdp-recht\/\" \/>\n<meta property=\"og:site_name\" content=\"Feminissima\" \/>\n<meta property=\"article:published_time\" content=\"2021-12-19T19:25:32+00:00\" \/>\n<meta name=\"author\" content=\"fem\" \/>\n<meta name=\"twitter:card\" content=\"summary_large_image\" \/>\n<meta name=\"twitter:label1\" content=\"Verfasst von\" \/>\n\t<meta name=\"twitter:data1\" content=\"fem\" \/>\n\t<meta name=\"twitter:label2\" content=\"Gesch\u00e4tzte Lesezeit\" \/>\n\t<meta name=\"twitter:data2\" content=\"2\u00a0Minuten\" \/>\n<script type=\"application\/ld+json\" class=\"yoast-schema-graph\">{\"@context\":\"https:\/\/schema.org\",\"@graph\":[{\"@type\":\"WebPage\",\"@id\":\"https:\/\/feminissima.de\/index.php\/2021\/12\/19\/jakobinerhaftes-verhalten-da-geb-ich-kubicki-fdp-recht\/\",\"url\":\"https:\/\/feminissima.de\/index.php\/2021\/12\/19\/jakobinerhaftes-verhalten-da-geb-ich-kubicki-fdp-recht\/\",\"name\":\"\\\"Maulkorb f\u00fcr Lisa Fitz! Jakobinerhaftes Verhalten\\\", da geb ich Kubicki, FDP, doch mal recht - Feminissima\",\"isPartOf\":{\"@id\":\"https:\/\/feminissima.de\/#website\"},\"datePublished\":\"2021-12-19T19:25:32+00:00\",\"dateModified\":\"2021-12-19T19:25:32+00:00\",\"author\":{\"@id\":\"https:\/\/feminissima.de\/#\/schema\/person\/5dea0fc707e9da59266a47da2f9a8210\"},\"breadcrumb\":{\"@id\":\"https:\/\/feminissima.de\/index.php\/2021\/12\/19\/jakobinerhaftes-verhalten-da-geb-ich-kubicki-fdp-recht\/#breadcrumb\"},\"inLanguage\":\"de\",\"potentialAction\":[{\"@type\":\"ReadAction\",\"target\":[\"https:\/\/feminissima.de\/index.php\/2021\/12\/19\/jakobinerhaftes-verhalten-da-geb-ich-kubicki-fdp-recht\/\"]}]},{\"@type\":\"BreadcrumbList\",\"@id\":\"https:\/\/feminissima.de\/index.php\/2021\/12\/19\/jakobinerhaftes-verhalten-da-geb-ich-kubicki-fdp-recht\/#breadcrumb\",\"itemListElement\":[{\"@type\":\"ListItem\",\"position\":1,\"name\":\"Startseite\",\"item\":\"https:\/\/feminissima.de\/\"},{\"@type\":\"ListItem\",\"position\":2,\"name\":\"&#8222;Maulkorb f\u00fcr Lisa Fitz! Jakobinerhaftes Verhalten&#8220;, da geb ich Kubicki, FDP, doch mal recht &#8211;\"}]},{\"@type\":\"WebSite\",\"@id\":\"https:\/\/feminissima.de\/#website\",\"url\":\"https:\/\/feminissima.de\/\",\"name\":\"Feminissima\",\"description\":\"\",\"potentialAction\":[{\"@type\":\"SearchAction\",\"target\":{\"@type\":\"EntryPoint\",\"urlTemplate\":\"https:\/\/feminissima.de\/?s={search_term_string}\"},\"query-input\":\"required name=search_term_string\"}],\"inLanguage\":\"de\"},{\"@type\":\"Person\",\"@id\":\"https:\/\/feminissima.de\/#\/schema\/person\/5dea0fc707e9da59266a47da2f9a8210\",\"name\":\"fem\",\"image\":{\"@type\":\"ImageObject\",\"inLanguage\":\"de\",\"@id\":\"https:\/\/feminissima.de\/#\/schema\/person\/image\/\",\"url\":\"https:\/\/secure.gravatar.com\/avatar\/892e878e26ee6e7c1689c0b5183da4949c35fb291d0554f021db478bb42e3226?s=96&d=mm&r=g\",\"contentUrl\":\"https:\/\/secure.gravatar.com\/avatar\/892e878e26ee6e7c1689c0b5183da4949c35fb291d0554f021db478bb42e3226?s=96&d=mm&r=g\",\"caption\":\"fem\"},\"url\":\"https:\/\/feminissima.de\/index.php\/author\/fem\/\"}]}<\/script>\n<!-- \/ Yoast SEO plugin. -->","yoast_head_json":{"title":"\"Maulkorb f\u00fcr Lisa Fitz! Jakobinerhaftes Verhalten\", da geb ich Kubicki, FDP, doch mal recht - Feminissima","robots":{"index":"index","follow":"follow","max-snippet":"max-snippet:-1","max-image-preview":"max-image-preview:large","max-video-preview":"max-video-preview:-1"},"canonical":"https:\/\/feminissima.de\/index.php\/2021\/12\/19\/jakobinerhaftes-verhalten-da-geb-ich-kubicki-fdp-recht\/","og_locale":"de_DE","og_type":"article","og_title":"\"Maulkorb f\u00fcr Lisa Fitz! Jakobinerhaftes Verhalten\", da geb ich Kubicki, FDP, doch mal recht - Feminissima","og_description":"Hi, 19 Uhr 55 auf Teneriffa &#8211; der Text-Kommentar dazu wurde gerade geschrieben&#8230; Bitte sehr ! Okay &#8211; wer nicht wei\u00df, was &#8222;jakobinerhaftes Verhalten&#8220; bedeutet, m\u00f6ge doch mal kurz bei der Franzoesischen Revolution vorbeischauen&#8230; Die Jakobiner waren die buchst\u00e4blichen Henker, mal salopp formuliert&#8230; Ja, die Hetze gegen Impf-Skeptiker in Deutschland hat Ausmasse angenommen, die dir&hellip; &#8222;Maulkorb f\u00fcr Lisa Fitz! Jakobinerhaftes Verhalten&#8220;, da geb ich Kubicki, FDP, doch mal recht &#8211; weiterlesen","og_url":"https:\/\/feminissima.de\/index.php\/2021\/12\/19\/jakobinerhaftes-verhalten-da-geb-ich-kubicki-fdp-recht\/","og_site_name":"Feminissima","article_published_time":"2021-12-19T19:25:32+00:00","author":"fem","twitter_card":"summary_large_image","twitter_misc":{"Verfasst von":"fem","Gesch\u00e4tzte Lesezeit":"2\u00a0Minuten"},"schema":{"@context":"https:\/\/schema.org","@graph":[{"@type":"WebPage","@id":"https:\/\/feminissima.de\/index.php\/2021\/12\/19\/jakobinerhaftes-verhalten-da-geb-ich-kubicki-fdp-recht\/","url":"https:\/\/feminissima.de\/index.php\/2021\/12\/19\/jakobinerhaftes-verhalten-da-geb-ich-kubicki-fdp-recht\/","name":"\"Maulkorb f\u00fcr Lisa Fitz! Jakobinerhaftes Verhalten\", da geb ich Kubicki, FDP, doch mal recht - Feminissima","isPartOf":{"@id":"https:\/\/feminissima.de\/#website"},"datePublished":"2021-12-19T19:25:32+00:00","dateModified":"2021-12-19T19:25:32+00:00","author":{"@id":"https:\/\/feminissima.de\/#\/schema\/person\/5dea0fc707e9da59266a47da2f9a8210"},"breadcrumb":{"@id":"https:\/\/feminissima.de\/index.php\/2021\/12\/19\/jakobinerhaftes-verhalten-da-geb-ich-kubicki-fdp-recht\/#breadcrumb"},"inLanguage":"de","potentialAction":[{"@type":"ReadAction","target":["https:\/\/feminissima.de\/index.php\/2021\/12\/19\/jakobinerhaftes-verhalten-da-geb-ich-kubicki-fdp-recht\/"]}]},{"@type":"BreadcrumbList","@id":"https:\/\/feminissima.de\/index.php\/2021\/12\/19\/jakobinerhaftes-verhalten-da-geb-ich-kubicki-fdp-recht\/#breadcrumb","itemListElement":[{"@type":"ListItem","position":1,"name":"Startseite","item":"https:\/\/feminissima.de\/"},{"@type":"ListItem","position":2,"name":"&#8222;Maulkorb f\u00fcr Lisa Fitz! Jakobinerhaftes Verhalten&#8220;, da geb ich Kubicki, FDP, doch mal recht &#8211;"}]},{"@type":"WebSite","@id":"https:\/\/feminissima.de\/#website","url":"https:\/\/feminissima.de\/","name":"Feminissima","description":"","potentialAction":[{"@type":"SearchAction","target":{"@type":"EntryPoint","urlTemplate":"https:\/\/feminissima.de\/?s={search_term_string}"},"query-input":"required name=search_term_string"}],"inLanguage":"de"},{"@type":"Person","@id":"https:\/\/feminissima.de\/#\/schema\/person\/5dea0fc707e9da59266a47da2f9a8210","name":"fem","image":{"@type":"ImageObject","inLanguage":"de","@id":"https:\/\/feminissima.de\/#\/schema\/person\/image\/","url":"https:\/\/secure.gravatar.com\/avatar\/892e878e26ee6e7c1689c0b5183da4949c35fb291d0554f021db478bb42e3226?s=96&d=mm&r=g","contentUrl":"https:\/\/secure.gravatar.com\/avatar\/892e878e26ee6e7c1689c0b5183da4949c35fb291d0554f021db478bb42e3226?s=96&d=mm&r=g","caption":"fem"},"url":"https:\/\/feminissima.de\/index.php\/author\/fem\/"}]}},"jetpack_featured_media_url":"","_links":{"self":[{"href":"https:\/\/feminissima.de\/index.php\/wp-json\/wp\/v2\/posts\/88250","targetHints":{"allow":["GET"]}}],"collection":[{"href":"https:\/\/feminissima.de\/index.php\/wp-json\/wp\/v2\/posts"}],"about":[{"href":"https:\/\/feminissima.de\/index.php\/wp-json\/wp\/v2\/types\/post"}],"author":[{"embeddable":true,"href":"https:\/\/feminissima.de\/index.php\/wp-json\/wp\/v2\/users\/3"}],"replies":[{"embeddable":true,"href":"https:\/\/feminissima.de\/index.php\/wp-json\/wp\/v2\/comments?post=88250"}],"version-history":[{"count":0,"href":"https:\/\/feminissima.de\/index.php\/wp-json\/wp\/v2\/posts\/88250\/revisions"}],"wp:attachment":[{"href":"https:\/\/feminissima.de\/index.php\/wp-json\/wp\/v2\/media?parent=88250"}],"wp:term":[{"taxonomy":"category","embeddable":true,"href":"https:\/\/feminissima.de\/index.php\/wp-json\/wp\/v2\/categories?post=88250"},{"taxonomy":"post_tag","embeddable":true,"href":"https:\/\/feminissima.de\/index.php\/wp-json\/wp\/v2\/tags?post=88250"}],"curies":[{"name":"wp","href":"https:\/\/api.w.org\/{rel}","templated":true}]}}