{"id":88244,"date":"2021-12-19T08:05:30","date_gmt":"2021-12-19T06:05:30","guid":{"rendered":"https:\/\/www.feminissima.de\/?p=88244"},"modified":"2021-12-19T08:05:30","modified_gmt":"2021-12-19T06:05:30","slug":"die-weihnachtswoche-wird-sie-genannt-heute-der-19-dezember","status":"publish","type":"post","link":"https:\/\/feminissima.de\/index.php\/2021\/12\/19\/die-weihnachtswoche-wird-sie-genannt-heute-der-19-dezember\/","title":{"rendered":"Die Weihnachtswoche, wird sie genannt, heute der 19. Dezember.."},"content":{"rendered":"\n<p><\/p>\n\n\n\n<p>Guten Morgen allerseits &#8211; wenn Ihr das Rezept von 2002 unter der Short-Story &#8222;Frau, in der Tiefe des Sommers als previous Text seht, &#8211; ist ja auch fast ne Short Story, dieses Rezept &#8222;Aprikose an Entenbr\u00fcstchen&#8220; &#8211; beweist dies, dass FEMINISSIMA damals, 2002, noch keine waschechte Veggie bis Vegan war&#8230; Dies nur zur Beruhigung, falls sich jemand \u00fcber ein Rezept mit Fleisch aufregt. &#8230; Obwohl schon damals der innere Trend zu Veggie, ohne es so zu nennen. Lag wohl an dem fr\u00fcheren Freund Rainer, der von Kindesbeinen an, durch die Familie, Vegetarier war, und ich hatte mich &#8211; klar doch! mit ihm solidarisiert, denn es war eine Zeit, in der Vegetarier schraeg angeschaut wurden und in den Restaurants h\u00f6chstens ein Omelette angeboten wurde oder ein eher langweiliger &#8222;Beilagensalat..&#8220; .. Wie sich die Zeiten ver\u00e4ndern, nicht wahr&#8230; Okay&#8230; Kommt gut durch den Tag in Alemania. FEMINISSIMA lebt seit 2015 auf Teneriffa &#8211; und&#8230;wir haben niemals richtig Winter&#8230;.die Kanarischen Inseln, gegen\u00fcber von West-Afrika&#8230; und mit einer Uhrzeit, eine Stunde zur\u00fcck hinter der der Halbinsel von Espana&#8230; Gestern das Fr\u00fchst\u00fcck gegen Mittag auf der Terrasse &#8211; Es war eher k\u00fchl die letzten Tage, mit nur 20 Grad am Tag und nachts die \u00fcbliche Zusatz-Abk\u00fchlung&#8230; aber &#8222;es ist neblig und kalt&#8220; whatsappte eine Bekannte aus Alemania&#8230; Und dazu die deutschen irrwitzigen Corona-Regeln&#8230; Hier nicht. Aber wir tragen Masken auch sogar ohne Pflicht&#8230;und halten Abstand&#8230; Was  auch vielschichtig&#8230;.  So&#8230; der Kater kommt rein, zum wievielten Mal &#8230; Noch ein wenig Schlaf vielleicht&#8230;. <\/p>\n","protected":false},"excerpt":{"rendered":"<p>Guten Morgen allerseits &#8211; wenn Ihr das Rezept von 2002 unter der Short-Story &#8222;Frau, in der Tiefe des Sommers als previous Text seht, &#8211; ist ja auch fast ne Short Story, dieses Rezept &#8222;Aprikose an Entenbr\u00fcstchen&#8220; &#8211; beweist dies, dass FEMINISSIMA damals, 2002, noch keine waschechte Veggie bis Vegan war&#8230; Dies nur zur Beruhigung, falls&hellip; <a class=\"more-link\" href=\"https:\/\/feminissima.de\/index.php\/2021\/12\/19\/die-weihnachtswoche-wird-sie-genannt-heute-der-19-dezember\/\"><span class=\"screen-reader-text\">Die Weihnachtswoche, wird sie genannt, heute der 19. Dezember..<\/span> weiterlesen<\/a><\/p>\n","protected":false},"author":3,"featured_media":0,"comment_status":"closed","ping_status":"closed","sticky":false,"template":"","format":"standard","meta":{"footnotes":""},"categories":[6],"tags":[],"class_list":["post-88244","post","type-post","status-publish","format-standard","hentry","category-femleben","entry"],"yoast_head":"<!-- This site is optimized with the Yoast SEO plugin v21.0 - https:\/\/yoast.com\/wordpress\/plugins\/seo\/ -->\n<title>Die Weihnachtswoche, wird sie genannt, heute der 19. Dezember.. - Feminissima<\/title>\n<meta name=\"robots\" content=\"index, follow, max-snippet:-1, max-image-preview:large, max-video-preview:-1\" \/>\n<link rel=\"canonical\" href=\"https:\/\/feminissima.de\/index.php\/2021\/12\/19\/die-weihnachtswoche-wird-sie-genannt-heute-der-19-dezember\/\" \/>\n<meta property=\"og:locale\" content=\"de_DE\" \/>\n<meta property=\"og:type\" content=\"article\" \/>\n<meta property=\"og:title\" content=\"Die Weihnachtswoche, wird sie genannt, heute der 19. Dezember.. - Feminissima\" \/>\n<meta property=\"og:description\" content=\"Guten Morgen allerseits &#8211; wenn Ihr das Rezept von 2002 unter der Short-Story &#8222;Frau, in der Tiefe des Sommers als previous Text seht, &#8211; ist ja auch fast ne Short Story, dieses Rezept &#8222;Aprikose an Entenbr\u00fcstchen&#8220; &#8211; beweist dies, dass FEMINISSIMA damals, 2002, noch keine waschechte Veggie bis Vegan war&#8230; Dies nur zur Beruhigung, falls&hellip; Die Weihnachtswoche, wird sie genannt, heute der 19. Dezember.. weiterlesen\" \/>\n<meta property=\"og:url\" content=\"https:\/\/feminissima.de\/index.php\/2021\/12\/19\/die-weihnachtswoche-wird-sie-genannt-heute-der-19-dezember\/\" \/>\n<meta property=\"og:site_name\" content=\"Feminissima\" \/>\n<meta property=\"article:published_time\" content=\"2021-12-19T06:05:30+00:00\" \/>\n<meta name=\"author\" content=\"fem\" \/>\n<meta name=\"twitter:card\" content=\"summary_large_image\" \/>\n<meta name=\"twitter:label1\" content=\"Verfasst von\" \/>\n\t<meta name=\"twitter:data1\" content=\"fem\" \/>\n\t<meta name=\"twitter:label2\" content=\"Gesch\u00e4tzte Lesezeit\" \/>\n\t<meta name=\"twitter:data2\" content=\"1\u00a0Minute\" \/>\n<script type=\"application\/ld+json\" class=\"yoast-schema-graph\">{\"@context\":\"https:\/\/schema.org\",\"@graph\":[{\"@type\":\"WebPage\",\"@id\":\"https:\/\/feminissima.de\/index.php\/2021\/12\/19\/die-weihnachtswoche-wird-sie-genannt-heute-der-19-dezember\/\",\"url\":\"https:\/\/feminissima.de\/index.php\/2021\/12\/19\/die-weihnachtswoche-wird-sie-genannt-heute-der-19-dezember\/\",\"name\":\"Die Weihnachtswoche, wird sie genannt, heute der 19. Dezember.. - Feminissima\",\"isPartOf\":{\"@id\":\"https:\/\/feminissima.de\/#website\"},\"datePublished\":\"2021-12-19T06:05:30+00:00\",\"dateModified\":\"2021-12-19T06:05:30+00:00\",\"author\":{\"@id\":\"https:\/\/feminissima.de\/#\/schema\/person\/5dea0fc707e9da59266a47da2f9a8210\"},\"breadcrumb\":{\"@id\":\"https:\/\/feminissima.de\/index.php\/2021\/12\/19\/die-weihnachtswoche-wird-sie-genannt-heute-der-19-dezember\/#breadcrumb\"},\"inLanguage\":\"de\",\"potentialAction\":[{\"@type\":\"ReadAction\",\"target\":[\"https:\/\/feminissima.de\/index.php\/2021\/12\/19\/die-weihnachtswoche-wird-sie-genannt-heute-der-19-dezember\/\"]}]},{\"@type\":\"BreadcrumbList\",\"@id\":\"https:\/\/feminissima.de\/index.php\/2021\/12\/19\/die-weihnachtswoche-wird-sie-genannt-heute-der-19-dezember\/#breadcrumb\",\"itemListElement\":[{\"@type\":\"ListItem\",\"position\":1,\"name\":\"Startseite\",\"item\":\"https:\/\/feminissima.de\/\"},{\"@type\":\"ListItem\",\"position\":2,\"name\":\"Die Weihnachtswoche, wird sie genannt, heute der 19. Dezember..\"}]},{\"@type\":\"WebSite\",\"@id\":\"https:\/\/feminissima.de\/#website\",\"url\":\"https:\/\/feminissima.de\/\",\"name\":\"Feminissima\",\"description\":\"\",\"potentialAction\":[{\"@type\":\"SearchAction\",\"target\":{\"@type\":\"EntryPoint\",\"urlTemplate\":\"https:\/\/feminissima.de\/?s={search_term_string}\"},\"query-input\":\"required name=search_term_string\"}],\"inLanguage\":\"de\"},{\"@type\":\"Person\",\"@id\":\"https:\/\/feminissima.de\/#\/schema\/person\/5dea0fc707e9da59266a47da2f9a8210\",\"name\":\"fem\",\"image\":{\"@type\":\"ImageObject\",\"inLanguage\":\"de\",\"@id\":\"https:\/\/feminissima.de\/#\/schema\/person\/image\/\",\"url\":\"https:\/\/secure.gravatar.com\/avatar\/892e878e26ee6e7c1689c0b5183da4949c35fb291d0554f021db478bb42e3226?s=96&d=mm&r=g\",\"contentUrl\":\"https:\/\/secure.gravatar.com\/avatar\/892e878e26ee6e7c1689c0b5183da4949c35fb291d0554f021db478bb42e3226?s=96&d=mm&r=g\",\"caption\":\"fem\"},\"url\":\"https:\/\/feminissima.de\/index.php\/author\/fem\/\"}]}<\/script>\n<!-- \/ Yoast SEO plugin. -->","yoast_head_json":{"title":"Die Weihnachtswoche, wird sie genannt, heute der 19. Dezember.. - Feminissima","robots":{"index":"index","follow":"follow","max-snippet":"max-snippet:-1","max-image-preview":"max-image-preview:large","max-video-preview":"max-video-preview:-1"},"canonical":"https:\/\/feminissima.de\/index.php\/2021\/12\/19\/die-weihnachtswoche-wird-sie-genannt-heute-der-19-dezember\/","og_locale":"de_DE","og_type":"article","og_title":"Die Weihnachtswoche, wird sie genannt, heute der 19. Dezember.. - Feminissima","og_description":"Guten Morgen allerseits &#8211; wenn Ihr das Rezept von 2002 unter der Short-Story &#8222;Frau, in der Tiefe des Sommers als previous Text seht, &#8211; ist ja auch fast ne Short Story, dieses Rezept &#8222;Aprikose an Entenbr\u00fcstchen&#8220; &#8211; beweist dies, dass FEMINISSIMA damals, 2002, noch keine waschechte Veggie bis Vegan war&#8230; Dies nur zur Beruhigung, falls&hellip; Die Weihnachtswoche, wird sie genannt, heute der 19. Dezember.. weiterlesen","og_url":"https:\/\/feminissima.de\/index.php\/2021\/12\/19\/die-weihnachtswoche-wird-sie-genannt-heute-der-19-dezember\/","og_site_name":"Feminissima","article_published_time":"2021-12-19T06:05:30+00:00","author":"fem","twitter_card":"summary_large_image","twitter_misc":{"Verfasst von":"fem","Gesch\u00e4tzte Lesezeit":"1\u00a0Minute"},"schema":{"@context":"https:\/\/schema.org","@graph":[{"@type":"WebPage","@id":"https:\/\/feminissima.de\/index.php\/2021\/12\/19\/die-weihnachtswoche-wird-sie-genannt-heute-der-19-dezember\/","url":"https:\/\/feminissima.de\/index.php\/2021\/12\/19\/die-weihnachtswoche-wird-sie-genannt-heute-der-19-dezember\/","name":"Die Weihnachtswoche, wird sie genannt, heute der 19. Dezember.. - Feminissima","isPartOf":{"@id":"https:\/\/feminissima.de\/#website"},"datePublished":"2021-12-19T06:05:30+00:00","dateModified":"2021-12-19T06:05:30+00:00","author":{"@id":"https:\/\/feminissima.de\/#\/schema\/person\/5dea0fc707e9da59266a47da2f9a8210"},"breadcrumb":{"@id":"https:\/\/feminissima.de\/index.php\/2021\/12\/19\/die-weihnachtswoche-wird-sie-genannt-heute-der-19-dezember\/#breadcrumb"},"inLanguage":"de","potentialAction":[{"@type":"ReadAction","target":["https:\/\/feminissima.de\/index.php\/2021\/12\/19\/die-weihnachtswoche-wird-sie-genannt-heute-der-19-dezember\/"]}]},{"@type":"BreadcrumbList","@id":"https:\/\/feminissima.de\/index.php\/2021\/12\/19\/die-weihnachtswoche-wird-sie-genannt-heute-der-19-dezember\/#breadcrumb","itemListElement":[{"@type":"ListItem","position":1,"name":"Startseite","item":"https:\/\/feminissima.de\/"},{"@type":"ListItem","position":2,"name":"Die Weihnachtswoche, wird sie genannt, heute der 19. Dezember.."}]},{"@type":"WebSite","@id":"https:\/\/feminissima.de\/#website","url":"https:\/\/feminissima.de\/","name":"Feminissima","description":"","potentialAction":[{"@type":"SearchAction","target":{"@type":"EntryPoint","urlTemplate":"https:\/\/feminissima.de\/?s={search_term_string}"},"query-input":"required name=search_term_string"}],"inLanguage":"de"},{"@type":"Person","@id":"https:\/\/feminissima.de\/#\/schema\/person\/5dea0fc707e9da59266a47da2f9a8210","name":"fem","image":{"@type":"ImageObject","inLanguage":"de","@id":"https:\/\/feminissima.de\/#\/schema\/person\/image\/","url":"https:\/\/secure.gravatar.com\/avatar\/892e878e26ee6e7c1689c0b5183da4949c35fb291d0554f021db478bb42e3226?s=96&d=mm&r=g","contentUrl":"https:\/\/secure.gravatar.com\/avatar\/892e878e26ee6e7c1689c0b5183da4949c35fb291d0554f021db478bb42e3226?s=96&d=mm&r=g","caption":"fem"},"url":"https:\/\/feminissima.de\/index.php\/author\/fem\/"}]}},"jetpack_featured_media_url":"","_links":{"self":[{"href":"https:\/\/feminissima.de\/index.php\/wp-json\/wp\/v2\/posts\/88244","targetHints":{"allow":["GET"]}}],"collection":[{"href":"https:\/\/feminissima.de\/index.php\/wp-json\/wp\/v2\/posts"}],"about":[{"href":"https:\/\/feminissima.de\/index.php\/wp-json\/wp\/v2\/types\/post"}],"author":[{"embeddable":true,"href":"https:\/\/feminissima.de\/index.php\/wp-json\/wp\/v2\/users\/3"}],"replies":[{"embeddable":true,"href":"https:\/\/feminissima.de\/index.php\/wp-json\/wp\/v2\/comments?post=88244"}],"version-history":[{"count":0,"href":"https:\/\/feminissima.de\/index.php\/wp-json\/wp\/v2\/posts\/88244\/revisions"}],"wp:attachment":[{"href":"https:\/\/feminissima.de\/index.php\/wp-json\/wp\/v2\/media?parent=88244"}],"wp:term":[{"taxonomy":"category","embeddable":true,"href":"https:\/\/feminissima.de\/index.php\/wp-json\/wp\/v2\/categories?post=88244"},{"taxonomy":"post_tag","embeddable":true,"href":"https:\/\/feminissima.de\/index.php\/wp-json\/wp\/v2\/tags?post=88244"}],"curies":[{"name":"wp","href":"https:\/\/api.w.org\/{rel}","templated":true}]}}