{"id":88228,"date":"2021-12-16T12:33:19","date_gmt":"2021-12-16T10:33:19","guid":{"rendered":"https:\/\/www.feminissima.de\/?p=88228"},"modified":"2021-12-16T12:33:19","modified_gmt":"2021-12-16T10:33:19","slug":"baerblocks-unverblumtes-und-scholzens-unausgeschlafenes","status":"publish","type":"post","link":"https:\/\/feminissima.de\/index.php\/2021\/12\/16\/baerblocks-unverblumtes-und-scholzens-unausgeschlafenes\/","title":{"rendered":"Baerbocks Unverbl\u00fcmtes und Scholzens Unausgeschlafenes.."},"content":{"rendered":"\n<p>Tenerife, 11 Uhr 16, Guten Morgen&#8230;<\/p>\n\n\n\n<p><\/p>\n\n\n\n<p>SIE  ist die erste Frau im Ausw\u00e4rtigen, und mit 40 Jahren, sie wird jetzt noch im Dezember 41 Jahre alt, eine der juegsten deutschen Bundesministerinnen ever. <\/p>\n\n\n\n<p>Von der Partei-Arbeit gleich in eines der ehemals angesehensten, im Sinne von gewichtigsten!  Ressorts! Immerhin, wie Baerbock ihren Toechtern ihre neue Arbeit erkl\u00e4rte, vertritt sie Deutschland in der Welt. Mit anderen Worten, sie ist das Gesicht of Germany in der internationalen politischen Welt. Eigentlich super. Endlich. Ueberf\u00e4llig und so. Besonders deutlich wurde es beim gleich ersten Gruppenfoto mit den anderen Ministern des \u00c4u\u00dferen &#8211; alles wirklich alte M\u00e4nner, und das ist nicht stylish-rassistisch or whatever gemeint. Nein, sie sind einfach alt &#8211;  und in ihren dunklen Anzuegen erinnern sie mehr an Sargtraeger denn Staatsvertreter ihrer jeweiligen L\u00e4nder. Sie sind &#8211; ausser dem amtierenden russischen, &#8211; der nicht auf dem Foto war, unbedeutende Aussenminister: denn kein Name ist wirklich gel\u00e4ufig, to be true. In der Mitte dann also &#8211; im klassischen Dunkelblau, Hosenanzug, macht sich gut, die junge, frische Frau, die alle auch wie um Kopfesl\u00e4nge \u00fcberragt&#8230;. <\/p>\n\n\n\n<p><\/p>\n\n\n\n<p>Sie tritt vors  Mikrophon, ge\u00fcbt, sagt irgendwas..  mit ihrer seltsam unmelodioesen Stimme, aber immer laut, und du hast es schon wieder vergesen. Aber gestern, als sie 2 russische Diplomaten vor den Kameras zu Personas non gratas, also zu unerw\u00fcnschten Personen erkl\u00e4rte, weil aus ihren Reihen oder from Russia itself, auf deutschem Boden Staats-Terrorismus begangen worden sei &#8211; ja, das war klar und unverbl\u00fcmt&#8230;.. <\/p>\n\n\n\n<p>Zu direkt? Fehlte nicht etwas? War es die Diplomatie? Jenes Drumherum-Parlieren &#8230;.um einen ungeheuren Vorgang, wie den Auftragsmord an einem ehemaligen tschetschenischen K\u00e4mpfer am hellichten Tag im Kleinen Tierpark mitten in Berlin &#8211; ja, ein Auftragsmord, so urteilte gestern das Berliner Kammergericht, das den T\u00e4ter lebenslang hinter Gef\u00e4ngnismauern schickte&#8230; <\/p>\n\n\n\n<p><\/p>\n\n\n\n<p>und trotzdem &#8211; waere f\u00fcr das deutsche Fernsehen &#8211; oder war Baerbocks lapidares statement gek\u00fcrzt..? , ein wenig Garnitur, ein wenig Lametta des Abfederns ..nicht &#8230;..angebracht gewesen?<\/p>\n\n\n\n<p><\/p>\n\n\n\n<p>Nun ja.. Wir werden sehen, wie es weitergeht.. <\/p>\n\n\n\n<p><\/p>\n\n\n\n<p>Und dann &#8211; Auftritt Scholz &#8211; der Man mit der ausgeleierten Aktentasche. Das sagt eigentlich alles. Der Master des No-Charisma. <\/p>\n\n\n\n<p>Blutleer. Langweilte er mit dem Runterbeten des Koalitionsvertrages. <\/p>\n\n\n\n<p>Die nun-Opposition, wenngleich mit viel zu lauter Stimme &#8211; beklagte denn auch die fehlende Begeisterung&#8230; f\u00fcr das neue Amt&#8230; des ja so ersehnten Amtes des Dauer-Berufs-Politikers Scholz, SPD . <\/p>\n\n\n\n<p><\/p>\n\n\n\n<p>Entonces, daher &#8211; geben wir der blutjungen &#8211; frischen &#8211; deutschen Aussenministerin &#8211; eine Chance&#8230;.nach dem verpatzten Wahlkampf&#8230;. Oder..?? Aber ihr etwas mehr Feingef\u00fchl zu w\u00fcnschen, darf ja erlaubt sein&#8230;.<\/p>\n\n\n\n<p><\/p>\n\n\n\n<p><\/p>\n","protected":false},"excerpt":{"rendered":"<p>Tenerife, 11 Uhr 16, Guten Morgen&#8230; SIE ist die erste Frau im Ausw\u00e4rtigen, und mit 40 Jahren, sie wird jetzt noch im Dezember 41 Jahre alt, eine der juegsten deutschen Bundesministerinnen ever. Von der Partei-Arbeit gleich in eines der ehemals angesehensten, im Sinne von gewichtigsten! Ressorts! Immerhin, wie Baerbock ihren Toechtern ihre neue Arbeit erkl\u00e4rte,&hellip; <a class=\"more-link\" href=\"https:\/\/feminissima.de\/index.php\/2021\/12\/16\/baerblocks-unverblumtes-und-scholzens-unausgeschlafenes\/\"><span class=\"screen-reader-text\">Baerbocks Unverbl\u00fcmtes und Scholzens Unausgeschlafenes..<\/span> weiterlesen<\/a><\/p>\n","protected":false},"author":3,"featured_media":0,"comment_status":"closed","ping_status":"closed","sticky":false,"template":"","format":"standard","meta":{"footnotes":""},"categories":[6],"tags":[],"class_list":["post-88228","post","type-post","status-publish","format-standard","hentry","category-femleben","entry"],"yoast_head":"<!-- This site is optimized with the Yoast SEO plugin v21.0 - https:\/\/yoast.com\/wordpress\/plugins\/seo\/ -->\n<title>Baerbocks Unverbl\u00fcmtes und Scholzens Unausgeschlafenes.. - Feminissima<\/title>\n<meta name=\"robots\" content=\"index, follow, max-snippet:-1, max-image-preview:large, max-video-preview:-1\" \/>\n<link rel=\"canonical\" href=\"https:\/\/feminissima.de\/index.php\/2021\/12\/16\/baerblocks-unverblumtes-und-scholzens-unausgeschlafenes\/\" \/>\n<meta property=\"og:locale\" content=\"de_DE\" \/>\n<meta property=\"og:type\" content=\"article\" \/>\n<meta property=\"og:title\" content=\"Baerbocks Unverbl\u00fcmtes und Scholzens Unausgeschlafenes.. - Feminissima\" \/>\n<meta property=\"og:description\" content=\"Tenerife, 11 Uhr 16, Guten Morgen&#8230; SIE ist die erste Frau im Ausw\u00e4rtigen, und mit 40 Jahren, sie wird jetzt noch im Dezember 41 Jahre alt, eine der juegsten deutschen Bundesministerinnen ever. Von der Partei-Arbeit gleich in eines der ehemals angesehensten, im Sinne von gewichtigsten! Ressorts! Immerhin, wie Baerbock ihren Toechtern ihre neue Arbeit erkl\u00e4rte,&hellip; Baerbocks Unverbl\u00fcmtes und Scholzens Unausgeschlafenes.. weiterlesen\" \/>\n<meta property=\"og:url\" content=\"https:\/\/feminissima.de\/index.php\/2021\/12\/16\/baerblocks-unverblumtes-und-scholzens-unausgeschlafenes\/\" \/>\n<meta property=\"og:site_name\" content=\"Feminissima\" \/>\n<meta property=\"article:published_time\" content=\"2021-12-16T10:33:19+00:00\" \/>\n<meta name=\"author\" content=\"fem\" \/>\n<meta name=\"twitter:card\" content=\"summary_large_image\" \/>\n<meta name=\"twitter:label1\" content=\"Verfasst von\" \/>\n\t<meta name=\"twitter:data1\" content=\"fem\" \/>\n\t<meta name=\"twitter:label2\" content=\"Gesch\u00e4tzte Lesezeit\" \/>\n\t<meta name=\"twitter:data2\" content=\"2\u00a0Minuten\" \/>\n<script type=\"application\/ld+json\" class=\"yoast-schema-graph\">{\"@context\":\"https:\/\/schema.org\",\"@graph\":[{\"@type\":\"WebPage\",\"@id\":\"https:\/\/feminissima.de\/index.php\/2021\/12\/16\/baerblocks-unverblumtes-und-scholzens-unausgeschlafenes\/\",\"url\":\"https:\/\/feminissima.de\/index.php\/2021\/12\/16\/baerblocks-unverblumtes-und-scholzens-unausgeschlafenes\/\",\"name\":\"Baerbocks Unverbl\u00fcmtes und Scholzens Unausgeschlafenes.. - Feminissima\",\"isPartOf\":{\"@id\":\"https:\/\/feminissima.de\/#website\"},\"datePublished\":\"2021-12-16T10:33:19+00:00\",\"dateModified\":\"2021-12-16T10:33:19+00:00\",\"author\":{\"@id\":\"https:\/\/feminissima.de\/#\/schema\/person\/5dea0fc707e9da59266a47da2f9a8210\"},\"breadcrumb\":{\"@id\":\"https:\/\/feminissima.de\/index.php\/2021\/12\/16\/baerblocks-unverblumtes-und-scholzens-unausgeschlafenes\/#breadcrumb\"},\"inLanguage\":\"de\",\"potentialAction\":[{\"@type\":\"ReadAction\",\"target\":[\"https:\/\/feminissima.de\/index.php\/2021\/12\/16\/baerblocks-unverblumtes-und-scholzens-unausgeschlafenes\/\"]}]},{\"@type\":\"BreadcrumbList\",\"@id\":\"https:\/\/feminissima.de\/index.php\/2021\/12\/16\/baerblocks-unverblumtes-und-scholzens-unausgeschlafenes\/#breadcrumb\",\"itemListElement\":[{\"@type\":\"ListItem\",\"position\":1,\"name\":\"Startseite\",\"item\":\"https:\/\/feminissima.de\/\"},{\"@type\":\"ListItem\",\"position\":2,\"name\":\"Baerbocks Unverbl\u00fcmtes und Scholzens Unausgeschlafenes..\"}]},{\"@type\":\"WebSite\",\"@id\":\"https:\/\/feminissima.de\/#website\",\"url\":\"https:\/\/feminissima.de\/\",\"name\":\"Feminissima\",\"description\":\"\",\"potentialAction\":[{\"@type\":\"SearchAction\",\"target\":{\"@type\":\"EntryPoint\",\"urlTemplate\":\"https:\/\/feminissima.de\/?s={search_term_string}\"},\"query-input\":\"required name=search_term_string\"}],\"inLanguage\":\"de\"},{\"@type\":\"Person\",\"@id\":\"https:\/\/feminissima.de\/#\/schema\/person\/5dea0fc707e9da59266a47da2f9a8210\",\"name\":\"fem\",\"image\":{\"@type\":\"ImageObject\",\"inLanguage\":\"de\",\"@id\":\"https:\/\/feminissima.de\/#\/schema\/person\/image\/\",\"url\":\"https:\/\/secure.gravatar.com\/avatar\/892e878e26ee6e7c1689c0b5183da4949c35fb291d0554f021db478bb42e3226?s=96&d=mm&r=g\",\"contentUrl\":\"https:\/\/secure.gravatar.com\/avatar\/892e878e26ee6e7c1689c0b5183da4949c35fb291d0554f021db478bb42e3226?s=96&d=mm&r=g\",\"caption\":\"fem\"},\"url\":\"https:\/\/feminissima.de\/index.php\/author\/fem\/\"}]}<\/script>\n<!-- \/ Yoast SEO plugin. -->","yoast_head_json":{"title":"Baerbocks Unverbl\u00fcmtes und Scholzens Unausgeschlafenes.. - Feminissima","robots":{"index":"index","follow":"follow","max-snippet":"max-snippet:-1","max-image-preview":"max-image-preview:large","max-video-preview":"max-video-preview:-1"},"canonical":"https:\/\/feminissima.de\/index.php\/2021\/12\/16\/baerblocks-unverblumtes-und-scholzens-unausgeschlafenes\/","og_locale":"de_DE","og_type":"article","og_title":"Baerbocks Unverbl\u00fcmtes und Scholzens Unausgeschlafenes.. - Feminissima","og_description":"Tenerife, 11 Uhr 16, Guten Morgen&#8230; SIE ist die erste Frau im Ausw\u00e4rtigen, und mit 40 Jahren, sie wird jetzt noch im Dezember 41 Jahre alt, eine der juegsten deutschen Bundesministerinnen ever. Von der Partei-Arbeit gleich in eines der ehemals angesehensten, im Sinne von gewichtigsten! Ressorts! Immerhin, wie Baerbock ihren Toechtern ihre neue Arbeit erkl\u00e4rte,&hellip; Baerbocks Unverbl\u00fcmtes und Scholzens Unausgeschlafenes.. weiterlesen","og_url":"https:\/\/feminissima.de\/index.php\/2021\/12\/16\/baerblocks-unverblumtes-und-scholzens-unausgeschlafenes\/","og_site_name":"Feminissima","article_published_time":"2021-12-16T10:33:19+00:00","author":"fem","twitter_card":"summary_large_image","twitter_misc":{"Verfasst von":"fem","Gesch\u00e4tzte Lesezeit":"2\u00a0Minuten"},"schema":{"@context":"https:\/\/schema.org","@graph":[{"@type":"WebPage","@id":"https:\/\/feminissima.de\/index.php\/2021\/12\/16\/baerblocks-unverblumtes-und-scholzens-unausgeschlafenes\/","url":"https:\/\/feminissima.de\/index.php\/2021\/12\/16\/baerblocks-unverblumtes-und-scholzens-unausgeschlafenes\/","name":"Baerbocks Unverbl\u00fcmtes und Scholzens Unausgeschlafenes.. - Feminissima","isPartOf":{"@id":"https:\/\/feminissima.de\/#website"},"datePublished":"2021-12-16T10:33:19+00:00","dateModified":"2021-12-16T10:33:19+00:00","author":{"@id":"https:\/\/feminissima.de\/#\/schema\/person\/5dea0fc707e9da59266a47da2f9a8210"},"breadcrumb":{"@id":"https:\/\/feminissima.de\/index.php\/2021\/12\/16\/baerblocks-unverblumtes-und-scholzens-unausgeschlafenes\/#breadcrumb"},"inLanguage":"de","potentialAction":[{"@type":"ReadAction","target":["https:\/\/feminissima.de\/index.php\/2021\/12\/16\/baerblocks-unverblumtes-und-scholzens-unausgeschlafenes\/"]}]},{"@type":"BreadcrumbList","@id":"https:\/\/feminissima.de\/index.php\/2021\/12\/16\/baerblocks-unverblumtes-und-scholzens-unausgeschlafenes\/#breadcrumb","itemListElement":[{"@type":"ListItem","position":1,"name":"Startseite","item":"https:\/\/feminissima.de\/"},{"@type":"ListItem","position":2,"name":"Baerbocks Unverbl\u00fcmtes und Scholzens Unausgeschlafenes.."}]},{"@type":"WebSite","@id":"https:\/\/feminissima.de\/#website","url":"https:\/\/feminissima.de\/","name":"Feminissima","description":"","potentialAction":[{"@type":"SearchAction","target":{"@type":"EntryPoint","urlTemplate":"https:\/\/feminissima.de\/?s={search_term_string}"},"query-input":"required name=search_term_string"}],"inLanguage":"de"},{"@type":"Person","@id":"https:\/\/feminissima.de\/#\/schema\/person\/5dea0fc707e9da59266a47da2f9a8210","name":"fem","image":{"@type":"ImageObject","inLanguage":"de","@id":"https:\/\/feminissima.de\/#\/schema\/person\/image\/","url":"https:\/\/secure.gravatar.com\/avatar\/892e878e26ee6e7c1689c0b5183da4949c35fb291d0554f021db478bb42e3226?s=96&d=mm&r=g","contentUrl":"https:\/\/secure.gravatar.com\/avatar\/892e878e26ee6e7c1689c0b5183da4949c35fb291d0554f021db478bb42e3226?s=96&d=mm&r=g","caption":"fem"},"url":"https:\/\/feminissima.de\/index.php\/author\/fem\/"}]}},"jetpack_featured_media_url":"","_links":{"self":[{"href":"https:\/\/feminissima.de\/index.php\/wp-json\/wp\/v2\/posts\/88228","targetHints":{"allow":["GET"]}}],"collection":[{"href":"https:\/\/feminissima.de\/index.php\/wp-json\/wp\/v2\/posts"}],"about":[{"href":"https:\/\/feminissima.de\/index.php\/wp-json\/wp\/v2\/types\/post"}],"author":[{"embeddable":true,"href":"https:\/\/feminissima.de\/index.php\/wp-json\/wp\/v2\/users\/3"}],"replies":[{"embeddable":true,"href":"https:\/\/feminissima.de\/index.php\/wp-json\/wp\/v2\/comments?post=88228"}],"version-history":[{"count":0,"href":"https:\/\/feminissima.de\/index.php\/wp-json\/wp\/v2\/posts\/88228\/revisions"}],"wp:attachment":[{"href":"https:\/\/feminissima.de\/index.php\/wp-json\/wp\/v2\/media?parent=88228"}],"wp:term":[{"taxonomy":"category","embeddable":true,"href":"https:\/\/feminissima.de\/index.php\/wp-json\/wp\/v2\/categories?post=88228"},{"taxonomy":"post_tag","embeddable":true,"href":"https:\/\/feminissima.de\/index.php\/wp-json\/wp\/v2\/tags?post=88228"}],"curies":[{"name":"wp","href":"https:\/\/api.w.org\/{rel}","templated":true}]}}