{"id":88214,"date":"2021-12-15T09:24:24","date_gmt":"2021-12-15T07:24:24","guid":{"rendered":"https:\/\/www.feminissima.de\/?p=88214"},"modified":"2021-12-15T09:24:24","modified_gmt":"2021-12-15T07:24:24","slug":"advent-advent-kein-lichtlein-brennt","status":"publish","type":"post","link":"https:\/\/feminissima.de\/index.php\/2021\/12\/15\/advent-advent-kein-lichtlein-brennt\/","title":{"rendered":"Advent, Advent, kein Lichtlein brennt.."},"content":{"rendered":"\n<p>Oh, Moment. Doch, doch! <\/p>\n\n\n\n<p>Die Dauerglitzerfasssade der Werbung im Fernsehen nicht zu vergessen!<\/p>\n\n\n\n<p>Es ist, wie: &#8222;Und jetzt das Wetter! &#8222;<\/p>\n\n\n\n<p>Also- \u00fcbrigens das Lieblingswort des neuen Gesundheitsministers namens Lauterbach&#8230; dieses &#8222;also&#8220;.. &#8211; &#8212; w\u00e4hrend des Erkl\u00e4rens st\u00e4ndig erkl\u00e4rend..<\/p>\n\n\n\n<p><\/p>\n\n\n\n<p>also &#8211; ersti die Corona-Toten, dann &#8211; &#8222;Und jetzt die Werbung!&#8220; <\/p>\n\n\n\n<p><\/p>\n\n\n\n<p>Ungebremster Lichterglanz, perfekt geschm\u00fcckt der Hochglanz-Weihnachtsbaum. aus hauseigenem Wald, und vielen B\u00e4umen&#8230; <\/p>\n\n\n\n<p>Die perfekte Familie, mindestens 4 Generationen, traut beisammen. <\/p>\n\n\n\n<p>Zuvor noch flugs in den News die eben noch in der Fernseh-Werbung perfekt ondulierte, gestylte Granny als Vulnerable in einem der tausend Pflegeheimen in Germany , wo sie verlassen vor sich hind\u00e4mmert, der Gnade fremder H\u00e4nde ausgeliefert und erstaunlich, st\u00e4ndig an Corona stirbt, wie in fr\u00fcheren Sommern an Dehydrierung. <\/p>\n\n\n\n<p>ADVENT, ADVENT, und niemand pennt.  Kein die Tuer macht hoch, das Tor macht weit, sondern dicht macht Tor und T\u00fcr&#8230; Der Ritter der Apokalypse wird Gesundheitsminister, triumphiert, dass  seine gloomy Dauer-Glas-Guckerei sich bewahrheitet, das ist wichtig.! Der Vorherige versinkt im Niemandsland massenhaft besetzter Gruppen, genannt Fraktionen und Aussch\u00fcsse. Er zeigt Emotionen. Bei seiner Abschiedsrede. Last Mikrophon und Scheinwerferlicht&#8230;. Weit weg vom Glanz. Daf\u00fcr Vorw\u00fcrfe aus dem Haus, die schon keinen mehr interessieren &#8211; man ist es gewohnt. Dass zumindest eine Partei, und tats\u00e4chlich abgew\u00e4hlt, das l\u00e4sst hoffen..?? sich fett verdient hat, an der Krise, genannt Corona, nein, es ist mehr als eine der Dauer-Krisen, es ist die Pandemie. Okay. Die Zahlen wie Gebetsm\u00fchlen. Und jeder einzelne Tote z\u00e4hlt. In der Statistik. <\/p>\n\n\n\n<p>Unfreiwilliger Rueckzug in doch wenigstens eine 4-Mio-Euro-Villa, bleiben die anderen &#8211; die b\u00f6sen Ungeimpften, draussen vor der T\u00fcr..  Advent, Advent &#8211; der H\u00fctte brennt! Kein Mensch will Geschenke in der Stadt vor Ort einkaufen. Nein, alle bleiben im Haus, und bestellen per Mouseclick. Das Gekaufte muss nicht heimgeschleppt werden, es wird sogar pers\u00f6nlich gebracht. Bis zum Zusammenbruch der Paketboten. Egal, egal, es ist unser Recht. Uns zu sch\u00fctzen, nicht wahr. Denn Impfen ist nicht mehr die Wahl, sondern die neue Qual.. der &#8222;Pflicht&#8220; &#8211; der Solidarit\u00e4t &#8211; und noch mehr Aufgeblasenes&#8230;. auch wenn gerade Impfstoff fehlt, wie die neuen Regierung beim Reinschauen in die Hinterkammern der Impfstoff- Reserven, egal, egal&#8230; der Handel &#8211; der Einzelhandel, live vor Ort in den einst aufger\u00fcschten Fussg\u00e4ngerzonen &#8211; bleibt unbesucht.  Da steht die Boutique-Besitzerin &#8211; und antwortet &#8222;Darf ich ehrlich sein? Ja? Es ist beschissen, mit Verlaub!&#8220; <\/p>\n\n\n\n<p>Vor prall gef\u00fcllten Regalen dr\u00e4ngelt sich kein Mensch. <\/p>\n\n\n\n<p>Und erst die abgesagten Weihnachtsfeiern! Umsonst frieren tausende von gerupften G\u00e4nsen in den Gefrierkammern der edlen,  deutschen Restaurants vor sich hin.<\/p>\n\n\n\n<p>W\u00e4hrend die schlauen, unsterblichen Fernsehk\u00f6che oder entsprechende Gourmet&#8230;-Zeitschriften den feinen Unterschied zwischen einer trocken oder feucht gerupften Gans erkl\u00e4ren, und was das f\u00fcr den Gaumen, den eigenen, bedeutet. <\/p>\n\n\n\n<p>Am besten sowieso die gl\u00fcckliche Bauerngans, die den Sommer \u00fcber schnatternd dem Bauer auf Schritt und Tritt gefolgt ist, bis zur Schlachtbank im Advent. <\/p>\n\n\n\n<p>Ja, so ist das mit dem Vertrauen! .<\/p>\n\n\n\n<p><\/p>\n\n\n\n<p>Advent, Advent, der Lauterbach rennt, der Expertenrat pennt, der B\u00fcrger flennt. <\/p>\n\n\n\n<p><\/p>\n\n\n\n<p>Alle Jahre wieder &#8211; das Knie auf dem Holzscheit, aber suesser die Glocken nie klingen. Draus vom Walde komm ich her&#8230; <\/p>\n\n\n\n<p><\/p>\n\n\n\n<p>Teneriffa &#8211; 7 Uhr 41, der Text &#8222;updatet&#8220;, von Tippfehlern befreit&#8230; Draussen noch dunkel, der versprochene Regen rinnt &#8230; <\/p>\n\n\n\n<p>und dies ist schon das 2. update&#8230; Das mit den Tippfehlern ist ja so ne Sache f\u00fcr sich, you know. Kann ja alles verhunzen. Es regnet noch mehr, im Augenblick&#8230; <\/p>\n\n\n\n<p>7 Uhr 55 &#8211; es ist hell geworden. Aber arg trueb&#8230; Fast wie auf Deutsch. <\/p>\n","protected":false},"excerpt":{"rendered":"<p>Oh, Moment. Doch, doch! Die Dauerglitzerfasssade der Werbung im Fernsehen nicht zu vergessen! Es ist, wie: &#8222;Und jetzt das Wetter! &#8222; Also- \u00fcbrigens das Lieblingswort des neuen Gesundheitsministers namens Lauterbach&#8230; dieses &#8222;also&#8220;.. &#8211; &#8212; w\u00e4hrend des Erkl\u00e4rens st\u00e4ndig erkl\u00e4rend.. also &#8211; ersti die Corona-Toten, dann &#8211; &#8222;Und jetzt die Werbung!&#8220; Ungebremster Lichterglanz, perfekt geschm\u00fcckt der&hellip; <a class=\"more-link\" href=\"https:\/\/feminissima.de\/index.php\/2021\/12\/15\/advent-advent-kein-lichtlein-brennt\/\"><span class=\"screen-reader-text\">Advent, Advent, kein Lichtlein brennt..<\/span> weiterlesen<\/a><\/p>\n","protected":false},"author":3,"featured_media":0,"comment_status":"closed","ping_status":"closed","sticky":false,"template":"","format":"standard","meta":{"footnotes":""},"categories":[6],"tags":[],"class_list":["post-88214","post","type-post","status-publish","format-standard","hentry","category-femleben","entry"],"yoast_head":"<!-- This site is optimized with the Yoast SEO plugin v21.0 - https:\/\/yoast.com\/wordpress\/plugins\/seo\/ -->\n<title>Advent, Advent, kein Lichtlein brennt.. - Feminissima<\/title>\n<meta name=\"robots\" content=\"index, follow, max-snippet:-1, max-image-preview:large, max-video-preview:-1\" \/>\n<link rel=\"canonical\" href=\"https:\/\/feminissima.de\/index.php\/2021\/12\/15\/advent-advent-kein-lichtlein-brennt\/\" \/>\n<meta property=\"og:locale\" content=\"de_DE\" \/>\n<meta property=\"og:type\" content=\"article\" \/>\n<meta property=\"og:title\" content=\"Advent, Advent, kein Lichtlein brennt.. - Feminissima\" \/>\n<meta property=\"og:description\" content=\"Oh, Moment. Doch, doch! Die Dauerglitzerfasssade der Werbung im Fernsehen nicht zu vergessen! Es ist, wie: &#8222;Und jetzt das Wetter! &#8222; Also- \u00fcbrigens das Lieblingswort des neuen Gesundheitsministers namens Lauterbach&#8230; dieses &#8222;also&#8220;.. &#8211; &#8212; w\u00e4hrend des Erkl\u00e4rens st\u00e4ndig erkl\u00e4rend.. also &#8211; ersti die Corona-Toten, dann &#8211; &#8222;Und jetzt die Werbung!&#8220; Ungebremster Lichterglanz, perfekt geschm\u00fcckt der&hellip; Advent, Advent, kein Lichtlein brennt.. weiterlesen\" \/>\n<meta property=\"og:url\" content=\"https:\/\/feminissima.de\/index.php\/2021\/12\/15\/advent-advent-kein-lichtlein-brennt\/\" \/>\n<meta property=\"og:site_name\" content=\"Feminissima\" \/>\n<meta property=\"article:published_time\" content=\"2021-12-15T07:24:24+00:00\" \/>\n<meta name=\"author\" content=\"fem\" \/>\n<meta name=\"twitter:card\" content=\"summary_large_image\" \/>\n<meta name=\"twitter:label1\" content=\"Verfasst von\" \/>\n\t<meta name=\"twitter:data1\" content=\"fem\" \/>\n\t<meta name=\"twitter:label2\" content=\"Gesch\u00e4tzte Lesezeit\" \/>\n\t<meta name=\"twitter:data2\" content=\"3\u00a0Minuten\" \/>\n<script type=\"application\/ld+json\" class=\"yoast-schema-graph\">{\"@context\":\"https:\/\/schema.org\",\"@graph\":[{\"@type\":\"WebPage\",\"@id\":\"https:\/\/feminissima.de\/index.php\/2021\/12\/15\/advent-advent-kein-lichtlein-brennt\/\",\"url\":\"https:\/\/feminissima.de\/index.php\/2021\/12\/15\/advent-advent-kein-lichtlein-brennt\/\",\"name\":\"Advent, Advent, kein Lichtlein brennt.. - Feminissima\",\"isPartOf\":{\"@id\":\"https:\/\/feminissima.de\/#website\"},\"datePublished\":\"2021-12-15T07:24:24+00:00\",\"dateModified\":\"2021-12-15T07:24:24+00:00\",\"author\":{\"@id\":\"https:\/\/feminissima.de\/#\/schema\/person\/5dea0fc707e9da59266a47da2f9a8210\"},\"breadcrumb\":{\"@id\":\"https:\/\/feminissima.de\/index.php\/2021\/12\/15\/advent-advent-kein-lichtlein-brennt\/#breadcrumb\"},\"inLanguage\":\"de\",\"potentialAction\":[{\"@type\":\"ReadAction\",\"target\":[\"https:\/\/feminissima.de\/index.php\/2021\/12\/15\/advent-advent-kein-lichtlein-brennt\/\"]}]},{\"@type\":\"BreadcrumbList\",\"@id\":\"https:\/\/feminissima.de\/index.php\/2021\/12\/15\/advent-advent-kein-lichtlein-brennt\/#breadcrumb\",\"itemListElement\":[{\"@type\":\"ListItem\",\"position\":1,\"name\":\"Startseite\",\"item\":\"https:\/\/feminissima.de\/\"},{\"@type\":\"ListItem\",\"position\":2,\"name\":\"Advent, Advent, kein Lichtlein brennt..\"}]},{\"@type\":\"WebSite\",\"@id\":\"https:\/\/feminissima.de\/#website\",\"url\":\"https:\/\/feminissima.de\/\",\"name\":\"Feminissima\",\"description\":\"\",\"potentialAction\":[{\"@type\":\"SearchAction\",\"target\":{\"@type\":\"EntryPoint\",\"urlTemplate\":\"https:\/\/feminissima.de\/?s={search_term_string}\"},\"query-input\":\"required name=search_term_string\"}],\"inLanguage\":\"de\"},{\"@type\":\"Person\",\"@id\":\"https:\/\/feminissima.de\/#\/schema\/person\/5dea0fc707e9da59266a47da2f9a8210\",\"name\":\"fem\",\"image\":{\"@type\":\"ImageObject\",\"inLanguage\":\"de\",\"@id\":\"https:\/\/feminissima.de\/#\/schema\/person\/image\/\",\"url\":\"https:\/\/secure.gravatar.com\/avatar\/892e878e26ee6e7c1689c0b5183da4949c35fb291d0554f021db478bb42e3226?s=96&d=mm&r=g\",\"contentUrl\":\"https:\/\/secure.gravatar.com\/avatar\/892e878e26ee6e7c1689c0b5183da4949c35fb291d0554f021db478bb42e3226?s=96&d=mm&r=g\",\"caption\":\"fem\"},\"url\":\"https:\/\/feminissima.de\/index.php\/author\/fem\/\"}]}<\/script>\n<!-- \/ Yoast SEO plugin. -->","yoast_head_json":{"title":"Advent, Advent, kein Lichtlein brennt.. - Feminissima","robots":{"index":"index","follow":"follow","max-snippet":"max-snippet:-1","max-image-preview":"max-image-preview:large","max-video-preview":"max-video-preview:-1"},"canonical":"https:\/\/feminissima.de\/index.php\/2021\/12\/15\/advent-advent-kein-lichtlein-brennt\/","og_locale":"de_DE","og_type":"article","og_title":"Advent, Advent, kein Lichtlein brennt.. - Feminissima","og_description":"Oh, Moment. Doch, doch! Die Dauerglitzerfasssade der Werbung im Fernsehen nicht zu vergessen! Es ist, wie: &#8222;Und jetzt das Wetter! &#8222; Also- \u00fcbrigens das Lieblingswort des neuen Gesundheitsministers namens Lauterbach&#8230; dieses &#8222;also&#8220;.. &#8211; &#8212; w\u00e4hrend des Erkl\u00e4rens st\u00e4ndig erkl\u00e4rend.. also &#8211; ersti die Corona-Toten, dann &#8211; &#8222;Und jetzt die Werbung!&#8220; Ungebremster Lichterglanz, perfekt geschm\u00fcckt der&hellip; Advent, Advent, kein Lichtlein brennt.. weiterlesen","og_url":"https:\/\/feminissima.de\/index.php\/2021\/12\/15\/advent-advent-kein-lichtlein-brennt\/","og_site_name":"Feminissima","article_published_time":"2021-12-15T07:24:24+00:00","author":"fem","twitter_card":"summary_large_image","twitter_misc":{"Verfasst von":"fem","Gesch\u00e4tzte Lesezeit":"3\u00a0Minuten"},"schema":{"@context":"https:\/\/schema.org","@graph":[{"@type":"WebPage","@id":"https:\/\/feminissima.de\/index.php\/2021\/12\/15\/advent-advent-kein-lichtlein-brennt\/","url":"https:\/\/feminissima.de\/index.php\/2021\/12\/15\/advent-advent-kein-lichtlein-brennt\/","name":"Advent, Advent, kein Lichtlein brennt.. - Feminissima","isPartOf":{"@id":"https:\/\/feminissima.de\/#website"},"datePublished":"2021-12-15T07:24:24+00:00","dateModified":"2021-12-15T07:24:24+00:00","author":{"@id":"https:\/\/feminissima.de\/#\/schema\/person\/5dea0fc707e9da59266a47da2f9a8210"},"breadcrumb":{"@id":"https:\/\/feminissima.de\/index.php\/2021\/12\/15\/advent-advent-kein-lichtlein-brennt\/#breadcrumb"},"inLanguage":"de","potentialAction":[{"@type":"ReadAction","target":["https:\/\/feminissima.de\/index.php\/2021\/12\/15\/advent-advent-kein-lichtlein-brennt\/"]}]},{"@type":"BreadcrumbList","@id":"https:\/\/feminissima.de\/index.php\/2021\/12\/15\/advent-advent-kein-lichtlein-brennt\/#breadcrumb","itemListElement":[{"@type":"ListItem","position":1,"name":"Startseite","item":"https:\/\/feminissima.de\/"},{"@type":"ListItem","position":2,"name":"Advent, Advent, kein Lichtlein brennt.."}]},{"@type":"WebSite","@id":"https:\/\/feminissima.de\/#website","url":"https:\/\/feminissima.de\/","name":"Feminissima","description":"","potentialAction":[{"@type":"SearchAction","target":{"@type":"EntryPoint","urlTemplate":"https:\/\/feminissima.de\/?s={search_term_string}"},"query-input":"required name=search_term_string"}],"inLanguage":"de"},{"@type":"Person","@id":"https:\/\/feminissima.de\/#\/schema\/person\/5dea0fc707e9da59266a47da2f9a8210","name":"fem","image":{"@type":"ImageObject","inLanguage":"de","@id":"https:\/\/feminissima.de\/#\/schema\/person\/image\/","url":"https:\/\/secure.gravatar.com\/avatar\/892e878e26ee6e7c1689c0b5183da4949c35fb291d0554f021db478bb42e3226?s=96&d=mm&r=g","contentUrl":"https:\/\/secure.gravatar.com\/avatar\/892e878e26ee6e7c1689c0b5183da4949c35fb291d0554f021db478bb42e3226?s=96&d=mm&r=g","caption":"fem"},"url":"https:\/\/feminissima.de\/index.php\/author\/fem\/"}]}},"jetpack_featured_media_url":"","_links":{"self":[{"href":"https:\/\/feminissima.de\/index.php\/wp-json\/wp\/v2\/posts\/88214","targetHints":{"allow":["GET"]}}],"collection":[{"href":"https:\/\/feminissima.de\/index.php\/wp-json\/wp\/v2\/posts"}],"about":[{"href":"https:\/\/feminissima.de\/index.php\/wp-json\/wp\/v2\/types\/post"}],"author":[{"embeddable":true,"href":"https:\/\/feminissima.de\/index.php\/wp-json\/wp\/v2\/users\/3"}],"replies":[{"embeddable":true,"href":"https:\/\/feminissima.de\/index.php\/wp-json\/wp\/v2\/comments?post=88214"}],"version-history":[{"count":0,"href":"https:\/\/feminissima.de\/index.php\/wp-json\/wp\/v2\/posts\/88214\/revisions"}],"wp:attachment":[{"href":"https:\/\/feminissima.de\/index.php\/wp-json\/wp\/v2\/media?parent=88214"}],"wp:term":[{"taxonomy":"category","embeddable":true,"href":"https:\/\/feminissima.de\/index.php\/wp-json\/wp\/v2\/categories?post=88214"},{"taxonomy":"post_tag","embeddable":true,"href":"https:\/\/feminissima.de\/index.php\/wp-json\/wp\/v2\/tags?post=88214"}],"curies":[{"name":"wp","href":"https:\/\/api.w.org\/{rel}","templated":true}]}}