{"id":88211,"date":"2021-12-14T09:32:00","date_gmt":"2021-12-14T07:32:00","guid":{"rendered":"https:\/\/www.feminissima.de\/?p=88211"},"modified":"2021-12-14T09:32:00","modified_gmt":"2021-12-14T07:32:00","slug":"bitte-sehr-hier-das-original-zum-comment-ne-textstufe-tiefer","status":"publish","type":"post","link":"https:\/\/feminissima.de\/index.php\/2021\/12\/14\/bitte-sehr-hier-das-original-zum-comment-ne-textstufe-tiefer\/","title":{"rendered":"Bitte sehr, hier das Original zum Comment , ne Textstufe tiefer :"},"content":{"rendered":"\n<p>Tu cuenta est\u00e1 bloqueada<strong>Rosan@Roswighan<\/strong><br \/>@RoswithaSchaef1De acuerdo con nuestros T\u00e9rminos de servicio, todos los usuarios de Twitter deben ser mayores de 13 a\u00f1os de edad, y determinamos que no cumpl\u00edas con este requisito de edad en el momento en que se cre\u00f3 esta cuenta.Tus campa\u00f1as de anuncios activas se pusieron en pausa.Para obtener m\u00e1s detalles y saber si es posible restablecer el acceso a tu cuenta, visita este&nbsp;<a href=\"https:\/\/support.twitter.com\/forms\/locked\" target=\"_blank\" rel=\"noreferrer noopener\">formulario<\/a>.<\/p>\n","protected":false},"excerpt":{"rendered":"<p>Tu cuenta est\u00e1 bloqueadaRosan@Roswighan@RoswithaSchaef1De acuerdo con nuestros T\u00e9rminos de servicio, todos los usuarios de Twitter deben ser mayores de 13 a\u00f1os de edad, y determinamos que no cumpl\u00edas con este requisito de edad en el momento en que se cre\u00f3 esta cuenta.Tus campa\u00f1as de anuncios activas se pusieron en pausa.Para obtener m\u00e1s detalles y saber&hellip; <a class=\"more-link\" href=\"https:\/\/feminissima.de\/index.php\/2021\/12\/14\/bitte-sehr-hier-das-original-zum-comment-ne-textstufe-tiefer\/\"><span class=\"screen-reader-text\">Bitte sehr, hier das Original zum Comment , ne Textstufe tiefer :<\/span> weiterlesen<\/a><\/p>\n","protected":false},"author":3,"featured_media":0,"comment_status":"closed","ping_status":"closed","sticky":false,"template":"","format":"standard","meta":{"footnotes":""},"categories":[6],"tags":[],"class_list":["post-88211","post","type-post","status-publish","format-standard","hentry","category-femleben","entry"],"yoast_head":"<!-- This site is optimized with the Yoast SEO plugin v21.0 - https:\/\/yoast.com\/wordpress\/plugins\/seo\/ -->\n<title>Bitte sehr, hier das Original zum Comment , ne Textstufe tiefer : - Feminissima<\/title>\n<meta name=\"robots\" content=\"index, follow, max-snippet:-1, max-image-preview:large, max-video-preview:-1\" \/>\n<link rel=\"canonical\" href=\"https:\/\/feminissima.de\/index.php\/2021\/12\/14\/bitte-sehr-hier-das-original-zum-comment-ne-textstufe-tiefer\/\" \/>\n<meta property=\"og:locale\" content=\"de_DE\" \/>\n<meta property=\"og:type\" content=\"article\" \/>\n<meta property=\"og:title\" content=\"Bitte sehr, hier das Original zum Comment , ne Textstufe tiefer : - Feminissima\" \/>\n<meta property=\"og:description\" content=\"Tu cuenta est\u00e1 bloqueadaRosan@Roswighan@RoswithaSchaef1De acuerdo con nuestros T\u00e9rminos de servicio, todos los usuarios de Twitter deben ser mayores de 13 a\u00f1os de edad, y determinamos que no cumpl\u00edas con este requisito de edad en el momento en que se cre\u00f3 esta cuenta.Tus campa\u00f1as de anuncios activas se pusieron en pausa.Para obtener m\u00e1s detalles y saber&hellip; Bitte sehr, hier das Original zum Comment , ne Textstufe tiefer : weiterlesen\" \/>\n<meta property=\"og:url\" content=\"https:\/\/feminissima.de\/index.php\/2021\/12\/14\/bitte-sehr-hier-das-original-zum-comment-ne-textstufe-tiefer\/\" \/>\n<meta property=\"og:site_name\" content=\"Feminissima\" \/>\n<meta property=\"article:published_time\" content=\"2021-12-14T07:32:00+00:00\" \/>\n<meta name=\"author\" content=\"fem\" \/>\n<meta name=\"twitter:card\" content=\"summary_large_image\" \/>\n<meta name=\"twitter:label1\" content=\"Verfasst von\" \/>\n\t<meta name=\"twitter:data1\" content=\"fem\" \/>\n<script type=\"application\/ld+json\" class=\"yoast-schema-graph\">{\"@context\":\"https:\/\/schema.org\",\"@graph\":[{\"@type\":\"WebPage\",\"@id\":\"https:\/\/feminissima.de\/index.php\/2021\/12\/14\/bitte-sehr-hier-das-original-zum-comment-ne-textstufe-tiefer\/\",\"url\":\"https:\/\/feminissima.de\/index.php\/2021\/12\/14\/bitte-sehr-hier-das-original-zum-comment-ne-textstufe-tiefer\/\",\"name\":\"Bitte sehr, hier das Original zum Comment , ne Textstufe tiefer : - Feminissima\",\"isPartOf\":{\"@id\":\"https:\/\/feminissima.de\/#website\"},\"datePublished\":\"2021-12-14T07:32:00+00:00\",\"dateModified\":\"2021-12-14T07:32:00+00:00\",\"author\":{\"@id\":\"https:\/\/feminissima.de\/#\/schema\/person\/5dea0fc707e9da59266a47da2f9a8210\"},\"breadcrumb\":{\"@id\":\"https:\/\/feminissima.de\/index.php\/2021\/12\/14\/bitte-sehr-hier-das-original-zum-comment-ne-textstufe-tiefer\/#breadcrumb\"},\"inLanguage\":\"de\",\"potentialAction\":[{\"@type\":\"ReadAction\",\"target\":[\"https:\/\/feminissima.de\/index.php\/2021\/12\/14\/bitte-sehr-hier-das-original-zum-comment-ne-textstufe-tiefer\/\"]}]},{\"@type\":\"BreadcrumbList\",\"@id\":\"https:\/\/feminissima.de\/index.php\/2021\/12\/14\/bitte-sehr-hier-das-original-zum-comment-ne-textstufe-tiefer\/#breadcrumb\",\"itemListElement\":[{\"@type\":\"ListItem\",\"position\":1,\"name\":\"Startseite\",\"item\":\"https:\/\/feminissima.de\/\"},{\"@type\":\"ListItem\",\"position\":2,\"name\":\"Bitte sehr, hier das Original zum Comment , ne Textstufe tiefer :\"}]},{\"@type\":\"WebSite\",\"@id\":\"https:\/\/feminissima.de\/#website\",\"url\":\"https:\/\/feminissima.de\/\",\"name\":\"Feminissima\",\"description\":\"\",\"potentialAction\":[{\"@type\":\"SearchAction\",\"target\":{\"@type\":\"EntryPoint\",\"urlTemplate\":\"https:\/\/feminissima.de\/?s={search_term_string}\"},\"query-input\":\"required name=search_term_string\"}],\"inLanguage\":\"de\"},{\"@type\":\"Person\",\"@id\":\"https:\/\/feminissima.de\/#\/schema\/person\/5dea0fc707e9da59266a47da2f9a8210\",\"name\":\"fem\",\"image\":{\"@type\":\"ImageObject\",\"inLanguage\":\"de\",\"@id\":\"https:\/\/feminissima.de\/#\/schema\/person\/image\/\",\"url\":\"https:\/\/secure.gravatar.com\/avatar\/892e878e26ee6e7c1689c0b5183da4949c35fb291d0554f021db478bb42e3226?s=96&d=mm&r=g\",\"contentUrl\":\"https:\/\/secure.gravatar.com\/avatar\/892e878e26ee6e7c1689c0b5183da4949c35fb291d0554f021db478bb42e3226?s=96&d=mm&r=g\",\"caption\":\"fem\"},\"url\":\"https:\/\/feminissima.de\/index.php\/author\/fem\/\"}]}<\/script>\n<!-- \/ Yoast SEO plugin. -->","yoast_head_json":{"title":"Bitte sehr, hier das Original zum Comment , ne Textstufe tiefer : - Feminissima","robots":{"index":"index","follow":"follow","max-snippet":"max-snippet:-1","max-image-preview":"max-image-preview:large","max-video-preview":"max-video-preview:-1"},"canonical":"https:\/\/feminissima.de\/index.php\/2021\/12\/14\/bitte-sehr-hier-das-original-zum-comment-ne-textstufe-tiefer\/","og_locale":"de_DE","og_type":"article","og_title":"Bitte sehr, hier das Original zum Comment , ne Textstufe tiefer : - Feminissima","og_description":"Tu cuenta est\u00e1 bloqueadaRosan@Roswighan@RoswithaSchaef1De acuerdo con nuestros T\u00e9rminos de servicio, todos los usuarios de Twitter deben ser mayores de 13 a\u00f1os de edad, y determinamos que no cumpl\u00edas con este requisito de edad en el momento en que se cre\u00f3 esta cuenta.Tus campa\u00f1as de anuncios activas se pusieron en pausa.Para obtener m\u00e1s detalles y saber&hellip; Bitte sehr, hier das Original zum Comment , ne Textstufe tiefer : weiterlesen","og_url":"https:\/\/feminissima.de\/index.php\/2021\/12\/14\/bitte-sehr-hier-das-original-zum-comment-ne-textstufe-tiefer\/","og_site_name":"Feminissima","article_published_time":"2021-12-14T07:32:00+00:00","author":"fem","twitter_card":"summary_large_image","twitter_misc":{"Verfasst von":"fem"},"schema":{"@context":"https:\/\/schema.org","@graph":[{"@type":"WebPage","@id":"https:\/\/feminissima.de\/index.php\/2021\/12\/14\/bitte-sehr-hier-das-original-zum-comment-ne-textstufe-tiefer\/","url":"https:\/\/feminissima.de\/index.php\/2021\/12\/14\/bitte-sehr-hier-das-original-zum-comment-ne-textstufe-tiefer\/","name":"Bitte sehr, hier das Original zum Comment , ne Textstufe tiefer : - Feminissima","isPartOf":{"@id":"https:\/\/feminissima.de\/#website"},"datePublished":"2021-12-14T07:32:00+00:00","dateModified":"2021-12-14T07:32:00+00:00","author":{"@id":"https:\/\/feminissima.de\/#\/schema\/person\/5dea0fc707e9da59266a47da2f9a8210"},"breadcrumb":{"@id":"https:\/\/feminissima.de\/index.php\/2021\/12\/14\/bitte-sehr-hier-das-original-zum-comment-ne-textstufe-tiefer\/#breadcrumb"},"inLanguage":"de","potentialAction":[{"@type":"ReadAction","target":["https:\/\/feminissima.de\/index.php\/2021\/12\/14\/bitte-sehr-hier-das-original-zum-comment-ne-textstufe-tiefer\/"]}]},{"@type":"BreadcrumbList","@id":"https:\/\/feminissima.de\/index.php\/2021\/12\/14\/bitte-sehr-hier-das-original-zum-comment-ne-textstufe-tiefer\/#breadcrumb","itemListElement":[{"@type":"ListItem","position":1,"name":"Startseite","item":"https:\/\/feminissima.de\/"},{"@type":"ListItem","position":2,"name":"Bitte sehr, hier das Original zum Comment , ne Textstufe tiefer :"}]},{"@type":"WebSite","@id":"https:\/\/feminissima.de\/#website","url":"https:\/\/feminissima.de\/","name":"Feminissima","description":"","potentialAction":[{"@type":"SearchAction","target":{"@type":"EntryPoint","urlTemplate":"https:\/\/feminissima.de\/?s={search_term_string}"},"query-input":"required name=search_term_string"}],"inLanguage":"de"},{"@type":"Person","@id":"https:\/\/feminissima.de\/#\/schema\/person\/5dea0fc707e9da59266a47da2f9a8210","name":"fem","image":{"@type":"ImageObject","inLanguage":"de","@id":"https:\/\/feminissima.de\/#\/schema\/person\/image\/","url":"https:\/\/secure.gravatar.com\/avatar\/892e878e26ee6e7c1689c0b5183da4949c35fb291d0554f021db478bb42e3226?s=96&d=mm&r=g","contentUrl":"https:\/\/secure.gravatar.com\/avatar\/892e878e26ee6e7c1689c0b5183da4949c35fb291d0554f021db478bb42e3226?s=96&d=mm&r=g","caption":"fem"},"url":"https:\/\/feminissima.de\/index.php\/author\/fem\/"}]}},"jetpack_featured_media_url":"","_links":{"self":[{"href":"https:\/\/feminissima.de\/index.php\/wp-json\/wp\/v2\/posts\/88211","targetHints":{"allow":["GET"]}}],"collection":[{"href":"https:\/\/feminissima.de\/index.php\/wp-json\/wp\/v2\/posts"}],"about":[{"href":"https:\/\/feminissima.de\/index.php\/wp-json\/wp\/v2\/types\/post"}],"author":[{"embeddable":true,"href":"https:\/\/feminissima.de\/index.php\/wp-json\/wp\/v2\/users\/3"}],"replies":[{"embeddable":true,"href":"https:\/\/feminissima.de\/index.php\/wp-json\/wp\/v2\/comments?post=88211"}],"version-history":[{"count":0,"href":"https:\/\/feminissima.de\/index.php\/wp-json\/wp\/v2\/posts\/88211\/revisions"}],"wp:attachment":[{"href":"https:\/\/feminissima.de\/index.php\/wp-json\/wp\/v2\/media?parent=88211"}],"wp:term":[{"taxonomy":"category","embeddable":true,"href":"https:\/\/feminissima.de\/index.php\/wp-json\/wp\/v2\/categories?post=88211"},{"taxonomy":"post_tag","embeddable":true,"href":"https:\/\/feminissima.de\/index.php\/wp-json\/wp\/v2\/tags?post=88211"}],"curies":[{"name":"wp","href":"https:\/\/api.w.org\/{rel}","templated":true}]}}