{"id":88201,"date":"2021-09-28T19:44:23","date_gmt":"2021-09-28T17:44:23","guid":{"rendered":"https:\/\/www.feminissima.de\/?p=88201"},"modified":"2021-09-28T19:44:23","modified_gmt":"2021-09-28T17:44:23","slug":"leerer-raum","status":"publish","type":"post","link":"https:\/\/feminissima.de\/index.php\/2021\/09\/28\/leerer-raum\/","title":{"rendered":"Leerer Raum"},"content":{"rendered":"\n<p>Der September leert sich, die Blaetter fallen, wie von weit, aber nicht hier, auf Teneriffe, die Lava gl\u00fcht  gleich gegen\u00fcber &#8211; auf La Palma  &#8211;  in Deutschland klammerst sich ein \u00e4ltlicher kleiner Mann an einem Stehpult fest, hebt noch immer wie \u00fcblich seine Stimme, als sage er &#8211; wie er meint, Bedeutendes &#8211; diese Art, die Stimme halb in der Luft h\u00e4ngen zu lassen, nach oben get\u00f6nt, so endlos \u00f6de und nervig. Sogar seinen Talismann zeigt er her &#8211; dabei hat er ihm doch gar nichts genutzt. Eine Plakette senes Vaters, der &#8211; wir wir in diesen nie endenden Wahlmonaten immer wieder erfahren durften &#8211; der also Bergmann war&#8230; Heute ist der 28- September &#8211; ob der kleine Mann aus NRW, von Anfang an die Fehlbesetzung, wie auch &#8211; wenngleich dann weiblich &#8211; bei einer anderen Partei&#8230;. Letztlich sind es kleine Parteien&#8230;. aber sie f\u00fchlen sich bereits b\u00e4renstark&#8230;.. ja, der Raum ist leer. Und prall-gef\u00fcllt mit prallenden Egos&#8230; Vamos a ver&#8230; Dieser Kampf um einen Posten, gef\u00fcllt mit Macht, Privilegien, und Moneten&#8230; ja, klar&#8230; iss was f\u00fcrs Leben&#8230; wer&#8217;s braucht&#8230; Nie mehr Privatleben. Schrecklich&#8230; Wetten wir auf den Oktober&#8230;. oder warten wir&#8230;. wie sich Raum f\u00fcllt &#8211; oder nicht&#8230;. <\/p>\n","protected":false},"excerpt":{"rendered":"<p>Der September leert sich, die Blaetter fallen, wie von weit, aber nicht hier, auf Teneriffe, die Lava gl\u00fcht gleich gegen\u00fcber &#8211; auf La Palma &#8211; in Deutschland klammerst sich ein \u00e4ltlicher kleiner Mann an einem Stehpult fest, hebt noch immer wie \u00fcblich seine Stimme, als sage er &#8211; wie er meint, Bedeutendes &#8211; diese Art,&hellip; <a class=\"more-link\" href=\"https:\/\/feminissima.de\/index.php\/2021\/09\/28\/leerer-raum\/\"><span class=\"screen-reader-text\">Leerer Raum<\/span> weiterlesen<\/a><\/p>\n","protected":false},"author":3,"featured_media":0,"comment_status":"closed","ping_status":"closed","sticky":false,"template":"","format":"standard","meta":{"footnotes":""},"categories":[6],"tags":[],"class_list":["post-88201","post","type-post","status-publish","format-standard","hentry","category-femleben","entry"],"yoast_head":"<!-- This site is optimized with the Yoast SEO plugin v21.0 - https:\/\/yoast.com\/wordpress\/plugins\/seo\/ -->\n<title>Leerer Raum - Feminissima<\/title>\n<meta name=\"robots\" content=\"index, follow, max-snippet:-1, max-image-preview:large, max-video-preview:-1\" \/>\n<link rel=\"canonical\" href=\"https:\/\/feminissima.de\/index.php\/2021\/09\/28\/leerer-raum\/\" \/>\n<meta property=\"og:locale\" content=\"de_DE\" \/>\n<meta property=\"og:type\" content=\"article\" \/>\n<meta property=\"og:title\" content=\"Leerer Raum - Feminissima\" \/>\n<meta property=\"og:description\" content=\"Der September leert sich, die Blaetter fallen, wie von weit, aber nicht hier, auf Teneriffe, die Lava gl\u00fcht gleich gegen\u00fcber &#8211; auf La Palma &#8211; in Deutschland klammerst sich ein \u00e4ltlicher kleiner Mann an einem Stehpult fest, hebt noch immer wie \u00fcblich seine Stimme, als sage er &#8211; wie er meint, Bedeutendes &#8211; diese Art,&hellip; Leerer Raum weiterlesen\" \/>\n<meta property=\"og:url\" content=\"https:\/\/feminissima.de\/index.php\/2021\/09\/28\/leerer-raum\/\" \/>\n<meta property=\"og:site_name\" content=\"Feminissima\" \/>\n<meta property=\"article:published_time\" content=\"2021-09-28T17:44:23+00:00\" \/>\n<meta name=\"author\" content=\"fem\" \/>\n<meta name=\"twitter:card\" content=\"summary_large_image\" \/>\n<meta name=\"twitter:label1\" content=\"Verfasst von\" \/>\n\t<meta name=\"twitter:data1\" content=\"fem\" \/>\n\t<meta name=\"twitter:label2\" content=\"Gesch\u00e4tzte Lesezeit\" \/>\n\t<meta name=\"twitter:data2\" content=\"1\u00a0Minute\" \/>\n<script type=\"application\/ld+json\" class=\"yoast-schema-graph\">{\"@context\":\"https:\/\/schema.org\",\"@graph\":[{\"@type\":\"WebPage\",\"@id\":\"https:\/\/feminissima.de\/index.php\/2021\/09\/28\/leerer-raum\/\",\"url\":\"https:\/\/feminissima.de\/index.php\/2021\/09\/28\/leerer-raum\/\",\"name\":\"Leerer Raum - Feminissima\",\"isPartOf\":{\"@id\":\"https:\/\/feminissima.de\/#website\"},\"datePublished\":\"2021-09-28T17:44:23+00:00\",\"dateModified\":\"2021-09-28T17:44:23+00:00\",\"author\":{\"@id\":\"https:\/\/feminissima.de\/#\/schema\/person\/5dea0fc707e9da59266a47da2f9a8210\"},\"breadcrumb\":{\"@id\":\"https:\/\/feminissima.de\/index.php\/2021\/09\/28\/leerer-raum\/#breadcrumb\"},\"inLanguage\":\"de\",\"potentialAction\":[{\"@type\":\"ReadAction\",\"target\":[\"https:\/\/feminissima.de\/index.php\/2021\/09\/28\/leerer-raum\/\"]}]},{\"@type\":\"BreadcrumbList\",\"@id\":\"https:\/\/feminissima.de\/index.php\/2021\/09\/28\/leerer-raum\/#breadcrumb\",\"itemListElement\":[{\"@type\":\"ListItem\",\"position\":1,\"name\":\"Startseite\",\"item\":\"https:\/\/feminissima.de\/\"},{\"@type\":\"ListItem\",\"position\":2,\"name\":\"Leerer Raum\"}]},{\"@type\":\"WebSite\",\"@id\":\"https:\/\/feminissima.de\/#website\",\"url\":\"https:\/\/feminissima.de\/\",\"name\":\"Feminissima\",\"description\":\"\",\"potentialAction\":[{\"@type\":\"SearchAction\",\"target\":{\"@type\":\"EntryPoint\",\"urlTemplate\":\"https:\/\/feminissima.de\/?s={search_term_string}\"},\"query-input\":\"required name=search_term_string\"}],\"inLanguage\":\"de\"},{\"@type\":\"Person\",\"@id\":\"https:\/\/feminissima.de\/#\/schema\/person\/5dea0fc707e9da59266a47da2f9a8210\",\"name\":\"fem\",\"image\":{\"@type\":\"ImageObject\",\"inLanguage\":\"de\",\"@id\":\"https:\/\/feminissima.de\/#\/schema\/person\/image\/\",\"url\":\"https:\/\/secure.gravatar.com\/avatar\/892e878e26ee6e7c1689c0b5183da4949c35fb291d0554f021db478bb42e3226?s=96&d=mm&r=g\",\"contentUrl\":\"https:\/\/secure.gravatar.com\/avatar\/892e878e26ee6e7c1689c0b5183da4949c35fb291d0554f021db478bb42e3226?s=96&d=mm&r=g\",\"caption\":\"fem\"},\"url\":\"https:\/\/feminissima.de\/index.php\/author\/fem\/\"}]}<\/script>\n<!-- \/ Yoast SEO plugin. -->","yoast_head_json":{"title":"Leerer Raum - Feminissima","robots":{"index":"index","follow":"follow","max-snippet":"max-snippet:-1","max-image-preview":"max-image-preview:large","max-video-preview":"max-video-preview:-1"},"canonical":"https:\/\/feminissima.de\/index.php\/2021\/09\/28\/leerer-raum\/","og_locale":"de_DE","og_type":"article","og_title":"Leerer Raum - Feminissima","og_description":"Der September leert sich, die Blaetter fallen, wie von weit, aber nicht hier, auf Teneriffe, die Lava gl\u00fcht gleich gegen\u00fcber &#8211; auf La Palma &#8211; in Deutschland klammerst sich ein \u00e4ltlicher kleiner Mann an einem Stehpult fest, hebt noch immer wie \u00fcblich seine Stimme, als sage er &#8211; wie er meint, Bedeutendes &#8211; diese Art,&hellip; Leerer Raum weiterlesen","og_url":"https:\/\/feminissima.de\/index.php\/2021\/09\/28\/leerer-raum\/","og_site_name":"Feminissima","article_published_time":"2021-09-28T17:44:23+00:00","author":"fem","twitter_card":"summary_large_image","twitter_misc":{"Verfasst von":"fem","Gesch\u00e4tzte Lesezeit":"1\u00a0Minute"},"schema":{"@context":"https:\/\/schema.org","@graph":[{"@type":"WebPage","@id":"https:\/\/feminissima.de\/index.php\/2021\/09\/28\/leerer-raum\/","url":"https:\/\/feminissima.de\/index.php\/2021\/09\/28\/leerer-raum\/","name":"Leerer Raum - Feminissima","isPartOf":{"@id":"https:\/\/feminissima.de\/#website"},"datePublished":"2021-09-28T17:44:23+00:00","dateModified":"2021-09-28T17:44:23+00:00","author":{"@id":"https:\/\/feminissima.de\/#\/schema\/person\/5dea0fc707e9da59266a47da2f9a8210"},"breadcrumb":{"@id":"https:\/\/feminissima.de\/index.php\/2021\/09\/28\/leerer-raum\/#breadcrumb"},"inLanguage":"de","potentialAction":[{"@type":"ReadAction","target":["https:\/\/feminissima.de\/index.php\/2021\/09\/28\/leerer-raum\/"]}]},{"@type":"BreadcrumbList","@id":"https:\/\/feminissima.de\/index.php\/2021\/09\/28\/leerer-raum\/#breadcrumb","itemListElement":[{"@type":"ListItem","position":1,"name":"Startseite","item":"https:\/\/feminissima.de\/"},{"@type":"ListItem","position":2,"name":"Leerer Raum"}]},{"@type":"WebSite","@id":"https:\/\/feminissima.de\/#website","url":"https:\/\/feminissima.de\/","name":"Feminissima","description":"","potentialAction":[{"@type":"SearchAction","target":{"@type":"EntryPoint","urlTemplate":"https:\/\/feminissima.de\/?s={search_term_string}"},"query-input":"required name=search_term_string"}],"inLanguage":"de"},{"@type":"Person","@id":"https:\/\/feminissima.de\/#\/schema\/person\/5dea0fc707e9da59266a47da2f9a8210","name":"fem","image":{"@type":"ImageObject","inLanguage":"de","@id":"https:\/\/feminissima.de\/#\/schema\/person\/image\/","url":"https:\/\/secure.gravatar.com\/avatar\/892e878e26ee6e7c1689c0b5183da4949c35fb291d0554f021db478bb42e3226?s=96&d=mm&r=g","contentUrl":"https:\/\/secure.gravatar.com\/avatar\/892e878e26ee6e7c1689c0b5183da4949c35fb291d0554f021db478bb42e3226?s=96&d=mm&r=g","caption":"fem"},"url":"https:\/\/feminissima.de\/index.php\/author\/fem\/"}]}},"jetpack_featured_media_url":"","_links":{"self":[{"href":"https:\/\/feminissima.de\/index.php\/wp-json\/wp\/v2\/posts\/88201","targetHints":{"allow":["GET"]}}],"collection":[{"href":"https:\/\/feminissima.de\/index.php\/wp-json\/wp\/v2\/posts"}],"about":[{"href":"https:\/\/feminissima.de\/index.php\/wp-json\/wp\/v2\/types\/post"}],"author":[{"embeddable":true,"href":"https:\/\/feminissima.de\/index.php\/wp-json\/wp\/v2\/users\/3"}],"replies":[{"embeddable":true,"href":"https:\/\/feminissima.de\/index.php\/wp-json\/wp\/v2\/comments?post=88201"}],"version-history":[{"count":0,"href":"https:\/\/feminissima.de\/index.php\/wp-json\/wp\/v2\/posts\/88201\/revisions"}],"wp:attachment":[{"href":"https:\/\/feminissima.de\/index.php\/wp-json\/wp\/v2\/media?parent=88201"}],"wp:term":[{"taxonomy":"category","embeddable":true,"href":"https:\/\/feminissima.de\/index.php\/wp-json\/wp\/v2\/categories?post=88201"},{"taxonomy":"post_tag","embeddable":true,"href":"https:\/\/feminissima.de\/index.php\/wp-json\/wp\/v2\/tags?post=88201"}],"curies":[{"name":"wp","href":"https:\/\/api.w.org\/{rel}","templated":true}]}}