{"id":88197,"date":"2021-12-19T23:22:36","date_gmt":"2021-12-19T21:22:36","guid":{"rendered":"https:\/\/www.feminissima.de\/?p=88197"},"modified":"2021-12-19T23:22:36","modified_gmt":"2021-12-19T21:22:36","slug":"sollen-wir-noch-schreiben","status":"publish","type":"post","link":"https:\/\/feminissima.de\/index.php\/2021\/12\/19\/sollen-wir-noch-schreiben\/","title":{"rendered":"Sollen wir noch schreiben??"},"content":{"rendered":"\n<p>Aber ja, wir muessen..! Vor allem jenseits des Mainstreams.. <\/p>\n\n\n\n<p><\/p>\n\n\n\n<p>Feminissima hatte zu lange pausiert, gegen sich selbst geschrieben, sozusagen, sich fur eigentlich rien de tout, f\u00fcr nichts, ausser Schreibsucht, bei Twitter viel zu lange verausgabt&#8230;Da blieb f\u00fcr FEMINISSIMA selbst, nichts mehr \u00fcbrig. Das Aus bei Twitter, siehe, weiter unten, weil ich als Geburtsdatum 2021 beim Change der Bio aus Witz angegeben- sofort blockiert von Twitter &#8211; &#8222;Erlaubt erst ab 13 Jahren..! hehe&#8230;Kontakte sind nicht verloren&#8230;Ein echter Segen. <\/p>\n\n\n\n<p><\/p>\n\n\n\n<p><\/p>\n\n\n\n<p><\/p>\n\n\n\n<p><\/p>\n\n\n\n<p><\/p>\n\n\n\n<p><\/p>\n\n\n\n<p><\/p>\n\n\n\n<p><\/p>\n\n\n\n<p><\/p>\n\n\n\n<p><\/p>\n\n\n\n<p><\/p>\n\n\n\n<p><\/p>\n\n\n\n<p><\/p>\n\n\n\n<p><\/p>\n\n\n\n<p>Und nicht zuletzt die diversen Hacker-Attacken.. Das sch\u00f6ne, fr\u00fchere Layout verloren, aber bei Google noch immer auffindbar&#8230; wenn man weiss, wo&#8230;lol.. Aber aufs Schreiben kommt es ja an&#8230; Nicht aufs Layout, nicht wahr&#8230; ?<\/p>\n\n\n\n<p>Und wie die eingebaute Statistik bei WordPress zeigt, steigt auch die Zahl der User, also Leser- innen, wieder an&#8230; Danke&#8230; !  Ihr findet mehr \u00fcber FEMINISSIMA unter Google -Suche &#8211; www.feminissima.de <\/p>\n","protected":false},"excerpt":{"rendered":"<p>Aber ja, wir muessen..! Vor allem jenseits des Mainstreams.. Feminissima hatte zu lange pausiert, gegen sich selbst geschrieben, sozusagen, sich fur eigentlich rien de tout, f\u00fcr nichts, ausser Schreibsucht, bei Twitter viel zu lange verausgabt&#8230;Da blieb f\u00fcr FEMINISSIMA selbst, nichts mehr \u00fcbrig. Das Aus bei Twitter, siehe, weiter unten, weil ich als Geburtsdatum 2021 beim&hellip; <a class=\"more-link\" href=\"https:\/\/feminissima.de\/index.php\/2021\/12\/19\/sollen-wir-noch-schreiben\/\"><span class=\"screen-reader-text\">Sollen wir noch schreiben??<\/span> weiterlesen<\/a><\/p>\n","protected":false},"author":3,"featured_media":0,"comment_status":"closed","ping_status":"closed","sticky":false,"template":"","format":"standard","meta":{"footnotes":""},"categories":[6],"tags":[],"class_list":["post-88197","post","type-post","status-publish","format-standard","hentry","category-femleben","entry"],"yoast_head":"<!-- This site is optimized with the Yoast SEO plugin v21.0 - https:\/\/yoast.com\/wordpress\/plugins\/seo\/ -->\n<title>Sollen wir noch schreiben?? - Feminissima<\/title>\n<meta name=\"robots\" content=\"index, follow, max-snippet:-1, max-image-preview:large, max-video-preview:-1\" \/>\n<link rel=\"canonical\" href=\"https:\/\/feminissima.de\/index.php\/2021\/12\/19\/sollen-wir-noch-schreiben\/\" \/>\n<meta property=\"og:locale\" content=\"de_DE\" \/>\n<meta property=\"og:type\" content=\"article\" \/>\n<meta property=\"og:title\" content=\"Sollen wir noch schreiben?? - Feminissima\" \/>\n<meta property=\"og:description\" content=\"Aber ja, wir muessen..! Vor allem jenseits des Mainstreams.. Feminissima hatte zu lange pausiert, gegen sich selbst geschrieben, sozusagen, sich fur eigentlich rien de tout, f\u00fcr nichts, ausser Schreibsucht, bei Twitter viel zu lange verausgabt&#8230;Da blieb f\u00fcr FEMINISSIMA selbst, nichts mehr \u00fcbrig. Das Aus bei Twitter, siehe, weiter unten, weil ich als Geburtsdatum 2021 beim&hellip; Sollen wir noch schreiben?? weiterlesen\" \/>\n<meta property=\"og:url\" content=\"https:\/\/feminissima.de\/index.php\/2021\/12\/19\/sollen-wir-noch-schreiben\/\" \/>\n<meta property=\"og:site_name\" content=\"Feminissima\" \/>\n<meta property=\"article:published_time\" content=\"2021-12-19T21:22:36+00:00\" \/>\n<meta name=\"author\" content=\"fem\" \/>\n<meta name=\"twitter:card\" content=\"summary_large_image\" \/>\n<meta name=\"twitter:label1\" content=\"Verfasst von\" \/>\n\t<meta name=\"twitter:data1\" content=\"fem\" \/>\n\t<meta name=\"twitter:label2\" content=\"Gesch\u00e4tzte Lesezeit\" \/>\n\t<meta name=\"twitter:data2\" content=\"1\u00a0Minute\" \/>\n<script type=\"application\/ld+json\" class=\"yoast-schema-graph\">{\"@context\":\"https:\/\/schema.org\",\"@graph\":[{\"@type\":\"WebPage\",\"@id\":\"https:\/\/feminissima.de\/index.php\/2021\/12\/19\/sollen-wir-noch-schreiben\/\",\"url\":\"https:\/\/feminissima.de\/index.php\/2021\/12\/19\/sollen-wir-noch-schreiben\/\",\"name\":\"Sollen wir noch schreiben?? - Feminissima\",\"isPartOf\":{\"@id\":\"https:\/\/feminissima.de\/#website\"},\"datePublished\":\"2021-12-19T21:22:36+00:00\",\"dateModified\":\"2021-12-19T21:22:36+00:00\",\"author\":{\"@id\":\"https:\/\/feminissima.de\/#\/schema\/person\/5dea0fc707e9da59266a47da2f9a8210\"},\"breadcrumb\":{\"@id\":\"https:\/\/feminissima.de\/index.php\/2021\/12\/19\/sollen-wir-noch-schreiben\/#breadcrumb\"},\"inLanguage\":\"de\",\"potentialAction\":[{\"@type\":\"ReadAction\",\"target\":[\"https:\/\/feminissima.de\/index.php\/2021\/12\/19\/sollen-wir-noch-schreiben\/\"]}]},{\"@type\":\"BreadcrumbList\",\"@id\":\"https:\/\/feminissima.de\/index.php\/2021\/12\/19\/sollen-wir-noch-schreiben\/#breadcrumb\",\"itemListElement\":[{\"@type\":\"ListItem\",\"position\":1,\"name\":\"Startseite\",\"item\":\"https:\/\/feminissima.de\/\"},{\"@type\":\"ListItem\",\"position\":2,\"name\":\"Sollen wir noch schreiben??\"}]},{\"@type\":\"WebSite\",\"@id\":\"https:\/\/feminissima.de\/#website\",\"url\":\"https:\/\/feminissima.de\/\",\"name\":\"Feminissima\",\"description\":\"\",\"potentialAction\":[{\"@type\":\"SearchAction\",\"target\":{\"@type\":\"EntryPoint\",\"urlTemplate\":\"https:\/\/feminissima.de\/?s={search_term_string}\"},\"query-input\":\"required name=search_term_string\"}],\"inLanguage\":\"de\"},{\"@type\":\"Person\",\"@id\":\"https:\/\/feminissima.de\/#\/schema\/person\/5dea0fc707e9da59266a47da2f9a8210\",\"name\":\"fem\",\"image\":{\"@type\":\"ImageObject\",\"inLanguage\":\"de\",\"@id\":\"https:\/\/feminissima.de\/#\/schema\/person\/image\/\",\"url\":\"https:\/\/secure.gravatar.com\/avatar\/892e878e26ee6e7c1689c0b5183da4949c35fb291d0554f021db478bb42e3226?s=96&d=mm&r=g\",\"contentUrl\":\"https:\/\/secure.gravatar.com\/avatar\/892e878e26ee6e7c1689c0b5183da4949c35fb291d0554f021db478bb42e3226?s=96&d=mm&r=g\",\"caption\":\"fem\"},\"url\":\"https:\/\/feminissima.de\/index.php\/author\/fem\/\"}]}<\/script>\n<!-- \/ Yoast SEO plugin. -->","yoast_head_json":{"title":"Sollen wir noch schreiben?? - Feminissima","robots":{"index":"index","follow":"follow","max-snippet":"max-snippet:-1","max-image-preview":"max-image-preview:large","max-video-preview":"max-video-preview:-1"},"canonical":"https:\/\/feminissima.de\/index.php\/2021\/12\/19\/sollen-wir-noch-schreiben\/","og_locale":"de_DE","og_type":"article","og_title":"Sollen wir noch schreiben?? - Feminissima","og_description":"Aber ja, wir muessen..! Vor allem jenseits des Mainstreams.. Feminissima hatte zu lange pausiert, gegen sich selbst geschrieben, sozusagen, sich fur eigentlich rien de tout, f\u00fcr nichts, ausser Schreibsucht, bei Twitter viel zu lange verausgabt&#8230;Da blieb f\u00fcr FEMINISSIMA selbst, nichts mehr \u00fcbrig. Das Aus bei Twitter, siehe, weiter unten, weil ich als Geburtsdatum 2021 beim&hellip; Sollen wir noch schreiben?? weiterlesen","og_url":"https:\/\/feminissima.de\/index.php\/2021\/12\/19\/sollen-wir-noch-schreiben\/","og_site_name":"Feminissima","article_published_time":"2021-12-19T21:22:36+00:00","author":"fem","twitter_card":"summary_large_image","twitter_misc":{"Verfasst von":"fem","Gesch\u00e4tzte Lesezeit":"1\u00a0Minute"},"schema":{"@context":"https:\/\/schema.org","@graph":[{"@type":"WebPage","@id":"https:\/\/feminissima.de\/index.php\/2021\/12\/19\/sollen-wir-noch-schreiben\/","url":"https:\/\/feminissima.de\/index.php\/2021\/12\/19\/sollen-wir-noch-schreiben\/","name":"Sollen wir noch schreiben?? - Feminissima","isPartOf":{"@id":"https:\/\/feminissima.de\/#website"},"datePublished":"2021-12-19T21:22:36+00:00","dateModified":"2021-12-19T21:22:36+00:00","author":{"@id":"https:\/\/feminissima.de\/#\/schema\/person\/5dea0fc707e9da59266a47da2f9a8210"},"breadcrumb":{"@id":"https:\/\/feminissima.de\/index.php\/2021\/12\/19\/sollen-wir-noch-schreiben\/#breadcrumb"},"inLanguage":"de","potentialAction":[{"@type":"ReadAction","target":["https:\/\/feminissima.de\/index.php\/2021\/12\/19\/sollen-wir-noch-schreiben\/"]}]},{"@type":"BreadcrumbList","@id":"https:\/\/feminissima.de\/index.php\/2021\/12\/19\/sollen-wir-noch-schreiben\/#breadcrumb","itemListElement":[{"@type":"ListItem","position":1,"name":"Startseite","item":"https:\/\/feminissima.de\/"},{"@type":"ListItem","position":2,"name":"Sollen wir noch schreiben??"}]},{"@type":"WebSite","@id":"https:\/\/feminissima.de\/#website","url":"https:\/\/feminissima.de\/","name":"Feminissima","description":"","potentialAction":[{"@type":"SearchAction","target":{"@type":"EntryPoint","urlTemplate":"https:\/\/feminissima.de\/?s={search_term_string}"},"query-input":"required name=search_term_string"}],"inLanguage":"de"},{"@type":"Person","@id":"https:\/\/feminissima.de\/#\/schema\/person\/5dea0fc707e9da59266a47da2f9a8210","name":"fem","image":{"@type":"ImageObject","inLanguage":"de","@id":"https:\/\/feminissima.de\/#\/schema\/person\/image\/","url":"https:\/\/secure.gravatar.com\/avatar\/892e878e26ee6e7c1689c0b5183da4949c35fb291d0554f021db478bb42e3226?s=96&d=mm&r=g","contentUrl":"https:\/\/secure.gravatar.com\/avatar\/892e878e26ee6e7c1689c0b5183da4949c35fb291d0554f021db478bb42e3226?s=96&d=mm&r=g","caption":"fem"},"url":"https:\/\/feminissima.de\/index.php\/author\/fem\/"}]}},"jetpack_featured_media_url":"","_links":{"self":[{"href":"https:\/\/feminissima.de\/index.php\/wp-json\/wp\/v2\/posts\/88197","targetHints":{"allow":["GET"]}}],"collection":[{"href":"https:\/\/feminissima.de\/index.php\/wp-json\/wp\/v2\/posts"}],"about":[{"href":"https:\/\/feminissima.de\/index.php\/wp-json\/wp\/v2\/types\/post"}],"author":[{"embeddable":true,"href":"https:\/\/feminissima.de\/index.php\/wp-json\/wp\/v2\/users\/3"}],"replies":[{"embeddable":true,"href":"https:\/\/feminissima.de\/index.php\/wp-json\/wp\/v2\/comments?post=88197"}],"version-history":[{"count":0,"href":"https:\/\/feminissima.de\/index.php\/wp-json\/wp\/v2\/posts\/88197\/revisions"}],"wp:attachment":[{"href":"https:\/\/feminissima.de\/index.php\/wp-json\/wp\/v2\/media?parent=88197"}],"wp:term":[{"taxonomy":"category","embeddable":true,"href":"https:\/\/feminissima.de\/index.php\/wp-json\/wp\/v2\/categories?post=88197"},{"taxonomy":"post_tag","embeddable":true,"href":"https:\/\/feminissima.de\/index.php\/wp-json\/wp\/v2\/tags?post=88197"}],"curies":[{"name":"wp","href":"https:\/\/api.w.org\/{rel}","templated":true}]}}