{"id":88127,"date":"2021-04-08T22:53:27","date_gmt":"2021-04-08T20:53:27","guid":{"rendered":"http:\/\/www.feminissima.de\/?p=88127"},"modified":"2021-04-08T22:53:27","modified_gmt":"2021-04-08T20:53:27","slug":"hi-der-text-uber-juli-zeh-vonschierach-und-walser-fur-heute-geplant-dann-morgen","status":"publish","type":"post","link":"https:\/\/feminissima.de\/index.php\/2021\/04\/08\/hi-der-text-uber-juli-zeh-vonschierach-und-walser-fur-heute-geplant-dann-morgen\/","title":{"rendered":"Hi, der Text \u00fcber Juli Zeh, VonSchierach und Walser, f\u00fcr heute geplant.. dann morgen.."},"content":{"rendered":"<p>Hola, und hallo, willkommen sowieso..!<br \/>\nEs ist gleich 22Uhr auf Teneriffa &#8211; nach einem ersten &#8222;echten&#8220; Sommertag&#8230;.\u00dcber dem Meer hockend, mit Blick \u00fcber die  K\u00fcste \u00fcber Punta Brava bis in den S\u00fcden&#8230;. So ungetr\u00fcbt die Aussicht, dass sogar die Umrisse von LA PALMA &#8230;sich abzeichnend&#8230;.Du sitzt, bist beeindruckt, lauschst der sanften Brandung, die unter Dir tr\u00e4ge gegen die Felsen der K\u00fcste &#8230;..und wanderst..noch weiter&#8230;. So vergeht die Zeit &#8230;und zuhause dann &#8211; mmh&#8230;was sagt die K\u00fcche&#8230;Ihr kennt das&#8230;<\/p>\n<p>Dann willst Du loslegen&#8230;Und beginnst eher spielerisch ein wenig bei Google zu recherchieren&#8230;und es wird immer mehr..<\/p>\n<p>Daher morgen in aller Frische&#8230;Kommt gut durch die Nacht&#8230;Hier so mild&#8230;aber in 8 Minuten beginnt die Nachtsperre&#8230;.und irgendwie&#8230; bremst Dich das auch sogar in der Lust am Intensivieren&#8230;f\u00fcr heute Abend &#8211; aus..<\/p>\n<p>Vielen Dank&#8230;dass Ihr nun auch FEMINISSIMA wieder entdeckt&#8230;!<br \/>\nWordPress hat, wie Twitter, ne eingebaute Statistik&#8230;War heute ein guter Tag, auch wenn Ihr sicher entt\u00e4uscht seid, dass der bei TWITTER angek\u00fcndigte Text f\u00fcr heute &#8211; doch erst  morgen&#8230;.<\/p>\n","protected":false},"excerpt":{"rendered":"<p>Hola, und hallo, willkommen sowieso..! Es ist gleich 22Uhr auf Teneriffa &#8211; nach einem ersten &#8222;echten&#8220; Sommertag&#8230;.\u00dcber dem Meer hockend, mit Blick \u00fcber die K\u00fcste \u00fcber Punta Brava bis in den S\u00fcden&#8230;. So ungetr\u00fcbt die Aussicht, dass sogar die Umrisse von LA PALMA &#8230;sich abzeichnend&#8230;.Du sitzt, bist beeindruckt, lauschst der sanften Brandung, die unter Dir&hellip; <a class=\"more-link\" href=\"https:\/\/feminissima.de\/index.php\/2021\/04\/08\/hi-der-text-uber-juli-zeh-vonschierach-und-walser-fur-heute-geplant-dann-morgen\/\"><span class=\"screen-reader-text\">Hi, der Text \u00fcber Juli Zeh, VonSchierach und Walser, f\u00fcr heute geplant.. dann morgen..<\/span> weiterlesen<\/a><\/p>\n","protected":false},"author":3,"featured_media":0,"comment_status":"closed","ping_status":"closed","sticky":false,"template":"","format":"standard","meta":{"footnotes":""},"categories":[6],"tags":[],"class_list":["post-88127","post","type-post","status-publish","format-standard","hentry","category-femleben","entry"],"yoast_head":"<!-- This site is optimized with the Yoast SEO plugin v21.0 - https:\/\/yoast.com\/wordpress\/plugins\/seo\/ -->\n<title>Hi, der Text \u00fcber Juli Zeh, VonSchierach und Walser, f\u00fcr heute geplant.. dann morgen.. - Feminissima<\/title>\n<meta name=\"robots\" content=\"index, follow, max-snippet:-1, max-image-preview:large, max-video-preview:-1\" \/>\n<link rel=\"canonical\" href=\"https:\/\/feminissima.de\/index.php\/2021\/04\/08\/hi-der-text-uber-juli-zeh-vonschierach-und-walser-fur-heute-geplant-dann-morgen\/\" \/>\n<meta property=\"og:locale\" content=\"de_DE\" \/>\n<meta property=\"og:type\" content=\"article\" \/>\n<meta property=\"og:title\" content=\"Hi, der Text \u00fcber Juli Zeh, VonSchierach und Walser, f\u00fcr heute geplant.. dann morgen.. - Feminissima\" \/>\n<meta property=\"og:description\" content=\"Hola, und hallo, willkommen sowieso..! Es ist gleich 22Uhr auf Teneriffa &#8211; nach einem ersten &#8222;echten&#8220; Sommertag&#8230;.\u00dcber dem Meer hockend, mit Blick \u00fcber die K\u00fcste \u00fcber Punta Brava bis in den S\u00fcden&#8230;. So ungetr\u00fcbt die Aussicht, dass sogar die Umrisse von LA PALMA &#8230;sich abzeichnend&#8230;.Du sitzt, bist beeindruckt, lauschst der sanften Brandung, die unter Dir&hellip; Hi, der Text \u00fcber Juli Zeh, VonSchierach und Walser, f\u00fcr heute geplant.. dann morgen.. weiterlesen\" \/>\n<meta property=\"og:url\" content=\"https:\/\/feminissima.de\/index.php\/2021\/04\/08\/hi-der-text-uber-juli-zeh-vonschierach-und-walser-fur-heute-geplant-dann-morgen\/\" \/>\n<meta property=\"og:site_name\" content=\"Feminissima\" \/>\n<meta property=\"article:published_time\" content=\"2021-04-08T20:53:27+00:00\" \/>\n<meta name=\"author\" content=\"fem\" \/>\n<meta name=\"twitter:card\" content=\"summary_large_image\" \/>\n<meta name=\"twitter:label1\" content=\"Verfasst von\" \/>\n\t<meta name=\"twitter:data1\" content=\"fem\" \/>\n\t<meta name=\"twitter:label2\" content=\"Gesch\u00e4tzte Lesezeit\" \/>\n\t<meta name=\"twitter:data2\" content=\"1\u00a0Minute\" \/>\n<script type=\"application\/ld+json\" class=\"yoast-schema-graph\">{\"@context\":\"https:\/\/schema.org\",\"@graph\":[{\"@type\":\"WebPage\",\"@id\":\"https:\/\/feminissima.de\/index.php\/2021\/04\/08\/hi-der-text-uber-juli-zeh-vonschierach-und-walser-fur-heute-geplant-dann-morgen\/\",\"url\":\"https:\/\/feminissima.de\/index.php\/2021\/04\/08\/hi-der-text-uber-juli-zeh-vonschierach-und-walser-fur-heute-geplant-dann-morgen\/\",\"name\":\"Hi, der Text \u00fcber Juli Zeh, VonSchierach und Walser, f\u00fcr heute geplant.. dann morgen.. - Feminissima\",\"isPartOf\":{\"@id\":\"https:\/\/feminissima.de\/#website\"},\"datePublished\":\"2021-04-08T20:53:27+00:00\",\"dateModified\":\"2021-04-08T20:53:27+00:00\",\"author\":{\"@id\":\"https:\/\/feminissima.de\/#\/schema\/person\/5dea0fc707e9da59266a47da2f9a8210\"},\"breadcrumb\":{\"@id\":\"https:\/\/feminissima.de\/index.php\/2021\/04\/08\/hi-der-text-uber-juli-zeh-vonschierach-und-walser-fur-heute-geplant-dann-morgen\/#breadcrumb\"},\"inLanguage\":\"de\",\"potentialAction\":[{\"@type\":\"ReadAction\",\"target\":[\"https:\/\/feminissima.de\/index.php\/2021\/04\/08\/hi-der-text-uber-juli-zeh-vonschierach-und-walser-fur-heute-geplant-dann-morgen\/\"]}]},{\"@type\":\"BreadcrumbList\",\"@id\":\"https:\/\/feminissima.de\/index.php\/2021\/04\/08\/hi-der-text-uber-juli-zeh-vonschierach-und-walser-fur-heute-geplant-dann-morgen\/#breadcrumb\",\"itemListElement\":[{\"@type\":\"ListItem\",\"position\":1,\"name\":\"Startseite\",\"item\":\"https:\/\/feminissima.de\/\"},{\"@type\":\"ListItem\",\"position\":2,\"name\":\"Hi, der Text \u00fcber Juli Zeh, VonSchierach und Walser, f\u00fcr heute geplant.. dann morgen..\"}]},{\"@type\":\"WebSite\",\"@id\":\"https:\/\/feminissima.de\/#website\",\"url\":\"https:\/\/feminissima.de\/\",\"name\":\"Feminissima\",\"description\":\"\",\"potentialAction\":[{\"@type\":\"SearchAction\",\"target\":{\"@type\":\"EntryPoint\",\"urlTemplate\":\"https:\/\/feminissima.de\/?s={search_term_string}\"},\"query-input\":\"required name=search_term_string\"}],\"inLanguage\":\"de\"},{\"@type\":\"Person\",\"@id\":\"https:\/\/feminissima.de\/#\/schema\/person\/5dea0fc707e9da59266a47da2f9a8210\",\"name\":\"fem\",\"image\":{\"@type\":\"ImageObject\",\"inLanguage\":\"de\",\"@id\":\"https:\/\/feminissima.de\/#\/schema\/person\/image\/\",\"url\":\"https:\/\/secure.gravatar.com\/avatar\/892e878e26ee6e7c1689c0b5183da4949c35fb291d0554f021db478bb42e3226?s=96&d=mm&r=g\",\"contentUrl\":\"https:\/\/secure.gravatar.com\/avatar\/892e878e26ee6e7c1689c0b5183da4949c35fb291d0554f021db478bb42e3226?s=96&d=mm&r=g\",\"caption\":\"fem\"},\"url\":\"https:\/\/feminissima.de\/index.php\/author\/fem\/\"}]}<\/script>\n<!-- \/ Yoast SEO plugin. -->","yoast_head_json":{"title":"Hi, der Text \u00fcber Juli Zeh, VonSchierach und Walser, f\u00fcr heute geplant.. dann morgen.. - Feminissima","robots":{"index":"index","follow":"follow","max-snippet":"max-snippet:-1","max-image-preview":"max-image-preview:large","max-video-preview":"max-video-preview:-1"},"canonical":"https:\/\/feminissima.de\/index.php\/2021\/04\/08\/hi-der-text-uber-juli-zeh-vonschierach-und-walser-fur-heute-geplant-dann-morgen\/","og_locale":"de_DE","og_type":"article","og_title":"Hi, der Text \u00fcber Juli Zeh, VonSchierach und Walser, f\u00fcr heute geplant.. dann morgen.. - Feminissima","og_description":"Hola, und hallo, willkommen sowieso..! Es ist gleich 22Uhr auf Teneriffa &#8211; nach einem ersten &#8222;echten&#8220; Sommertag&#8230;.\u00dcber dem Meer hockend, mit Blick \u00fcber die K\u00fcste \u00fcber Punta Brava bis in den S\u00fcden&#8230;. So ungetr\u00fcbt die Aussicht, dass sogar die Umrisse von LA PALMA &#8230;sich abzeichnend&#8230;.Du sitzt, bist beeindruckt, lauschst der sanften Brandung, die unter Dir&hellip; Hi, der Text \u00fcber Juli Zeh, VonSchierach und Walser, f\u00fcr heute geplant.. dann morgen.. weiterlesen","og_url":"https:\/\/feminissima.de\/index.php\/2021\/04\/08\/hi-der-text-uber-juli-zeh-vonschierach-und-walser-fur-heute-geplant-dann-morgen\/","og_site_name":"Feminissima","article_published_time":"2021-04-08T20:53:27+00:00","author":"fem","twitter_card":"summary_large_image","twitter_misc":{"Verfasst von":"fem","Gesch\u00e4tzte Lesezeit":"1\u00a0Minute"},"schema":{"@context":"https:\/\/schema.org","@graph":[{"@type":"WebPage","@id":"https:\/\/feminissima.de\/index.php\/2021\/04\/08\/hi-der-text-uber-juli-zeh-vonschierach-und-walser-fur-heute-geplant-dann-morgen\/","url":"https:\/\/feminissima.de\/index.php\/2021\/04\/08\/hi-der-text-uber-juli-zeh-vonschierach-und-walser-fur-heute-geplant-dann-morgen\/","name":"Hi, der Text \u00fcber Juli Zeh, VonSchierach und Walser, f\u00fcr heute geplant.. dann morgen.. - Feminissima","isPartOf":{"@id":"https:\/\/feminissima.de\/#website"},"datePublished":"2021-04-08T20:53:27+00:00","dateModified":"2021-04-08T20:53:27+00:00","author":{"@id":"https:\/\/feminissima.de\/#\/schema\/person\/5dea0fc707e9da59266a47da2f9a8210"},"breadcrumb":{"@id":"https:\/\/feminissima.de\/index.php\/2021\/04\/08\/hi-der-text-uber-juli-zeh-vonschierach-und-walser-fur-heute-geplant-dann-morgen\/#breadcrumb"},"inLanguage":"de","potentialAction":[{"@type":"ReadAction","target":["https:\/\/feminissima.de\/index.php\/2021\/04\/08\/hi-der-text-uber-juli-zeh-vonschierach-und-walser-fur-heute-geplant-dann-morgen\/"]}]},{"@type":"BreadcrumbList","@id":"https:\/\/feminissima.de\/index.php\/2021\/04\/08\/hi-der-text-uber-juli-zeh-vonschierach-und-walser-fur-heute-geplant-dann-morgen\/#breadcrumb","itemListElement":[{"@type":"ListItem","position":1,"name":"Startseite","item":"https:\/\/feminissima.de\/"},{"@type":"ListItem","position":2,"name":"Hi, der Text \u00fcber Juli Zeh, VonSchierach und Walser, f\u00fcr heute geplant.. dann morgen.."}]},{"@type":"WebSite","@id":"https:\/\/feminissima.de\/#website","url":"https:\/\/feminissima.de\/","name":"Feminissima","description":"","potentialAction":[{"@type":"SearchAction","target":{"@type":"EntryPoint","urlTemplate":"https:\/\/feminissima.de\/?s={search_term_string}"},"query-input":"required name=search_term_string"}],"inLanguage":"de"},{"@type":"Person","@id":"https:\/\/feminissima.de\/#\/schema\/person\/5dea0fc707e9da59266a47da2f9a8210","name":"fem","image":{"@type":"ImageObject","inLanguage":"de","@id":"https:\/\/feminissima.de\/#\/schema\/person\/image\/","url":"https:\/\/secure.gravatar.com\/avatar\/892e878e26ee6e7c1689c0b5183da4949c35fb291d0554f021db478bb42e3226?s=96&d=mm&r=g","contentUrl":"https:\/\/secure.gravatar.com\/avatar\/892e878e26ee6e7c1689c0b5183da4949c35fb291d0554f021db478bb42e3226?s=96&d=mm&r=g","caption":"fem"},"url":"https:\/\/feminissima.de\/index.php\/author\/fem\/"}]}},"jetpack_featured_media_url":"","_links":{"self":[{"href":"https:\/\/feminissima.de\/index.php\/wp-json\/wp\/v2\/posts\/88127","targetHints":{"allow":["GET"]}}],"collection":[{"href":"https:\/\/feminissima.de\/index.php\/wp-json\/wp\/v2\/posts"}],"about":[{"href":"https:\/\/feminissima.de\/index.php\/wp-json\/wp\/v2\/types\/post"}],"author":[{"embeddable":true,"href":"https:\/\/feminissima.de\/index.php\/wp-json\/wp\/v2\/users\/3"}],"replies":[{"embeddable":true,"href":"https:\/\/feminissima.de\/index.php\/wp-json\/wp\/v2\/comments?post=88127"}],"version-history":[{"count":0,"href":"https:\/\/feminissima.de\/index.php\/wp-json\/wp\/v2\/posts\/88127\/revisions"}],"wp:attachment":[{"href":"https:\/\/feminissima.de\/index.php\/wp-json\/wp\/v2\/media?parent=88127"}],"wp:term":[{"taxonomy":"category","embeddable":true,"href":"https:\/\/feminissima.de\/index.php\/wp-json\/wp\/v2\/categories?post=88127"},{"taxonomy":"post_tag","embeddable":true,"href":"https:\/\/feminissima.de\/index.php\/wp-json\/wp\/v2\/tags?post=88127"}],"curies":[{"name":"wp","href":"https:\/\/api.w.org\/{rel}","templated":true}]}}