{"id":88072,"date":"2021-01-17T10:11:56","date_gmt":"2021-01-17T08:11:56","guid":{"rendered":"http:\/\/www.feminissima.de\/?p=88072"},"modified":"2021-01-17T10:11:56","modified_gmt":"2021-01-17T08:11:56","slug":"teneriffa-und-schnee-ein-sonntag-im-januar-2021","status":"publish","type":"post","link":"https:\/\/feminissima.de\/index.php\/2021\/01\/17\/teneriffa-und-schnee-ein-sonntag-im-januar-2021\/","title":{"rendered":"Teneriffa und Schnee &#8211; ein Sonntag im Januar 2021"},"content":{"rendered":"<p>Der Morgen ist verschlafen. Oder wie ist der grau-in-grau-Himmel oberhalb des Orotava-Tals zu interpretieren?? Die Berge noch verh\u00fcllt von tiefh\u00e4ngenden Wolken. Dabei sind die H\u00e4nge wei\u00df. Ein seltener Anblick&#8230;.<\/p>\n<p>&#8222;Wann willst du dich eigentlich endlich f\u00fcr eine Version Deines Romans von den Ferien auf Formentera entscheiden? &#8222;Fragt Chrissie, die Dauerpraktikantin, die den Kaffe hochbringt.<\/p>\n<p>&#8222;Ja, du hast recht. ! Hatte ich nun auch, weil ja Jahresbeginn, die guten Vors\u00e4tze und so &#8211; wieder dran gedacht&#8230;Der Roman ist ja schon \u00e4lter, mit all seinen unterschiedlichen Versionen, wie unsere FEMINISSIMA, und die feiert mit uns &#8211; in diesem Sommer schon ihren 19.Geburtstag&#8230;!&#8220; &#8230;<\/p>\n<p>&#8222;Mach hin!&#8220; sagt Chrissy, die Dauerpraktikantin.<br \/>\n&#8222;Heute ist ein guter Tag daf\u00fcr. Sonntag. Der Bus nur alle Stunde. K\u00fchl drau\u00dfen. Sonnenlos. Twitter prall gef\u00fcllt mit t\u00e4glich neuen Mu\u00dfma\u00dfungenn \u00fcber die Pandemie, Corona genannt..auf Spanisch &#8222;Krone&#8220; &#8211; dabei ist das Virus vielleicht die Krone aller verheheerenden Viren bisher, also &#8211; schreib endlich weiter, ordne die 300 Seiten, und lass liegen, was zu viel. Entscheide Dich endlich f\u00fcr eine Deiner Arbeiten &#8211; ! Und trink den Kaffee, ehe  er wieder kalt wird..!&#8220;<br \/>\nJa, die treue Chrissie, von den ersten Tagen von FEMINISSIMA dabei&#8230;<\/p>\n<p>Es ist 8 Uhr und 9 Minuten&#8230;Noch fast dunkel, vor allem, weil die Sonne sich sonstwo herumtreibt&#8230;. Teneriffa-Sonne, wo bist du ?? Und Eure FEMINISSIMA ordnet ihre Seiten des Romans vom Ende des letzten Jahrhunderts, und schreibt den Anfang neu, ver\u00e4ndert die Geschichte&#8230;. und &#8211; ja, f\u00e4ngt jetzt an. Hoffentlich habt Ihr einen ertr\u00e4glichen Sonntag, in Alemania, trotz allem. Witzig ist dort gerade gar nichts&#8230; See you&#8230;<\/p>\n","protected":false},"excerpt":{"rendered":"<p>Der Morgen ist verschlafen. Oder wie ist der grau-in-grau-Himmel oberhalb des Orotava-Tals zu interpretieren?? Die Berge noch verh\u00fcllt von tiefh\u00e4ngenden Wolken. Dabei sind die H\u00e4nge wei\u00df. Ein seltener Anblick&#8230;. &#8222;Wann willst du dich eigentlich endlich f\u00fcr eine Version Deines Romans von den Ferien auf Formentera entscheiden? &#8222;Fragt Chrissie, die Dauerpraktikantin, die den Kaffe hochbringt. &#8222;Ja,&hellip; <a class=\"more-link\" href=\"https:\/\/feminissima.de\/index.php\/2021\/01\/17\/teneriffa-und-schnee-ein-sonntag-im-januar-2021\/\"><span class=\"screen-reader-text\">Teneriffa und Schnee &#8211; ein Sonntag im Januar 2021<\/span> weiterlesen<\/a><\/p>\n","protected":false},"author":3,"featured_media":0,"comment_status":"closed","ping_status":"closed","sticky":false,"template":"","format":"standard","meta":{"footnotes":""},"categories":[6],"tags":[],"class_list":["post-88072","post","type-post","status-publish","format-standard","hentry","category-femleben","entry"],"yoast_head":"<!-- This site is optimized with the Yoast SEO plugin v21.0 - https:\/\/yoast.com\/wordpress\/plugins\/seo\/ -->\n<title>Teneriffa und Schnee - ein Sonntag im Januar 2021 - Feminissima<\/title>\n<meta name=\"robots\" content=\"index, follow, max-snippet:-1, max-image-preview:large, max-video-preview:-1\" \/>\n<link rel=\"canonical\" href=\"https:\/\/feminissima.de\/index.php\/2021\/01\/17\/teneriffa-und-schnee-ein-sonntag-im-januar-2021\/\" \/>\n<meta property=\"og:locale\" content=\"de_DE\" \/>\n<meta property=\"og:type\" content=\"article\" \/>\n<meta property=\"og:title\" content=\"Teneriffa und Schnee - ein Sonntag im Januar 2021 - Feminissima\" \/>\n<meta property=\"og:description\" content=\"Der Morgen ist verschlafen. Oder wie ist der grau-in-grau-Himmel oberhalb des Orotava-Tals zu interpretieren?? Die Berge noch verh\u00fcllt von tiefh\u00e4ngenden Wolken. Dabei sind die H\u00e4nge wei\u00df. Ein seltener Anblick&#8230;. &#8222;Wann willst du dich eigentlich endlich f\u00fcr eine Version Deines Romans von den Ferien auf Formentera entscheiden? &#8222;Fragt Chrissie, die Dauerpraktikantin, die den Kaffe hochbringt. &#8222;Ja,&hellip; Teneriffa und Schnee &#8211; ein Sonntag im Januar 2021 weiterlesen\" \/>\n<meta property=\"og:url\" content=\"https:\/\/feminissima.de\/index.php\/2021\/01\/17\/teneriffa-und-schnee-ein-sonntag-im-januar-2021\/\" \/>\n<meta property=\"og:site_name\" content=\"Feminissima\" \/>\n<meta property=\"article:published_time\" content=\"2021-01-17T08:11:56+00:00\" \/>\n<meta name=\"author\" content=\"fem\" \/>\n<meta name=\"twitter:card\" content=\"summary_large_image\" \/>\n<meta name=\"twitter:label1\" content=\"Verfasst von\" \/>\n\t<meta name=\"twitter:data1\" content=\"fem\" \/>\n\t<meta name=\"twitter:label2\" content=\"Gesch\u00e4tzte Lesezeit\" \/>\n\t<meta name=\"twitter:data2\" content=\"1\u00a0Minute\" \/>\n<script type=\"application\/ld+json\" class=\"yoast-schema-graph\">{\"@context\":\"https:\/\/schema.org\",\"@graph\":[{\"@type\":\"WebPage\",\"@id\":\"https:\/\/feminissima.de\/index.php\/2021\/01\/17\/teneriffa-und-schnee-ein-sonntag-im-januar-2021\/\",\"url\":\"https:\/\/feminissima.de\/index.php\/2021\/01\/17\/teneriffa-und-schnee-ein-sonntag-im-januar-2021\/\",\"name\":\"Teneriffa und Schnee - ein Sonntag im Januar 2021 - Feminissima\",\"isPartOf\":{\"@id\":\"https:\/\/feminissima.de\/#website\"},\"datePublished\":\"2021-01-17T08:11:56+00:00\",\"dateModified\":\"2021-01-17T08:11:56+00:00\",\"author\":{\"@id\":\"https:\/\/feminissima.de\/#\/schema\/person\/5dea0fc707e9da59266a47da2f9a8210\"},\"breadcrumb\":{\"@id\":\"https:\/\/feminissima.de\/index.php\/2021\/01\/17\/teneriffa-und-schnee-ein-sonntag-im-januar-2021\/#breadcrumb\"},\"inLanguage\":\"de\",\"potentialAction\":[{\"@type\":\"ReadAction\",\"target\":[\"https:\/\/feminissima.de\/index.php\/2021\/01\/17\/teneriffa-und-schnee-ein-sonntag-im-januar-2021\/\"]}]},{\"@type\":\"BreadcrumbList\",\"@id\":\"https:\/\/feminissima.de\/index.php\/2021\/01\/17\/teneriffa-und-schnee-ein-sonntag-im-januar-2021\/#breadcrumb\",\"itemListElement\":[{\"@type\":\"ListItem\",\"position\":1,\"name\":\"Startseite\",\"item\":\"https:\/\/feminissima.de\/\"},{\"@type\":\"ListItem\",\"position\":2,\"name\":\"Teneriffa und Schnee &#8211; ein Sonntag im Januar 2021\"}]},{\"@type\":\"WebSite\",\"@id\":\"https:\/\/feminissima.de\/#website\",\"url\":\"https:\/\/feminissima.de\/\",\"name\":\"Feminissima\",\"description\":\"\",\"potentialAction\":[{\"@type\":\"SearchAction\",\"target\":{\"@type\":\"EntryPoint\",\"urlTemplate\":\"https:\/\/feminissima.de\/?s={search_term_string}\"},\"query-input\":\"required name=search_term_string\"}],\"inLanguage\":\"de\"},{\"@type\":\"Person\",\"@id\":\"https:\/\/feminissima.de\/#\/schema\/person\/5dea0fc707e9da59266a47da2f9a8210\",\"name\":\"fem\",\"image\":{\"@type\":\"ImageObject\",\"inLanguage\":\"de\",\"@id\":\"https:\/\/feminissima.de\/#\/schema\/person\/image\/\",\"url\":\"https:\/\/secure.gravatar.com\/avatar\/892e878e26ee6e7c1689c0b5183da4949c35fb291d0554f021db478bb42e3226?s=96&d=mm&r=g\",\"contentUrl\":\"https:\/\/secure.gravatar.com\/avatar\/892e878e26ee6e7c1689c0b5183da4949c35fb291d0554f021db478bb42e3226?s=96&d=mm&r=g\",\"caption\":\"fem\"},\"url\":\"https:\/\/feminissima.de\/index.php\/author\/fem\/\"}]}<\/script>\n<!-- \/ Yoast SEO plugin. -->","yoast_head_json":{"title":"Teneriffa und Schnee - ein Sonntag im Januar 2021 - Feminissima","robots":{"index":"index","follow":"follow","max-snippet":"max-snippet:-1","max-image-preview":"max-image-preview:large","max-video-preview":"max-video-preview:-1"},"canonical":"https:\/\/feminissima.de\/index.php\/2021\/01\/17\/teneriffa-und-schnee-ein-sonntag-im-januar-2021\/","og_locale":"de_DE","og_type":"article","og_title":"Teneriffa und Schnee - ein Sonntag im Januar 2021 - Feminissima","og_description":"Der Morgen ist verschlafen. Oder wie ist der grau-in-grau-Himmel oberhalb des Orotava-Tals zu interpretieren?? Die Berge noch verh\u00fcllt von tiefh\u00e4ngenden Wolken. Dabei sind die H\u00e4nge wei\u00df. Ein seltener Anblick&#8230;. &#8222;Wann willst du dich eigentlich endlich f\u00fcr eine Version Deines Romans von den Ferien auf Formentera entscheiden? &#8222;Fragt Chrissie, die Dauerpraktikantin, die den Kaffe hochbringt. &#8222;Ja,&hellip; Teneriffa und Schnee &#8211; ein Sonntag im Januar 2021 weiterlesen","og_url":"https:\/\/feminissima.de\/index.php\/2021\/01\/17\/teneriffa-und-schnee-ein-sonntag-im-januar-2021\/","og_site_name":"Feminissima","article_published_time":"2021-01-17T08:11:56+00:00","author":"fem","twitter_card":"summary_large_image","twitter_misc":{"Verfasst von":"fem","Gesch\u00e4tzte Lesezeit":"1\u00a0Minute"},"schema":{"@context":"https:\/\/schema.org","@graph":[{"@type":"WebPage","@id":"https:\/\/feminissima.de\/index.php\/2021\/01\/17\/teneriffa-und-schnee-ein-sonntag-im-januar-2021\/","url":"https:\/\/feminissima.de\/index.php\/2021\/01\/17\/teneriffa-und-schnee-ein-sonntag-im-januar-2021\/","name":"Teneriffa und Schnee - ein Sonntag im Januar 2021 - Feminissima","isPartOf":{"@id":"https:\/\/feminissima.de\/#website"},"datePublished":"2021-01-17T08:11:56+00:00","dateModified":"2021-01-17T08:11:56+00:00","author":{"@id":"https:\/\/feminissima.de\/#\/schema\/person\/5dea0fc707e9da59266a47da2f9a8210"},"breadcrumb":{"@id":"https:\/\/feminissima.de\/index.php\/2021\/01\/17\/teneriffa-und-schnee-ein-sonntag-im-januar-2021\/#breadcrumb"},"inLanguage":"de","potentialAction":[{"@type":"ReadAction","target":["https:\/\/feminissima.de\/index.php\/2021\/01\/17\/teneriffa-und-schnee-ein-sonntag-im-januar-2021\/"]}]},{"@type":"BreadcrumbList","@id":"https:\/\/feminissima.de\/index.php\/2021\/01\/17\/teneriffa-und-schnee-ein-sonntag-im-januar-2021\/#breadcrumb","itemListElement":[{"@type":"ListItem","position":1,"name":"Startseite","item":"https:\/\/feminissima.de\/"},{"@type":"ListItem","position":2,"name":"Teneriffa und Schnee &#8211; ein Sonntag im Januar 2021"}]},{"@type":"WebSite","@id":"https:\/\/feminissima.de\/#website","url":"https:\/\/feminissima.de\/","name":"Feminissima","description":"","potentialAction":[{"@type":"SearchAction","target":{"@type":"EntryPoint","urlTemplate":"https:\/\/feminissima.de\/?s={search_term_string}"},"query-input":"required name=search_term_string"}],"inLanguage":"de"},{"@type":"Person","@id":"https:\/\/feminissima.de\/#\/schema\/person\/5dea0fc707e9da59266a47da2f9a8210","name":"fem","image":{"@type":"ImageObject","inLanguage":"de","@id":"https:\/\/feminissima.de\/#\/schema\/person\/image\/","url":"https:\/\/secure.gravatar.com\/avatar\/892e878e26ee6e7c1689c0b5183da4949c35fb291d0554f021db478bb42e3226?s=96&d=mm&r=g","contentUrl":"https:\/\/secure.gravatar.com\/avatar\/892e878e26ee6e7c1689c0b5183da4949c35fb291d0554f021db478bb42e3226?s=96&d=mm&r=g","caption":"fem"},"url":"https:\/\/feminissima.de\/index.php\/author\/fem\/"}]}},"jetpack_featured_media_url":"","_links":{"self":[{"href":"https:\/\/feminissima.de\/index.php\/wp-json\/wp\/v2\/posts\/88072","targetHints":{"allow":["GET"]}}],"collection":[{"href":"https:\/\/feminissima.de\/index.php\/wp-json\/wp\/v2\/posts"}],"about":[{"href":"https:\/\/feminissima.de\/index.php\/wp-json\/wp\/v2\/types\/post"}],"author":[{"embeddable":true,"href":"https:\/\/feminissima.de\/index.php\/wp-json\/wp\/v2\/users\/3"}],"replies":[{"embeddable":true,"href":"https:\/\/feminissima.de\/index.php\/wp-json\/wp\/v2\/comments?post=88072"}],"version-history":[{"count":0,"href":"https:\/\/feminissima.de\/index.php\/wp-json\/wp\/v2\/posts\/88072\/revisions"}],"wp:attachment":[{"href":"https:\/\/feminissima.de\/index.php\/wp-json\/wp\/v2\/media?parent=88072"}],"wp:term":[{"taxonomy":"category","embeddable":true,"href":"https:\/\/feminissima.de\/index.php\/wp-json\/wp\/v2\/categories?post=88072"},{"taxonomy":"post_tag","embeddable":true,"href":"https:\/\/feminissima.de\/index.php\/wp-json\/wp\/v2\/tags?post=88072"}],"curies":[{"name":"wp","href":"https:\/\/api.w.org\/{rel}","templated":true}]}}