{"id":88065,"date":"2021-01-14T08:29:09","date_gmt":"2021-01-14T06:29:09","guid":{"rendered":"http:\/\/www.feminissima.de\/?p=88065"},"modified":"2021-01-14T08:29:09","modified_gmt":"2021-01-14T06:29:09","slug":"pandemie-oder-ein-leben-auf-der-lauer","status":"publish","type":"post","link":"https:\/\/feminissima.de\/index.php\/2021\/01\/14\/pandemie-oder-ein-leben-auf-der-lauer\/","title":{"rendered":"Pandemie &#8211; oder ein Leben auf der Lauer"},"content":{"rendered":"<p>Keine guten Tage. Wir hier auf Teneriffa, die wir all unsere jahrelangen Winter &#8211; und Sommerkontakte verloren haben &#8211; weil unsere internationalen Freunde wegen CORONA nicht mehr reisen k\u00f6nnen, wir auch auch nicht unsere Freunde, Familien in GERMANY besuchen k\u00f6nnen &#8211; sind wir mit 56 neuen F\u00e4llen seit gestern und einem Todesfall &#8211; in sichereren Gefilden, als all unser Freunde, Kontakte, die Familien &#8211; woanders &#8211; vor allem in Deutschland &#8211; und unsere Sorgen wachsen mit den st\u00e4ndig und stetig sich erh\u00f6henden &#8222;Fallzahlen&#8220; und der Todesrate, die wirklich be\u00e4ngstigend ist &#8211; wir haben keine Kontakte mehr, jenseits des virtuellen&#8230;und allm\u00e4hlich, mehr und mehr &#8211; schleicht sich auf TWITTER das t\u00e4gliche Bekenntnis ein &#8211; &#8222;besteht unser Leben also nur noch aus &#8211; eventuell Arbeit &#8211; ansonsten &#8222;fressen und schlafen&#8220; &#8211; mit dem Zusatz, bitte, es soll nicht depressive klingen&#8230; \u00b4<br \/>\nAber die Wahrheit ist &#8211; wir k\u00f6nnen nicht ohne andere Menschen auf Dauer leben. Nicht ohne Konzerte, nicht ohne Treffen, nicht ohne Theater, nicht, wie hier das Merkmal auf Teneriffa &#8211; live Musik und Tanzen im Freien oder in Nacht-Discos&#8230;unbegrenzte Entscheidungen des Daseins, der Freiheit, nun seit langem ausgebremst, ab 22 Uhr alles dicht. Anders als in Deutschland leben wir seit Sommer mit einer Maskenpflicht ohne Ausnahmen: In Deutschland wird bei all den steigenden Zahlen, trotz aller steigenden Zahlen, mu\u00df es hei\u00dfen, noch immer auf eine zentrale Maskenpflicht verzichtet. Was wollen die also? 25.000 neue Infektionsf\u00e4lle gerade, lese ich, und noch immer kriegen diese Landesf\u00fcrsten\/innen keine einheitliche Regelung hin &#8211; und ermahnen nur die B\u00fcrger &#8211; die schon fast am Irre-Werden-sind, weil sie niemanden mehr treffen d\u00fcrfen, nicht mehr ausgehen d\u00fcrfen &#8211; wie lange schon ? an &#8222;Vernunft und Einsicht..Ach?<\/p>\n","protected":false},"excerpt":{"rendered":"<p>Keine guten Tage. Wir hier auf Teneriffa, die wir all unsere jahrelangen Winter &#8211; und Sommerkontakte verloren haben &#8211; weil unsere internationalen Freunde wegen CORONA nicht mehr reisen k\u00f6nnen, wir auch auch nicht unsere Freunde, Familien in GERMANY besuchen k\u00f6nnen &#8211; sind wir mit 56 neuen F\u00e4llen seit gestern und einem Todesfall &#8211; in sichereren&hellip; <a class=\"more-link\" href=\"https:\/\/feminissima.de\/index.php\/2021\/01\/14\/pandemie-oder-ein-leben-auf-der-lauer\/\"><span class=\"screen-reader-text\">Pandemie &#8211; oder ein Leben auf der Lauer<\/span> weiterlesen<\/a><\/p>\n","protected":false},"author":3,"featured_media":0,"comment_status":"closed","ping_status":"closed","sticky":false,"template":"","format":"standard","meta":{"footnotes":""},"categories":[6],"tags":[],"class_list":["post-88065","post","type-post","status-publish","format-standard","hentry","category-femleben","entry"],"yoast_head":"<!-- This site is optimized with the Yoast SEO plugin v21.0 - https:\/\/yoast.com\/wordpress\/plugins\/seo\/ -->\n<title>Pandemie - oder ein Leben auf der Lauer - Feminissima<\/title>\n<meta name=\"robots\" content=\"index, follow, max-snippet:-1, max-image-preview:large, max-video-preview:-1\" \/>\n<link rel=\"canonical\" href=\"https:\/\/feminissima.de\/index.php\/2021\/01\/14\/pandemie-oder-ein-leben-auf-der-lauer\/\" \/>\n<meta property=\"og:locale\" content=\"de_DE\" \/>\n<meta property=\"og:type\" content=\"article\" \/>\n<meta property=\"og:title\" content=\"Pandemie - oder ein Leben auf der Lauer - Feminissima\" \/>\n<meta property=\"og:description\" content=\"Keine guten Tage. Wir hier auf Teneriffa, die wir all unsere jahrelangen Winter &#8211; und Sommerkontakte verloren haben &#8211; weil unsere internationalen Freunde wegen CORONA nicht mehr reisen k\u00f6nnen, wir auch auch nicht unsere Freunde, Familien in GERMANY besuchen k\u00f6nnen &#8211; sind wir mit 56 neuen F\u00e4llen seit gestern und einem Todesfall &#8211; in sichereren&hellip; Pandemie &#8211; oder ein Leben auf der Lauer weiterlesen\" \/>\n<meta property=\"og:url\" content=\"https:\/\/feminissima.de\/index.php\/2021\/01\/14\/pandemie-oder-ein-leben-auf-der-lauer\/\" \/>\n<meta property=\"og:site_name\" content=\"Feminissima\" \/>\n<meta property=\"article:published_time\" content=\"2021-01-14T06:29:09+00:00\" \/>\n<meta name=\"author\" content=\"fem\" \/>\n<meta name=\"twitter:card\" content=\"summary_large_image\" \/>\n<meta name=\"twitter:label1\" content=\"Verfasst von\" \/>\n\t<meta name=\"twitter:data1\" content=\"fem\" \/>\n\t<meta name=\"twitter:label2\" content=\"Gesch\u00e4tzte Lesezeit\" \/>\n\t<meta name=\"twitter:data2\" content=\"1\u00a0Minute\" \/>\n<script type=\"application\/ld+json\" class=\"yoast-schema-graph\">{\"@context\":\"https:\/\/schema.org\",\"@graph\":[{\"@type\":\"WebPage\",\"@id\":\"https:\/\/feminissima.de\/index.php\/2021\/01\/14\/pandemie-oder-ein-leben-auf-der-lauer\/\",\"url\":\"https:\/\/feminissima.de\/index.php\/2021\/01\/14\/pandemie-oder-ein-leben-auf-der-lauer\/\",\"name\":\"Pandemie - oder ein Leben auf der Lauer - Feminissima\",\"isPartOf\":{\"@id\":\"https:\/\/feminissima.de\/#website\"},\"datePublished\":\"2021-01-14T06:29:09+00:00\",\"dateModified\":\"2021-01-14T06:29:09+00:00\",\"author\":{\"@id\":\"https:\/\/feminissima.de\/#\/schema\/person\/5dea0fc707e9da59266a47da2f9a8210\"},\"breadcrumb\":{\"@id\":\"https:\/\/feminissima.de\/index.php\/2021\/01\/14\/pandemie-oder-ein-leben-auf-der-lauer\/#breadcrumb\"},\"inLanguage\":\"de\",\"potentialAction\":[{\"@type\":\"ReadAction\",\"target\":[\"https:\/\/feminissima.de\/index.php\/2021\/01\/14\/pandemie-oder-ein-leben-auf-der-lauer\/\"]}]},{\"@type\":\"BreadcrumbList\",\"@id\":\"https:\/\/feminissima.de\/index.php\/2021\/01\/14\/pandemie-oder-ein-leben-auf-der-lauer\/#breadcrumb\",\"itemListElement\":[{\"@type\":\"ListItem\",\"position\":1,\"name\":\"Startseite\",\"item\":\"https:\/\/feminissima.de\/\"},{\"@type\":\"ListItem\",\"position\":2,\"name\":\"Pandemie &#8211; oder ein Leben auf der Lauer\"}]},{\"@type\":\"WebSite\",\"@id\":\"https:\/\/feminissima.de\/#website\",\"url\":\"https:\/\/feminissima.de\/\",\"name\":\"Feminissima\",\"description\":\"\",\"potentialAction\":[{\"@type\":\"SearchAction\",\"target\":{\"@type\":\"EntryPoint\",\"urlTemplate\":\"https:\/\/feminissima.de\/?s={search_term_string}\"},\"query-input\":\"required name=search_term_string\"}],\"inLanguage\":\"de\"},{\"@type\":\"Person\",\"@id\":\"https:\/\/feminissima.de\/#\/schema\/person\/5dea0fc707e9da59266a47da2f9a8210\",\"name\":\"fem\",\"image\":{\"@type\":\"ImageObject\",\"inLanguage\":\"de\",\"@id\":\"https:\/\/feminissima.de\/#\/schema\/person\/image\/\",\"url\":\"https:\/\/secure.gravatar.com\/avatar\/892e878e26ee6e7c1689c0b5183da4949c35fb291d0554f021db478bb42e3226?s=96&d=mm&r=g\",\"contentUrl\":\"https:\/\/secure.gravatar.com\/avatar\/892e878e26ee6e7c1689c0b5183da4949c35fb291d0554f021db478bb42e3226?s=96&d=mm&r=g\",\"caption\":\"fem\"},\"url\":\"https:\/\/feminissima.de\/index.php\/author\/fem\/\"}]}<\/script>\n<!-- \/ Yoast SEO plugin. -->","yoast_head_json":{"title":"Pandemie - oder ein Leben auf der Lauer - Feminissima","robots":{"index":"index","follow":"follow","max-snippet":"max-snippet:-1","max-image-preview":"max-image-preview:large","max-video-preview":"max-video-preview:-1"},"canonical":"https:\/\/feminissima.de\/index.php\/2021\/01\/14\/pandemie-oder-ein-leben-auf-der-lauer\/","og_locale":"de_DE","og_type":"article","og_title":"Pandemie - oder ein Leben auf der Lauer - Feminissima","og_description":"Keine guten Tage. Wir hier auf Teneriffa, die wir all unsere jahrelangen Winter &#8211; und Sommerkontakte verloren haben &#8211; weil unsere internationalen Freunde wegen CORONA nicht mehr reisen k\u00f6nnen, wir auch auch nicht unsere Freunde, Familien in GERMANY besuchen k\u00f6nnen &#8211; sind wir mit 56 neuen F\u00e4llen seit gestern und einem Todesfall &#8211; in sichereren&hellip; Pandemie &#8211; oder ein Leben auf der Lauer weiterlesen","og_url":"https:\/\/feminissima.de\/index.php\/2021\/01\/14\/pandemie-oder-ein-leben-auf-der-lauer\/","og_site_name":"Feminissima","article_published_time":"2021-01-14T06:29:09+00:00","author":"fem","twitter_card":"summary_large_image","twitter_misc":{"Verfasst von":"fem","Gesch\u00e4tzte Lesezeit":"1\u00a0Minute"},"schema":{"@context":"https:\/\/schema.org","@graph":[{"@type":"WebPage","@id":"https:\/\/feminissima.de\/index.php\/2021\/01\/14\/pandemie-oder-ein-leben-auf-der-lauer\/","url":"https:\/\/feminissima.de\/index.php\/2021\/01\/14\/pandemie-oder-ein-leben-auf-der-lauer\/","name":"Pandemie - oder ein Leben auf der Lauer - Feminissima","isPartOf":{"@id":"https:\/\/feminissima.de\/#website"},"datePublished":"2021-01-14T06:29:09+00:00","dateModified":"2021-01-14T06:29:09+00:00","author":{"@id":"https:\/\/feminissima.de\/#\/schema\/person\/5dea0fc707e9da59266a47da2f9a8210"},"breadcrumb":{"@id":"https:\/\/feminissima.de\/index.php\/2021\/01\/14\/pandemie-oder-ein-leben-auf-der-lauer\/#breadcrumb"},"inLanguage":"de","potentialAction":[{"@type":"ReadAction","target":["https:\/\/feminissima.de\/index.php\/2021\/01\/14\/pandemie-oder-ein-leben-auf-der-lauer\/"]}]},{"@type":"BreadcrumbList","@id":"https:\/\/feminissima.de\/index.php\/2021\/01\/14\/pandemie-oder-ein-leben-auf-der-lauer\/#breadcrumb","itemListElement":[{"@type":"ListItem","position":1,"name":"Startseite","item":"https:\/\/feminissima.de\/"},{"@type":"ListItem","position":2,"name":"Pandemie &#8211; oder ein Leben auf der Lauer"}]},{"@type":"WebSite","@id":"https:\/\/feminissima.de\/#website","url":"https:\/\/feminissima.de\/","name":"Feminissima","description":"","potentialAction":[{"@type":"SearchAction","target":{"@type":"EntryPoint","urlTemplate":"https:\/\/feminissima.de\/?s={search_term_string}"},"query-input":"required name=search_term_string"}],"inLanguage":"de"},{"@type":"Person","@id":"https:\/\/feminissima.de\/#\/schema\/person\/5dea0fc707e9da59266a47da2f9a8210","name":"fem","image":{"@type":"ImageObject","inLanguage":"de","@id":"https:\/\/feminissima.de\/#\/schema\/person\/image\/","url":"https:\/\/secure.gravatar.com\/avatar\/892e878e26ee6e7c1689c0b5183da4949c35fb291d0554f021db478bb42e3226?s=96&d=mm&r=g","contentUrl":"https:\/\/secure.gravatar.com\/avatar\/892e878e26ee6e7c1689c0b5183da4949c35fb291d0554f021db478bb42e3226?s=96&d=mm&r=g","caption":"fem"},"url":"https:\/\/feminissima.de\/index.php\/author\/fem\/"}]}},"jetpack_featured_media_url":"","_links":{"self":[{"href":"https:\/\/feminissima.de\/index.php\/wp-json\/wp\/v2\/posts\/88065","targetHints":{"allow":["GET"]}}],"collection":[{"href":"https:\/\/feminissima.de\/index.php\/wp-json\/wp\/v2\/posts"}],"about":[{"href":"https:\/\/feminissima.de\/index.php\/wp-json\/wp\/v2\/types\/post"}],"author":[{"embeddable":true,"href":"https:\/\/feminissima.de\/index.php\/wp-json\/wp\/v2\/users\/3"}],"replies":[{"embeddable":true,"href":"https:\/\/feminissima.de\/index.php\/wp-json\/wp\/v2\/comments?post=88065"}],"version-history":[{"count":0,"href":"https:\/\/feminissima.de\/index.php\/wp-json\/wp\/v2\/posts\/88065\/revisions"}],"wp:attachment":[{"href":"https:\/\/feminissima.de\/index.php\/wp-json\/wp\/v2\/media?parent=88065"}],"wp:term":[{"taxonomy":"category","embeddable":true,"href":"https:\/\/feminissima.de\/index.php\/wp-json\/wp\/v2\/categories?post=88065"},{"taxonomy":"post_tag","embeddable":true,"href":"https:\/\/feminissima.de\/index.php\/wp-json\/wp\/v2\/tags?post=88065"}],"curies":[{"name":"wp","href":"https:\/\/api.w.org\/{rel}","templated":true}]}}