{"id":88060,"date":"2021-01-13T15:13:29","date_gmt":"2021-01-13T13:13:29","guid":{"rendered":"http:\/\/www.feminissima.de\/?p=88060"},"modified":"2021-01-13T15:13:29","modified_gmt":"2021-01-13T13:13:29","slug":"und-schon-januar-2021-und-die-pandemie-noch-langst-nicht-im-griff","status":"publish","type":"post","link":"https:\/\/feminissima.de\/index.php\/2021\/01\/13\/und-schon-januar-2021-und-die-pandemie-noch-langst-nicht-im-griff\/","title":{"rendered":"-und schon Januar 2021 und die Pandemie noch l\u00e4ngst nicht &#8222;im Griff&#8220;"},"content":{"rendered":"<p>Guten Tag, fast Mittag &#8211; 12 Uhr 59 auf Teneriffa.<br \/>\nDer Schreibflu\u00df will noch nicht wieder so richtig&#8230; Ihr Lieben  &#8211;<br \/>\ndazu hakt es derzeit zu sehr, \u00fcberall, an allen Ecken und Kanten,sozusagen. Gerade in Deutschland. Dabei hocken doch dort &#8211; so geben sie sich &#8211; die Allesbesserwisser &#8211; Oberlehrerin Angela Merkel allen voran, vorwurfsvolle Gouvernantenmiene, Stimme, im Tonfall mancher Grabesrede nicht un\u00e4hnlich- ja, wir sind nat\u00fcrlich alle selbst schuld. Wir machen grunds\u00e4tzlich alles falsch, wir B\u00fcrger. Grobe Organisationsfehler via Regierung, pardon, der Corona-Regierung in Berlin und einigen Bundesl\u00e4ndern &#8211; werden mit &#8222;r\u00e4umten Fehler ein&#8220; &#8211; abgetan. Einer dieser &#8222;Fehler&#8220; &#8211; zu wenig Impfstoff vorr\u00e4tig und zugleich nach Impfpflicht rufen. Dieses falsche Spiel, der B\u00fcrger ist nicht grunds\u00e4tzlich doof, f\u00e4llt selbst den bravsten citizens auf&#8230;. Und nun kannst du in der BILD lesen (gestern) &#8211; dass die ebenfalls von Berlin verf\u00fcgte Impf-Anweisung &#8211; DIE \u00c4LTESTEN ZUERST &#8211; durchaus nicht verfassungskonform ist &#8211; Da die Verfassung keine Unterschiede vorsieht &#8211; sondern es mu\u00df f\u00fcr alle B\u00fcrger gen\u00fcgend Impfstoff vorhanden sein, ist es aber nicht. Und automatisch w\u00fcrdest du eher an Lehrerinnen und Lehrer, das Kita- Personal denken, und die Mitarbeiter\/innen in den Alten- und Pflegeheimen, die, sofern m\u00f6glich, was aber nicht&#8230; naja, die aber wollen derzeit nicht wirklich &#8211; geimpft werden.. Widerspr\u00fcche also \u00fcberall. Pl\u00f6tzlich gen\u00fcgen auch die bisherigen Masken nicht mehr, sofern sie (anders als in Spanien, Mascarilla-Pflicht, die bei Verletzung sofort geahndet wird..) \u00fcberhaupt in GER getragen worden sind. Alles drunter und dr\u00fcber&#8230; Wir sehn uns &#8211; 13:09 Uhr auf Teneriffa &#8211; Der Regen hat sich mal zur\u00fcckgezogen, vermutlich nur kurz. Hier das erste mal in nun fast 6 Jahren &#8211; (nicht die fr\u00fcheren Jahre dazugez\u00e4hlt ), dass sich Wintergef\u00fchle einstellen, und &#8222;hace frio!&#8220; &#8211; es ist kalt &#8211; so oft zu h\u00f6ren ist, wie im Hochsommer  &#8222;hace calor!&#8220; &#8211; es ist hei\u00df, was..?&#8220; &#8211; ja, der Teide ganz in Wei\u00df &#8211; pr\u00e4chtig&#8230; auch wenn wir hier von Puerto de la Cruz nur seine Spitze sehen. Aber schon auf dem Weg nach Icod de los Vinos &#8211; zeigt er sich breitwandig, eindrucksvoll&#8230; mal nach Icod fahren, mit dem Bus, ehe der Schnell weg-getaut ist&#8230; <\/p>\n","protected":false},"excerpt":{"rendered":"<p>Guten Tag, fast Mittag &#8211; 12 Uhr 59 auf Teneriffa. Der Schreibflu\u00df will noch nicht wieder so richtig&#8230; Ihr Lieben &#8211; dazu hakt es derzeit zu sehr, \u00fcberall, an allen Ecken und Kanten,sozusagen. Gerade in Deutschland. Dabei hocken doch dort &#8211; so geben sie sich &#8211; die Allesbesserwisser &#8211; Oberlehrerin Angela Merkel allen voran, vorwurfsvolle&hellip; <a class=\"more-link\" href=\"https:\/\/feminissima.de\/index.php\/2021\/01\/13\/und-schon-januar-2021-und-die-pandemie-noch-langst-nicht-im-griff\/\"><span class=\"screen-reader-text\">-und schon Januar 2021 und die Pandemie noch l\u00e4ngst nicht &#8222;im Griff&#8220;<\/span> weiterlesen<\/a><\/p>\n","protected":false},"author":3,"featured_media":0,"comment_status":"closed","ping_status":"closed","sticky":false,"template":"","format":"standard","meta":{"footnotes":""},"categories":[6],"tags":[],"class_list":["post-88060","post","type-post","status-publish","format-standard","hentry","category-femleben","entry"],"yoast_head":"<!-- This site is optimized with the Yoast SEO plugin v21.0 - https:\/\/yoast.com\/wordpress\/plugins\/seo\/ -->\n<title>-und schon Januar 2021 und die Pandemie noch l\u00e4ngst nicht &quot;im Griff&quot; - Feminissima<\/title>\n<meta name=\"robots\" content=\"index, follow, max-snippet:-1, max-image-preview:large, max-video-preview:-1\" \/>\n<link rel=\"canonical\" href=\"https:\/\/feminissima.de\/index.php\/2021\/01\/13\/und-schon-januar-2021-und-die-pandemie-noch-langst-nicht-im-griff\/\" \/>\n<meta property=\"og:locale\" content=\"de_DE\" \/>\n<meta property=\"og:type\" content=\"article\" \/>\n<meta property=\"og:title\" content=\"-und schon Januar 2021 und die Pandemie noch l\u00e4ngst nicht &quot;im Griff&quot; - Feminissima\" \/>\n<meta property=\"og:description\" content=\"Guten Tag, fast Mittag &#8211; 12 Uhr 59 auf Teneriffa. Der Schreibflu\u00df will noch nicht wieder so richtig&#8230; Ihr Lieben &#8211; dazu hakt es derzeit zu sehr, \u00fcberall, an allen Ecken und Kanten,sozusagen. Gerade in Deutschland. Dabei hocken doch dort &#8211; so geben sie sich &#8211; die Allesbesserwisser &#8211; Oberlehrerin Angela Merkel allen voran, vorwurfsvolle&hellip; -und schon Januar 2021 und die Pandemie noch l\u00e4ngst nicht &#8222;im Griff&#8220; weiterlesen\" \/>\n<meta property=\"og:url\" content=\"https:\/\/feminissima.de\/index.php\/2021\/01\/13\/und-schon-januar-2021-und-die-pandemie-noch-langst-nicht-im-griff\/\" \/>\n<meta property=\"og:site_name\" content=\"Feminissima\" \/>\n<meta property=\"article:published_time\" content=\"2021-01-13T13:13:29+00:00\" \/>\n<meta name=\"author\" content=\"fem\" \/>\n<meta name=\"twitter:card\" content=\"summary_large_image\" \/>\n<meta name=\"twitter:label1\" content=\"Verfasst von\" \/>\n\t<meta name=\"twitter:data1\" content=\"fem\" \/>\n\t<meta name=\"twitter:label2\" content=\"Gesch\u00e4tzte Lesezeit\" \/>\n\t<meta name=\"twitter:data2\" content=\"2\u00a0Minuten\" \/>\n<script type=\"application\/ld+json\" class=\"yoast-schema-graph\">{\"@context\":\"https:\/\/schema.org\",\"@graph\":[{\"@type\":\"WebPage\",\"@id\":\"https:\/\/feminissima.de\/index.php\/2021\/01\/13\/und-schon-januar-2021-und-die-pandemie-noch-langst-nicht-im-griff\/\",\"url\":\"https:\/\/feminissima.de\/index.php\/2021\/01\/13\/und-schon-januar-2021-und-die-pandemie-noch-langst-nicht-im-griff\/\",\"name\":\"-und schon Januar 2021 und die Pandemie noch l\u00e4ngst nicht \\\"im Griff\\\" - Feminissima\",\"isPartOf\":{\"@id\":\"https:\/\/feminissima.de\/#website\"},\"datePublished\":\"2021-01-13T13:13:29+00:00\",\"dateModified\":\"2021-01-13T13:13:29+00:00\",\"author\":{\"@id\":\"https:\/\/feminissima.de\/#\/schema\/person\/5dea0fc707e9da59266a47da2f9a8210\"},\"breadcrumb\":{\"@id\":\"https:\/\/feminissima.de\/index.php\/2021\/01\/13\/und-schon-januar-2021-und-die-pandemie-noch-langst-nicht-im-griff\/#breadcrumb\"},\"inLanguage\":\"de\",\"potentialAction\":[{\"@type\":\"ReadAction\",\"target\":[\"https:\/\/feminissima.de\/index.php\/2021\/01\/13\/und-schon-januar-2021-und-die-pandemie-noch-langst-nicht-im-griff\/\"]}]},{\"@type\":\"BreadcrumbList\",\"@id\":\"https:\/\/feminissima.de\/index.php\/2021\/01\/13\/und-schon-januar-2021-und-die-pandemie-noch-langst-nicht-im-griff\/#breadcrumb\",\"itemListElement\":[{\"@type\":\"ListItem\",\"position\":1,\"name\":\"Startseite\",\"item\":\"https:\/\/feminissima.de\/\"},{\"@type\":\"ListItem\",\"position\":2,\"name\":\"-und schon Januar 2021 und die Pandemie noch l\u00e4ngst nicht &#8222;im Griff&#8220;\"}]},{\"@type\":\"WebSite\",\"@id\":\"https:\/\/feminissima.de\/#website\",\"url\":\"https:\/\/feminissima.de\/\",\"name\":\"Feminissima\",\"description\":\"\",\"potentialAction\":[{\"@type\":\"SearchAction\",\"target\":{\"@type\":\"EntryPoint\",\"urlTemplate\":\"https:\/\/feminissima.de\/?s={search_term_string}\"},\"query-input\":\"required name=search_term_string\"}],\"inLanguage\":\"de\"},{\"@type\":\"Person\",\"@id\":\"https:\/\/feminissima.de\/#\/schema\/person\/5dea0fc707e9da59266a47da2f9a8210\",\"name\":\"fem\",\"image\":{\"@type\":\"ImageObject\",\"inLanguage\":\"de\",\"@id\":\"https:\/\/feminissima.de\/#\/schema\/person\/image\/\",\"url\":\"https:\/\/secure.gravatar.com\/avatar\/892e878e26ee6e7c1689c0b5183da4949c35fb291d0554f021db478bb42e3226?s=96&d=mm&r=g\",\"contentUrl\":\"https:\/\/secure.gravatar.com\/avatar\/892e878e26ee6e7c1689c0b5183da4949c35fb291d0554f021db478bb42e3226?s=96&d=mm&r=g\",\"caption\":\"fem\"},\"url\":\"https:\/\/feminissima.de\/index.php\/author\/fem\/\"}]}<\/script>\n<!-- \/ Yoast SEO plugin. -->","yoast_head_json":{"title":"-und schon Januar 2021 und die Pandemie noch l\u00e4ngst nicht \"im Griff\" - Feminissima","robots":{"index":"index","follow":"follow","max-snippet":"max-snippet:-1","max-image-preview":"max-image-preview:large","max-video-preview":"max-video-preview:-1"},"canonical":"https:\/\/feminissima.de\/index.php\/2021\/01\/13\/und-schon-januar-2021-und-die-pandemie-noch-langst-nicht-im-griff\/","og_locale":"de_DE","og_type":"article","og_title":"-und schon Januar 2021 und die Pandemie noch l\u00e4ngst nicht \"im Griff\" - Feminissima","og_description":"Guten Tag, fast Mittag &#8211; 12 Uhr 59 auf Teneriffa. Der Schreibflu\u00df will noch nicht wieder so richtig&#8230; Ihr Lieben &#8211; dazu hakt es derzeit zu sehr, \u00fcberall, an allen Ecken und Kanten,sozusagen. Gerade in Deutschland. Dabei hocken doch dort &#8211; so geben sie sich &#8211; die Allesbesserwisser &#8211; Oberlehrerin Angela Merkel allen voran, vorwurfsvolle&hellip; -und schon Januar 2021 und die Pandemie noch l\u00e4ngst nicht &#8222;im Griff&#8220; weiterlesen","og_url":"https:\/\/feminissima.de\/index.php\/2021\/01\/13\/und-schon-januar-2021-und-die-pandemie-noch-langst-nicht-im-griff\/","og_site_name":"Feminissima","article_published_time":"2021-01-13T13:13:29+00:00","author":"fem","twitter_card":"summary_large_image","twitter_misc":{"Verfasst von":"fem","Gesch\u00e4tzte Lesezeit":"2\u00a0Minuten"},"schema":{"@context":"https:\/\/schema.org","@graph":[{"@type":"WebPage","@id":"https:\/\/feminissima.de\/index.php\/2021\/01\/13\/und-schon-januar-2021-und-die-pandemie-noch-langst-nicht-im-griff\/","url":"https:\/\/feminissima.de\/index.php\/2021\/01\/13\/und-schon-januar-2021-und-die-pandemie-noch-langst-nicht-im-griff\/","name":"-und schon Januar 2021 und die Pandemie noch l\u00e4ngst nicht \"im Griff\" - Feminissima","isPartOf":{"@id":"https:\/\/feminissima.de\/#website"},"datePublished":"2021-01-13T13:13:29+00:00","dateModified":"2021-01-13T13:13:29+00:00","author":{"@id":"https:\/\/feminissima.de\/#\/schema\/person\/5dea0fc707e9da59266a47da2f9a8210"},"breadcrumb":{"@id":"https:\/\/feminissima.de\/index.php\/2021\/01\/13\/und-schon-januar-2021-und-die-pandemie-noch-langst-nicht-im-griff\/#breadcrumb"},"inLanguage":"de","potentialAction":[{"@type":"ReadAction","target":["https:\/\/feminissima.de\/index.php\/2021\/01\/13\/und-schon-januar-2021-und-die-pandemie-noch-langst-nicht-im-griff\/"]}]},{"@type":"BreadcrumbList","@id":"https:\/\/feminissima.de\/index.php\/2021\/01\/13\/und-schon-januar-2021-und-die-pandemie-noch-langst-nicht-im-griff\/#breadcrumb","itemListElement":[{"@type":"ListItem","position":1,"name":"Startseite","item":"https:\/\/feminissima.de\/"},{"@type":"ListItem","position":2,"name":"-und schon Januar 2021 und die Pandemie noch l\u00e4ngst nicht &#8222;im Griff&#8220;"}]},{"@type":"WebSite","@id":"https:\/\/feminissima.de\/#website","url":"https:\/\/feminissima.de\/","name":"Feminissima","description":"","potentialAction":[{"@type":"SearchAction","target":{"@type":"EntryPoint","urlTemplate":"https:\/\/feminissima.de\/?s={search_term_string}"},"query-input":"required name=search_term_string"}],"inLanguage":"de"},{"@type":"Person","@id":"https:\/\/feminissima.de\/#\/schema\/person\/5dea0fc707e9da59266a47da2f9a8210","name":"fem","image":{"@type":"ImageObject","inLanguage":"de","@id":"https:\/\/feminissima.de\/#\/schema\/person\/image\/","url":"https:\/\/secure.gravatar.com\/avatar\/892e878e26ee6e7c1689c0b5183da4949c35fb291d0554f021db478bb42e3226?s=96&d=mm&r=g","contentUrl":"https:\/\/secure.gravatar.com\/avatar\/892e878e26ee6e7c1689c0b5183da4949c35fb291d0554f021db478bb42e3226?s=96&d=mm&r=g","caption":"fem"},"url":"https:\/\/feminissima.de\/index.php\/author\/fem\/"}]}},"jetpack_featured_media_url":"","_links":{"self":[{"href":"https:\/\/feminissima.de\/index.php\/wp-json\/wp\/v2\/posts\/88060","targetHints":{"allow":["GET"]}}],"collection":[{"href":"https:\/\/feminissima.de\/index.php\/wp-json\/wp\/v2\/posts"}],"about":[{"href":"https:\/\/feminissima.de\/index.php\/wp-json\/wp\/v2\/types\/post"}],"author":[{"embeddable":true,"href":"https:\/\/feminissima.de\/index.php\/wp-json\/wp\/v2\/users\/3"}],"replies":[{"embeddable":true,"href":"https:\/\/feminissima.de\/index.php\/wp-json\/wp\/v2\/comments?post=88060"}],"version-history":[{"count":0,"href":"https:\/\/feminissima.de\/index.php\/wp-json\/wp\/v2\/posts\/88060\/revisions"}],"wp:attachment":[{"href":"https:\/\/feminissima.de\/index.php\/wp-json\/wp\/v2\/media?parent=88060"}],"wp:term":[{"taxonomy":"category","embeddable":true,"href":"https:\/\/feminissima.de\/index.php\/wp-json\/wp\/v2\/categories?post=88060"},{"taxonomy":"post_tag","embeddable":true,"href":"https:\/\/feminissima.de\/index.php\/wp-json\/wp\/v2\/tags?post=88060"}],"curies":[{"name":"wp","href":"https:\/\/api.w.org\/{rel}","templated":true}]}}