{"id":88046,"date":"2020-08-20T20:33:38","date_gmt":"2020-08-20T18:33:38","guid":{"rendered":"http:\/\/www.feminissima.de\/?p=88046"},"modified":"2020-08-20T20:33:38","modified_gmt":"2020-08-20T18:33:38","slug":"das-fette-fettnapchen-von-ach-wie-hies-sie-noch-amelie-fried-oder-so-und-wie-sandra-maischberger-den-precht-zum-leben-erweckte","status":"publish","type":"post","link":"https:\/\/feminissima.de\/index.php\/2020\/08\/20\/das-fette-fettnapchen-von-ach-wie-hies-sie-noch-amelie-fried-oder-so-und-wie-sandra-maischberger-den-precht-zum-leben-erweckte\/","title":{"rendered":"Das fette Fettn\u00e4pchen von, ach wie hie\u00df sie noch, Amelie Fried oder so, und wie Sandra Maischberger den Precht zum Leben erweckte.."},"content":{"rendered":"<p>Arrogant, manieriert, wie immer, ich fand sie schon bei 3 nach 9 &#8211; als komplette Fehlbesetzung in ihrer begrenzten bayerischen Eitelkeit, Amelie Fried, die VorgartenAutorin&#8230; Gestern bei Maischberger, bezeichnete sie den neuen Kandidaten als hopefully Nachfolger von Trump &#8211; als &#8222;Kurz vor der Demenz&#8220;&#8230; toll. Solche G\u00e4ste machen dir die Sendung kaputt. Sandra Maischberger sah blendend aus, war gut in Form, zuckte kurz &#8211; aber routiniert, zusammen, rettete sich in ihr L\u00e4cheln und fuhr fort&#8230;<br \/>\nInsgesam waren die 3 G\u00e4ste, nicht unbekannt,ziemlich langweilig. Wie erstarrt, irgendwie.<br \/>\nDaf\u00fcr schaffte es Sandra Maischberger den Philosophen PRECHT erstmals zum Leben zu erwecken.!. Auch wenn sie leicht &#8211; oder ..mehr&#8230;schockiert schien, zwischendurch, weil er so politisch, konkret, unverhohlen, wunderbar&#8230;. Das Gespr\u00e4ch machte es wert&#8230; Super.<br \/>\nPuerto de la Cruz \/Teneriffa  \/ 19 Uhr 49 \/ Bis bald wieder..<\/p>\n","protected":false},"excerpt":{"rendered":"<p>Arrogant, manieriert, wie immer, ich fand sie schon bei 3 nach 9 &#8211; als komplette Fehlbesetzung in ihrer begrenzten bayerischen Eitelkeit, Amelie Fried, die VorgartenAutorin&#8230; Gestern bei Maischberger, bezeichnete sie den neuen Kandidaten als hopefully Nachfolger von Trump &#8211; als &#8222;Kurz vor der Demenz&#8220;&#8230; toll. Solche G\u00e4ste machen dir die Sendung kaputt. Sandra Maischberger sah&hellip; <a class=\"more-link\" href=\"https:\/\/feminissima.de\/index.php\/2020\/08\/20\/das-fette-fettnapchen-von-ach-wie-hies-sie-noch-amelie-fried-oder-so-und-wie-sandra-maischberger-den-precht-zum-leben-erweckte\/\"><span class=\"screen-reader-text\">Das fette Fettn\u00e4pchen von, ach wie hie\u00df sie noch, Amelie Fried oder so, und wie Sandra Maischberger den Precht zum Leben erweckte..<\/span> weiterlesen<\/a><\/p>\n","protected":false},"author":3,"featured_media":0,"comment_status":"closed","ping_status":"closed","sticky":false,"template":"","format":"standard","meta":{"footnotes":""},"categories":[6],"tags":[],"class_list":["post-88046","post","type-post","status-publish","format-standard","hentry","category-femleben","entry"],"yoast_head":"<!-- This site is optimized with the Yoast SEO plugin v21.0 - https:\/\/yoast.com\/wordpress\/plugins\/seo\/ -->\n<title>Das fette Fettn\u00e4pchen von, ach wie hie\u00df sie noch, Amelie Fried oder so, und wie Sandra Maischberger den Precht zum Leben erweckte.. - Feminissima<\/title>\n<meta name=\"robots\" content=\"index, follow, max-snippet:-1, max-image-preview:large, max-video-preview:-1\" \/>\n<link rel=\"canonical\" href=\"https:\/\/feminissima.de\/index.php\/2020\/08\/20\/das-fette-fettnapchen-von-ach-wie-hies-sie-noch-amelie-fried-oder-so-und-wie-sandra-maischberger-den-precht-zum-leben-erweckte\/\" \/>\n<meta property=\"og:locale\" content=\"de_DE\" \/>\n<meta property=\"og:type\" content=\"article\" \/>\n<meta property=\"og:title\" content=\"Das fette Fettn\u00e4pchen von, ach wie hie\u00df sie noch, Amelie Fried oder so, und wie Sandra Maischberger den Precht zum Leben erweckte.. - Feminissima\" \/>\n<meta property=\"og:description\" content=\"Arrogant, manieriert, wie immer, ich fand sie schon bei 3 nach 9 &#8211; als komplette Fehlbesetzung in ihrer begrenzten bayerischen Eitelkeit, Amelie Fried, die VorgartenAutorin&#8230; Gestern bei Maischberger, bezeichnete sie den neuen Kandidaten als hopefully Nachfolger von Trump &#8211; als &#8222;Kurz vor der Demenz&#8220;&#8230; toll. Solche G\u00e4ste machen dir die Sendung kaputt. Sandra Maischberger sah&hellip; Das fette Fettn\u00e4pchen von, ach wie hie\u00df sie noch, Amelie Fried oder so, und wie Sandra Maischberger den Precht zum Leben erweckte.. weiterlesen\" \/>\n<meta property=\"og:url\" content=\"https:\/\/feminissima.de\/index.php\/2020\/08\/20\/das-fette-fettnapchen-von-ach-wie-hies-sie-noch-amelie-fried-oder-so-und-wie-sandra-maischberger-den-precht-zum-leben-erweckte\/\" \/>\n<meta property=\"og:site_name\" content=\"Feminissima\" \/>\n<meta property=\"article:published_time\" content=\"2020-08-20T18:33:38+00:00\" \/>\n<meta name=\"author\" content=\"fem\" \/>\n<meta name=\"twitter:card\" content=\"summary_large_image\" \/>\n<meta name=\"twitter:label1\" content=\"Verfasst von\" \/>\n\t<meta name=\"twitter:data1\" content=\"fem\" \/>\n\t<meta name=\"twitter:label2\" content=\"Gesch\u00e4tzte Lesezeit\" \/>\n\t<meta name=\"twitter:data2\" content=\"1\u00a0Minute\" \/>\n<script type=\"application\/ld+json\" class=\"yoast-schema-graph\">{\"@context\":\"https:\/\/schema.org\",\"@graph\":[{\"@type\":\"WebPage\",\"@id\":\"https:\/\/feminissima.de\/index.php\/2020\/08\/20\/das-fette-fettnapchen-von-ach-wie-hies-sie-noch-amelie-fried-oder-so-und-wie-sandra-maischberger-den-precht-zum-leben-erweckte\/\",\"url\":\"https:\/\/feminissima.de\/index.php\/2020\/08\/20\/das-fette-fettnapchen-von-ach-wie-hies-sie-noch-amelie-fried-oder-so-und-wie-sandra-maischberger-den-precht-zum-leben-erweckte\/\",\"name\":\"Das fette Fettn\u00e4pchen von, ach wie hie\u00df sie noch, Amelie Fried oder so, und wie Sandra Maischberger den Precht zum Leben erweckte.. - Feminissima\",\"isPartOf\":{\"@id\":\"https:\/\/feminissima.de\/#website\"},\"datePublished\":\"2020-08-20T18:33:38+00:00\",\"dateModified\":\"2020-08-20T18:33:38+00:00\",\"author\":{\"@id\":\"https:\/\/feminissima.de\/#\/schema\/person\/5dea0fc707e9da59266a47da2f9a8210\"},\"breadcrumb\":{\"@id\":\"https:\/\/feminissima.de\/index.php\/2020\/08\/20\/das-fette-fettnapchen-von-ach-wie-hies-sie-noch-amelie-fried-oder-so-und-wie-sandra-maischberger-den-precht-zum-leben-erweckte\/#breadcrumb\"},\"inLanguage\":\"de\",\"potentialAction\":[{\"@type\":\"ReadAction\",\"target\":[\"https:\/\/feminissima.de\/index.php\/2020\/08\/20\/das-fette-fettnapchen-von-ach-wie-hies-sie-noch-amelie-fried-oder-so-und-wie-sandra-maischberger-den-precht-zum-leben-erweckte\/\"]}]},{\"@type\":\"BreadcrumbList\",\"@id\":\"https:\/\/feminissima.de\/index.php\/2020\/08\/20\/das-fette-fettnapchen-von-ach-wie-hies-sie-noch-amelie-fried-oder-so-und-wie-sandra-maischberger-den-precht-zum-leben-erweckte\/#breadcrumb\",\"itemListElement\":[{\"@type\":\"ListItem\",\"position\":1,\"name\":\"Startseite\",\"item\":\"https:\/\/feminissima.de\/\"},{\"@type\":\"ListItem\",\"position\":2,\"name\":\"Das fette Fettn\u00e4pchen von, ach wie hie\u00df sie noch, Amelie Fried oder so, und wie Sandra Maischberger den Precht zum Leben erweckte..\"}]},{\"@type\":\"WebSite\",\"@id\":\"https:\/\/feminissima.de\/#website\",\"url\":\"https:\/\/feminissima.de\/\",\"name\":\"Feminissima\",\"description\":\"\",\"potentialAction\":[{\"@type\":\"SearchAction\",\"target\":{\"@type\":\"EntryPoint\",\"urlTemplate\":\"https:\/\/feminissima.de\/?s={search_term_string}\"},\"query-input\":\"required name=search_term_string\"}],\"inLanguage\":\"de\"},{\"@type\":\"Person\",\"@id\":\"https:\/\/feminissima.de\/#\/schema\/person\/5dea0fc707e9da59266a47da2f9a8210\",\"name\":\"fem\",\"image\":{\"@type\":\"ImageObject\",\"inLanguage\":\"de\",\"@id\":\"https:\/\/feminissima.de\/#\/schema\/person\/image\/\",\"url\":\"https:\/\/secure.gravatar.com\/avatar\/892e878e26ee6e7c1689c0b5183da4949c35fb291d0554f021db478bb42e3226?s=96&d=mm&r=g\",\"contentUrl\":\"https:\/\/secure.gravatar.com\/avatar\/892e878e26ee6e7c1689c0b5183da4949c35fb291d0554f021db478bb42e3226?s=96&d=mm&r=g\",\"caption\":\"fem\"},\"url\":\"https:\/\/feminissima.de\/index.php\/author\/fem\/\"}]}<\/script>\n<!-- \/ Yoast SEO plugin. -->","yoast_head_json":{"title":"Das fette Fettn\u00e4pchen von, ach wie hie\u00df sie noch, Amelie Fried oder so, und wie Sandra Maischberger den Precht zum Leben erweckte.. - Feminissima","robots":{"index":"index","follow":"follow","max-snippet":"max-snippet:-1","max-image-preview":"max-image-preview:large","max-video-preview":"max-video-preview:-1"},"canonical":"https:\/\/feminissima.de\/index.php\/2020\/08\/20\/das-fette-fettnapchen-von-ach-wie-hies-sie-noch-amelie-fried-oder-so-und-wie-sandra-maischberger-den-precht-zum-leben-erweckte\/","og_locale":"de_DE","og_type":"article","og_title":"Das fette Fettn\u00e4pchen von, ach wie hie\u00df sie noch, Amelie Fried oder so, und wie Sandra Maischberger den Precht zum Leben erweckte.. - Feminissima","og_description":"Arrogant, manieriert, wie immer, ich fand sie schon bei 3 nach 9 &#8211; als komplette Fehlbesetzung in ihrer begrenzten bayerischen Eitelkeit, Amelie Fried, die VorgartenAutorin&#8230; Gestern bei Maischberger, bezeichnete sie den neuen Kandidaten als hopefully Nachfolger von Trump &#8211; als &#8222;Kurz vor der Demenz&#8220;&#8230; toll. Solche G\u00e4ste machen dir die Sendung kaputt. Sandra Maischberger sah&hellip; Das fette Fettn\u00e4pchen von, ach wie hie\u00df sie noch, Amelie Fried oder so, und wie Sandra Maischberger den Precht zum Leben erweckte.. weiterlesen","og_url":"https:\/\/feminissima.de\/index.php\/2020\/08\/20\/das-fette-fettnapchen-von-ach-wie-hies-sie-noch-amelie-fried-oder-so-und-wie-sandra-maischberger-den-precht-zum-leben-erweckte\/","og_site_name":"Feminissima","article_published_time":"2020-08-20T18:33:38+00:00","author":"fem","twitter_card":"summary_large_image","twitter_misc":{"Verfasst von":"fem","Gesch\u00e4tzte Lesezeit":"1\u00a0Minute"},"schema":{"@context":"https:\/\/schema.org","@graph":[{"@type":"WebPage","@id":"https:\/\/feminissima.de\/index.php\/2020\/08\/20\/das-fette-fettnapchen-von-ach-wie-hies-sie-noch-amelie-fried-oder-so-und-wie-sandra-maischberger-den-precht-zum-leben-erweckte\/","url":"https:\/\/feminissima.de\/index.php\/2020\/08\/20\/das-fette-fettnapchen-von-ach-wie-hies-sie-noch-amelie-fried-oder-so-und-wie-sandra-maischberger-den-precht-zum-leben-erweckte\/","name":"Das fette Fettn\u00e4pchen von, ach wie hie\u00df sie noch, Amelie Fried oder so, und wie Sandra Maischberger den Precht zum Leben erweckte.. - Feminissima","isPartOf":{"@id":"https:\/\/feminissima.de\/#website"},"datePublished":"2020-08-20T18:33:38+00:00","dateModified":"2020-08-20T18:33:38+00:00","author":{"@id":"https:\/\/feminissima.de\/#\/schema\/person\/5dea0fc707e9da59266a47da2f9a8210"},"breadcrumb":{"@id":"https:\/\/feminissima.de\/index.php\/2020\/08\/20\/das-fette-fettnapchen-von-ach-wie-hies-sie-noch-amelie-fried-oder-so-und-wie-sandra-maischberger-den-precht-zum-leben-erweckte\/#breadcrumb"},"inLanguage":"de","potentialAction":[{"@type":"ReadAction","target":["https:\/\/feminissima.de\/index.php\/2020\/08\/20\/das-fette-fettnapchen-von-ach-wie-hies-sie-noch-amelie-fried-oder-so-und-wie-sandra-maischberger-den-precht-zum-leben-erweckte\/"]}]},{"@type":"BreadcrumbList","@id":"https:\/\/feminissima.de\/index.php\/2020\/08\/20\/das-fette-fettnapchen-von-ach-wie-hies-sie-noch-amelie-fried-oder-so-und-wie-sandra-maischberger-den-precht-zum-leben-erweckte\/#breadcrumb","itemListElement":[{"@type":"ListItem","position":1,"name":"Startseite","item":"https:\/\/feminissima.de\/"},{"@type":"ListItem","position":2,"name":"Das fette Fettn\u00e4pchen von, ach wie hie\u00df sie noch, Amelie Fried oder so, und wie Sandra Maischberger den Precht zum Leben erweckte.."}]},{"@type":"WebSite","@id":"https:\/\/feminissima.de\/#website","url":"https:\/\/feminissima.de\/","name":"Feminissima","description":"","potentialAction":[{"@type":"SearchAction","target":{"@type":"EntryPoint","urlTemplate":"https:\/\/feminissima.de\/?s={search_term_string}"},"query-input":"required name=search_term_string"}],"inLanguage":"de"},{"@type":"Person","@id":"https:\/\/feminissima.de\/#\/schema\/person\/5dea0fc707e9da59266a47da2f9a8210","name":"fem","image":{"@type":"ImageObject","inLanguage":"de","@id":"https:\/\/feminissima.de\/#\/schema\/person\/image\/","url":"https:\/\/secure.gravatar.com\/avatar\/892e878e26ee6e7c1689c0b5183da4949c35fb291d0554f021db478bb42e3226?s=96&d=mm&r=g","contentUrl":"https:\/\/secure.gravatar.com\/avatar\/892e878e26ee6e7c1689c0b5183da4949c35fb291d0554f021db478bb42e3226?s=96&d=mm&r=g","caption":"fem"},"url":"https:\/\/feminissima.de\/index.php\/author\/fem\/"}]}},"jetpack_featured_media_url":"","_links":{"self":[{"href":"https:\/\/feminissima.de\/index.php\/wp-json\/wp\/v2\/posts\/88046","targetHints":{"allow":["GET"]}}],"collection":[{"href":"https:\/\/feminissima.de\/index.php\/wp-json\/wp\/v2\/posts"}],"about":[{"href":"https:\/\/feminissima.de\/index.php\/wp-json\/wp\/v2\/types\/post"}],"author":[{"embeddable":true,"href":"https:\/\/feminissima.de\/index.php\/wp-json\/wp\/v2\/users\/3"}],"replies":[{"embeddable":true,"href":"https:\/\/feminissima.de\/index.php\/wp-json\/wp\/v2\/comments?post=88046"}],"version-history":[{"count":0,"href":"https:\/\/feminissima.de\/index.php\/wp-json\/wp\/v2\/posts\/88046\/revisions"}],"wp:attachment":[{"href":"https:\/\/feminissima.de\/index.php\/wp-json\/wp\/v2\/media?parent=88046"}],"wp:term":[{"taxonomy":"category","embeddable":true,"href":"https:\/\/feminissima.de\/index.php\/wp-json\/wp\/v2\/categories?post=88046"},{"taxonomy":"post_tag","embeddable":true,"href":"https:\/\/feminissima.de\/index.php\/wp-json\/wp\/v2\/tags?post=88046"}],"curies":[{"name":"wp","href":"https:\/\/api.w.org\/{rel}","templated":true}]}}