{"id":88033,"date":"2020-07-09T03:20:49","date_gmt":"2020-07-09T01:20:49","guid":{"rendered":"http:\/\/www.feminissima.de\/?p=88033"},"modified":"2020-07-09T03:20:49","modified_gmt":"2020-07-09T01:20:49","slug":"seltsame-tage-und-auch-nachte","status":"publish","type":"post","link":"https:\/\/feminissima.de\/index.php\/2020\/07\/09\/seltsame-tage-und-auch-nachte\/","title":{"rendered":"Seltsame Tage &#8230; und auch N\u00e4chte&#8230;"},"content":{"rendered":"<p>Du kannst sagen, was Du willst &#8211; CORONA lastet auf uns, und dabei haben wir nicht einmal jemand aus dem n\u00e4heren Bekantenkreis verloren, oder gar innerhalb der Familie. Gl\u00fcck gehabt. Es wird ja alles, abgesehen vom Anfang, als uns Italien die ungekannte Angst einjagte, mit den Todesf\u00e4llen, auf eigenartige Weise anonym gehalten. Aber was wollte ich eigentlich sagen..? Vor ein paar Tagen, der Juli eilt schon wieder von dannen, brannten die Worte wie unter allen N\u00e4geln, aber auch die Zeit selbst hat mittlerweile so etwas Abstraktes, derzeit &#8230;schon wieder vergessen, wahrscheinlich das \u00dcbliche. Schweinebarone und wie sie alle hei\u00dfen. Es ist schon fast langweilig. Was da alles aufsch\u00e4umt. Aber schon so lange da war..Es scheint, es werden nur schlechte Nachrichten verbreitet. Warum eigentlich? Es gibt doch nicht NUR Mord und Totschlag? Z\u00e4hlt das private stille Sterben schon gar nicht mehr? Heute ist ein Schauspieler gestorben, ich hatte ihn schon immer als &#8222;alt&#8220; empfunden, kein Mensch wei\u00df, wie alt er wirklich nun geworden ist, nun gegangen, heute Abend noch ein Film mit ihm &#8230;vielleicht schon ihm zu Ehren&#8230;denn die gro\u00dfen RIPS tauchen ja nur auf, wenn es um jemanden geht, den anscheinend die ganze Welt kennt, wir aber nicht, und nimmer je pers\u00f6nlich. Wenn da ganz still gestorben wird, wie unspektakul\u00e4r! Ohne, dass ein Messer oder eine Pistole im Spiel war? Und all die Morddrohungen&#8230;? Wehe, du bist PolitikerIN und so ? Was ist los? Wa ist passiert? War die Pandemie noch nicht schlimmt genug? Seit wann ist die Welt so b\u00f6se?<\/p>\n<p>Und wir, haben wir nicht doch auch ein LEBEN. Nicht nur die Trumps und wie sie alle hei\u00dfen&#8230;?! ..Das ist alles mehr als befremdlich, als z\u00e4hlte unser eigenes Leben gar nicht mehr, als entfremdeten wir uns st\u00e4ndig von uns selbst..Je mehr wir in die sogenannten social media eintauchen. Zuweilen ein paar sch\u00f6ne Momente. Aber mischt sich garantiert sofort wieder jemand st\u00f6rend ein&#8230;Das Niveau von Twitter ist weitgehend verlorengegangen. Okay. Schon sp\u00e4t, im Augenblick. Hallo, hold on und kommt gut durch die Nacht&#8230;Und lasst Euch nicht aus Freude am Masochismus niederziehen&#8230;Nur weil es gerade so in Mode zu sein scheint&#8230;Das Leben z\u00e4hlt. Auch unseres, der &#8222;no-names&#8220;&#8230;<\/p>\n","protected":false},"excerpt":{"rendered":"<p>Du kannst sagen, was Du willst &#8211; CORONA lastet auf uns, und dabei haben wir nicht einmal jemand aus dem n\u00e4heren Bekantenkreis verloren, oder gar innerhalb der Familie. Gl\u00fcck gehabt. Es wird ja alles, abgesehen vom Anfang, als uns Italien die ungekannte Angst einjagte, mit den Todesf\u00e4llen, auf eigenartige Weise anonym gehalten. Aber was wollte&hellip; <a class=\"more-link\" href=\"https:\/\/feminissima.de\/index.php\/2020\/07\/09\/seltsame-tage-und-auch-nachte\/\"><span class=\"screen-reader-text\">Seltsame Tage &#8230; und auch N\u00e4chte&#8230;<\/span> weiterlesen<\/a><\/p>\n","protected":false},"author":3,"featured_media":0,"comment_status":"closed","ping_status":"closed","sticky":false,"template":"","format":"standard","meta":{"footnotes":""},"categories":[6],"tags":[],"class_list":["post-88033","post","type-post","status-publish","format-standard","hentry","category-femleben","entry"],"yoast_head":"<!-- This site is optimized with the Yoast SEO plugin v21.0 - https:\/\/yoast.com\/wordpress\/plugins\/seo\/ -->\n<title>Seltsame Tage ... und auch N\u00e4chte... - Feminissima<\/title>\n<meta name=\"robots\" content=\"index, follow, max-snippet:-1, max-image-preview:large, max-video-preview:-1\" \/>\n<link rel=\"canonical\" href=\"https:\/\/feminissima.de\/index.php\/2020\/07\/09\/seltsame-tage-und-auch-nachte\/\" \/>\n<meta property=\"og:locale\" content=\"de_DE\" \/>\n<meta property=\"og:type\" content=\"article\" \/>\n<meta property=\"og:title\" content=\"Seltsame Tage ... und auch N\u00e4chte... - Feminissima\" \/>\n<meta property=\"og:description\" content=\"Du kannst sagen, was Du willst &#8211; CORONA lastet auf uns, und dabei haben wir nicht einmal jemand aus dem n\u00e4heren Bekantenkreis verloren, oder gar innerhalb der Familie. Gl\u00fcck gehabt. Es wird ja alles, abgesehen vom Anfang, als uns Italien die ungekannte Angst einjagte, mit den Todesf\u00e4llen, auf eigenartige Weise anonym gehalten. Aber was wollte&hellip; Seltsame Tage &#8230; und auch N\u00e4chte&#8230; weiterlesen\" \/>\n<meta property=\"og:url\" content=\"https:\/\/feminissima.de\/index.php\/2020\/07\/09\/seltsame-tage-und-auch-nachte\/\" \/>\n<meta property=\"og:site_name\" content=\"Feminissima\" \/>\n<meta property=\"article:published_time\" content=\"2020-07-09T01:20:49+00:00\" \/>\n<meta name=\"author\" content=\"fem\" \/>\n<meta name=\"twitter:card\" content=\"summary_large_image\" \/>\n<meta name=\"twitter:label1\" content=\"Verfasst von\" \/>\n\t<meta name=\"twitter:data1\" content=\"fem\" \/>\n\t<meta name=\"twitter:label2\" content=\"Gesch\u00e4tzte Lesezeit\" \/>\n\t<meta name=\"twitter:data2\" content=\"2\u00a0Minuten\" \/>\n<script type=\"application\/ld+json\" class=\"yoast-schema-graph\">{\"@context\":\"https:\/\/schema.org\",\"@graph\":[{\"@type\":\"WebPage\",\"@id\":\"https:\/\/feminissima.de\/index.php\/2020\/07\/09\/seltsame-tage-und-auch-nachte\/\",\"url\":\"https:\/\/feminissima.de\/index.php\/2020\/07\/09\/seltsame-tage-und-auch-nachte\/\",\"name\":\"Seltsame Tage ... und auch N\u00e4chte... - Feminissima\",\"isPartOf\":{\"@id\":\"https:\/\/feminissima.de\/#website\"},\"datePublished\":\"2020-07-09T01:20:49+00:00\",\"dateModified\":\"2020-07-09T01:20:49+00:00\",\"author\":{\"@id\":\"https:\/\/feminissima.de\/#\/schema\/person\/5dea0fc707e9da59266a47da2f9a8210\"},\"breadcrumb\":{\"@id\":\"https:\/\/feminissima.de\/index.php\/2020\/07\/09\/seltsame-tage-und-auch-nachte\/#breadcrumb\"},\"inLanguage\":\"de\",\"potentialAction\":[{\"@type\":\"ReadAction\",\"target\":[\"https:\/\/feminissima.de\/index.php\/2020\/07\/09\/seltsame-tage-und-auch-nachte\/\"]}]},{\"@type\":\"BreadcrumbList\",\"@id\":\"https:\/\/feminissima.de\/index.php\/2020\/07\/09\/seltsame-tage-und-auch-nachte\/#breadcrumb\",\"itemListElement\":[{\"@type\":\"ListItem\",\"position\":1,\"name\":\"Startseite\",\"item\":\"https:\/\/feminissima.de\/\"},{\"@type\":\"ListItem\",\"position\":2,\"name\":\"Seltsame Tage &#8230; und auch N\u00e4chte&#8230;\"}]},{\"@type\":\"WebSite\",\"@id\":\"https:\/\/feminissima.de\/#website\",\"url\":\"https:\/\/feminissima.de\/\",\"name\":\"Feminissima\",\"description\":\"\",\"potentialAction\":[{\"@type\":\"SearchAction\",\"target\":{\"@type\":\"EntryPoint\",\"urlTemplate\":\"https:\/\/feminissima.de\/?s={search_term_string}\"},\"query-input\":\"required name=search_term_string\"}],\"inLanguage\":\"de\"},{\"@type\":\"Person\",\"@id\":\"https:\/\/feminissima.de\/#\/schema\/person\/5dea0fc707e9da59266a47da2f9a8210\",\"name\":\"fem\",\"image\":{\"@type\":\"ImageObject\",\"inLanguage\":\"de\",\"@id\":\"https:\/\/feminissima.de\/#\/schema\/person\/image\/\",\"url\":\"https:\/\/secure.gravatar.com\/avatar\/892e878e26ee6e7c1689c0b5183da4949c35fb291d0554f021db478bb42e3226?s=96&d=mm&r=g\",\"contentUrl\":\"https:\/\/secure.gravatar.com\/avatar\/892e878e26ee6e7c1689c0b5183da4949c35fb291d0554f021db478bb42e3226?s=96&d=mm&r=g\",\"caption\":\"fem\"},\"url\":\"https:\/\/feminissima.de\/index.php\/author\/fem\/\"}]}<\/script>\n<!-- \/ Yoast SEO plugin. -->","yoast_head_json":{"title":"Seltsame Tage ... und auch N\u00e4chte... - Feminissima","robots":{"index":"index","follow":"follow","max-snippet":"max-snippet:-1","max-image-preview":"max-image-preview:large","max-video-preview":"max-video-preview:-1"},"canonical":"https:\/\/feminissima.de\/index.php\/2020\/07\/09\/seltsame-tage-und-auch-nachte\/","og_locale":"de_DE","og_type":"article","og_title":"Seltsame Tage ... und auch N\u00e4chte... - Feminissima","og_description":"Du kannst sagen, was Du willst &#8211; CORONA lastet auf uns, und dabei haben wir nicht einmal jemand aus dem n\u00e4heren Bekantenkreis verloren, oder gar innerhalb der Familie. Gl\u00fcck gehabt. Es wird ja alles, abgesehen vom Anfang, als uns Italien die ungekannte Angst einjagte, mit den Todesf\u00e4llen, auf eigenartige Weise anonym gehalten. Aber was wollte&hellip; Seltsame Tage &#8230; und auch N\u00e4chte&#8230; weiterlesen","og_url":"https:\/\/feminissima.de\/index.php\/2020\/07\/09\/seltsame-tage-und-auch-nachte\/","og_site_name":"Feminissima","article_published_time":"2020-07-09T01:20:49+00:00","author":"fem","twitter_card":"summary_large_image","twitter_misc":{"Verfasst von":"fem","Gesch\u00e4tzte Lesezeit":"2\u00a0Minuten"},"schema":{"@context":"https:\/\/schema.org","@graph":[{"@type":"WebPage","@id":"https:\/\/feminissima.de\/index.php\/2020\/07\/09\/seltsame-tage-und-auch-nachte\/","url":"https:\/\/feminissima.de\/index.php\/2020\/07\/09\/seltsame-tage-und-auch-nachte\/","name":"Seltsame Tage ... und auch N\u00e4chte... - Feminissima","isPartOf":{"@id":"https:\/\/feminissima.de\/#website"},"datePublished":"2020-07-09T01:20:49+00:00","dateModified":"2020-07-09T01:20:49+00:00","author":{"@id":"https:\/\/feminissima.de\/#\/schema\/person\/5dea0fc707e9da59266a47da2f9a8210"},"breadcrumb":{"@id":"https:\/\/feminissima.de\/index.php\/2020\/07\/09\/seltsame-tage-und-auch-nachte\/#breadcrumb"},"inLanguage":"de","potentialAction":[{"@type":"ReadAction","target":["https:\/\/feminissima.de\/index.php\/2020\/07\/09\/seltsame-tage-und-auch-nachte\/"]}]},{"@type":"BreadcrumbList","@id":"https:\/\/feminissima.de\/index.php\/2020\/07\/09\/seltsame-tage-und-auch-nachte\/#breadcrumb","itemListElement":[{"@type":"ListItem","position":1,"name":"Startseite","item":"https:\/\/feminissima.de\/"},{"@type":"ListItem","position":2,"name":"Seltsame Tage &#8230; und auch N\u00e4chte&#8230;"}]},{"@type":"WebSite","@id":"https:\/\/feminissima.de\/#website","url":"https:\/\/feminissima.de\/","name":"Feminissima","description":"","potentialAction":[{"@type":"SearchAction","target":{"@type":"EntryPoint","urlTemplate":"https:\/\/feminissima.de\/?s={search_term_string}"},"query-input":"required name=search_term_string"}],"inLanguage":"de"},{"@type":"Person","@id":"https:\/\/feminissima.de\/#\/schema\/person\/5dea0fc707e9da59266a47da2f9a8210","name":"fem","image":{"@type":"ImageObject","inLanguage":"de","@id":"https:\/\/feminissima.de\/#\/schema\/person\/image\/","url":"https:\/\/secure.gravatar.com\/avatar\/892e878e26ee6e7c1689c0b5183da4949c35fb291d0554f021db478bb42e3226?s=96&d=mm&r=g","contentUrl":"https:\/\/secure.gravatar.com\/avatar\/892e878e26ee6e7c1689c0b5183da4949c35fb291d0554f021db478bb42e3226?s=96&d=mm&r=g","caption":"fem"},"url":"https:\/\/feminissima.de\/index.php\/author\/fem\/"}]}},"jetpack_featured_media_url":"","_links":{"self":[{"href":"https:\/\/feminissima.de\/index.php\/wp-json\/wp\/v2\/posts\/88033","targetHints":{"allow":["GET"]}}],"collection":[{"href":"https:\/\/feminissima.de\/index.php\/wp-json\/wp\/v2\/posts"}],"about":[{"href":"https:\/\/feminissima.de\/index.php\/wp-json\/wp\/v2\/types\/post"}],"author":[{"embeddable":true,"href":"https:\/\/feminissima.de\/index.php\/wp-json\/wp\/v2\/users\/3"}],"replies":[{"embeddable":true,"href":"https:\/\/feminissima.de\/index.php\/wp-json\/wp\/v2\/comments?post=88033"}],"version-history":[{"count":0,"href":"https:\/\/feminissima.de\/index.php\/wp-json\/wp\/v2\/posts\/88033\/revisions"}],"wp:attachment":[{"href":"https:\/\/feminissima.de\/index.php\/wp-json\/wp\/v2\/media?parent=88033"}],"wp:term":[{"taxonomy":"category","embeddable":true,"href":"https:\/\/feminissima.de\/index.php\/wp-json\/wp\/v2\/categories?post=88033"},{"taxonomy":"post_tag","embeddable":true,"href":"https:\/\/feminissima.de\/index.php\/wp-json\/wp\/v2\/tags?post=88033"}],"curies":[{"name":"wp","href":"https:\/\/api.w.org\/{rel}","templated":true}]}}