{"id":88025,"date":"2020-07-01T01:43:31","date_gmt":"2020-06-30T23:43:31","guid":{"rendered":"http:\/\/www.feminissima.de\/?p=88025"},"modified":"2020-07-01T01:43:31","modified_gmt":"2020-06-30T23:43:31","slug":"ein-neuer-sommer-juli-2020-was-haben-wir-hinter-uns","status":"publish","type":"post","link":"https:\/\/feminissima.de\/index.php\/2020\/07\/01\/ein-neuer-sommer-juli-2020-was-haben-wir-hinter-uns\/","title":{"rendered":"Ein neuer Sommer &#8211; Juli 2020 &#8211; Was haben wir hinter uns!"},"content":{"rendered":"<p>Willkommen zur\u00fcck&#8230;Erst einmal&#8230;<br \/>\nWenn Ihr Euch nach den lange Pausen ein wenig mit feminissima.de vertraut machen wollt, von mir, der oft zitierten Marenga (in Wirklichkeit Roswitha, furchtbar brav, und wer will das schon wissen!) so empfehle ich Euch einen Ausflug in die Kategorie<br \/>\n&#8222;fem&#038;Leben&#8220; &#8230; Es sind alles live-texte, so wie wir heute auf Twitter und Co schreiben, hatte FEMINISSIMA seit ihrer Gr\u00fcndung am 12. Juli 2002&#8230;! den Vorzug eines Echtzeit-Schreibprogramms, dank des begnadeten und geduldigen Webmasters&#8230;.es ist meistens der Sohn , genau..! Ja. Endlich wieder online. Ein neuer Router, wunderbar, der ber\u00fchmte USB-Stick in real im Lap, schnurlos, und ich kann schreiben mit Internet &#8211; wo und wie ich will&#8230;. (so lange der Laptop mitmacht, ohne Stromanschlu\u00df&#8230;) . Ja, okay. Da alles live und nie vorgeschrieben, sind es Atmos&#8230;Infos&#8230;Emotionen&#8230;. Ein Tagebuch der Momentaufnahmen &#8230;wenn du so willst&#8230; der Zeit, wie sie so vergangen ist&#8230; ein Tagebuch&#8230;ohne, dass es so beabsichtigt war&#8230; der Gegenwart&#8230;.die schon wieder Vergangenheit&#8230;. Gute Nacht erst einmal &#8230;aus Teneriffa&#8230;<br \/>\nVon wegen &#8211; (update 4 Uhr 44, local time) &#8211; der Schlaf will nicht kommen. Kein Wunder, wir sind ja in der Gegenwart. Die Vergangenheit, diese 3 Monate &#8211; ab dem 14.M\u00e4rz, lastet auf uns, und ich vergesse nie den Anblick (aus dem Taxi heraus, es fuhren, glaub ich, erst auch gar keine Busse mehr, hier das NonplusUltra der Fortbewegung, preiswert und zuverl\u00e4ssig) des total geschlossenen St\u00e4dtchens Puerto de la Cruz, alle Roll\u00e4den runter, keine Menschenseele auf der Stra\u00dfe, nur die paar Menschen, die in den Supermarkt gingen, oder herauskamen, an der Kreuzung und \u00fcberall Polizisten, so dass man sich anschnallen sollte, im Taxi, um ja korrekt zu sein, und die Maske auf, aber das war alles nicht so makaber, wie dieses ausgestorbene TouristenSt\u00e4dtchen im Norden Teneriffas &#8211; wo sonst das Leben quirlt, \u00fcberall Musiken, Lachen, Menschen, und ich wurde von einem Weinkrampf \u00fcberfallen, der sich kaum in Worte fassen l\u00e4sst, der TOD einer Kleinstadt, die innerhalb weniger Tage, wie \u00fcber Nacht wirkte es, abgew\u00fcrgt war, nichts ging mehr. Muy muy triste, murmelte auch der Taxifahrer, muy muy triste&#8230;.sooo traurig&#8230; Und eigentlich ist es so bis jetzt. Muy triste. Denn ohne Tourismus, mit den Einheimischen allein, bleibt alles &#8211; bis auf ein paar open air Kneipen, letztlich alles tot &#8211; wann es wieder live-Musik gibt, auf der Plaza, man zu live-Musik tanzt, all die Fremden und auch die entfernten Solisten wie ich, man kennt sich, tanzt, trinkt auch was zusammen, und pflegt seine Unabh\u00e4ngigkeit&#8230;.Wie sehr ich diesem Land &#8211; nein, dieser Insel, nahe bin, mein Herz verwebt ist, zeigte mir diese unendliche Traurigkeit angesichts der abgeschlossenen Kleinstadt am Atlantik, Puerto de la Cruz. Und ehe ich jetzt wieder anfange zu weinen, weil ich so intensiv beim Schreiben f\u00fchle, sollte ich mich doch noch zu etwas Schlaf zwingen, aber nein, noch etwas, was mir auch schwer auf die Seele fiel &#8211; als wir endlich wieder raus durften, denn absolutes Ausgeh-Verbot, au\u00dfer Einkaufen und zum M\u00fcll-Container, als dann nur stundenweise erlaubt war, nach Altersgruppen unterteilt. So dass wir Oldies und unterwergs angrinsten und ironisch gr\u00fc\u00dften. Vorher hatte ich eigentlich nicht so \u00fcber mein Geburtsdatum nachgedacht. Genervt hat mich das allabendliche Klatschen der kanarischen Nachbarn, die dann auch von Fenster zu Fenster miteinander quatschten, ich f\u00fchlte mich als Fremde, denn ich klatschte kein einziges mal. Was auf dem Festland abging, war letztlich doch kein Grund zum Klatschen. Und umso viel weniger, wie sich jetzt herausstellt, weil so viele alte Menschen gestorben sind, sie wurden, wenn sie im Altenheim waren, nicht in den Kliniken aufgenommen. Der Tip war, &#8222;nimm sie mit nach hause und dann in die Klinik, sag nicht, dass sie &#8211; oder er, aus dem Altenheim kommen. So berichtete jetzt eine Spanierin, wie binnen kurzem ihre Eltern gestorben sind. Es ist eine gro\u00dfe Trauer und ein noch viel gr\u00f6\u00dferer Zorn auf dem Festland Spaniens, auf die Regierung und ueberhaupt. Sie gehen auf die Stra\u00dfe und protestieren gegen dieses massenhafte Sterben ihrer Angeh\u00f6rigen. (Und da mu\u00df ich auch schon wieder mitweinen ). Nein, anders als in Deutschland, wo es denn bald das Dauer-Hin-und-Her &#8211; gab, von Bundesland zu Bundesland unterschiedlich, wurden wir hier weggeschlossen, dabei gab es auf den Inseln vergleichsweise keine hohen Zahlen von Infizierten und auch wenn es Tote gab, jeder Tote hinterl\u00e4sst eine Trauer, von der wir selten bis gar nichts erfahren&#8230;. Und dann alles abgesperrt, die H\u00e4fen, die Flugh\u00e4fen, wir stehen noch unter diesem Schock. Und auch wenn die Str\u00e4nde inzwischen ge\u00f6ffnet sind &#8211; da es keine Touristen gibt, bleiben sie weitgehend leer. Die Abstandsbestimmungen wirken grotesk und l\u00e4cherlich &#8211; denn es sind ja kaum Menschen da. Die Superm\u00e4rkte gut gef\u00fcllt, wie all die Zeit und ebenfalls kaum besucht, die Einheimischen allein sind zu wenige, um Arbeitspl\u00e4tze zu sichern. Ja Ihr Lieben, die Alegria, die Freude, die Heiterkeit, das leichte angenehme Leben &#8211; Vergangenheit. Dazu passt das merkw\u00fcrdige Wetter, schwankt zwischen l\u00e4hmender Hitze und kaltem Wind und Sandst\u00fcrmen aus der Sahara, die alles mit gelb-braunem Stau bedecken&#8230;. Aber auch hier sagen die Canarios dann doch wieder, allm\u00e4hlich, mit einem kleinen &#8211; hilflosen? L\u00e4cheln  &#8222;Manana es un otro dia!&#8220; Morgen ist ein neuer Tag &#8211; und es kann nur besser werden&#8230;Ja, Ihr Lieben, anders geht es gar nicht, mit dem Denken, sonst kannst Du leicht in totaler Melancholie versinken&#8230;.Aber das m\u00f6chten wir doch auch nicht&#8230; Auf gar keinen Fall, nicht wahr..?<br \/>\nEs ist 5:09 local time, Teneriffa, und die Tippfehler d\u00fcrfen bis zum hellen Tag bleiben&#8230;.Macht es gut, bis dahin. <\/p>\n","protected":false},"excerpt":{"rendered":"<p>Willkommen zur\u00fcck&#8230;Erst einmal&#8230; Wenn Ihr Euch nach den lange Pausen ein wenig mit feminissima.de vertraut machen wollt, von mir, der oft zitierten Marenga (in Wirklichkeit Roswitha, furchtbar brav, und wer will das schon wissen!) so empfehle ich Euch einen Ausflug in die Kategorie &#8222;fem&#038;Leben&#8220; &#8230; Es sind alles live-texte, so wie wir heute auf Twitter&hellip; <a class=\"more-link\" href=\"https:\/\/feminissima.de\/index.php\/2020\/07\/01\/ein-neuer-sommer-juli-2020-was-haben-wir-hinter-uns\/\"><span class=\"screen-reader-text\">Ein neuer Sommer &#8211; Juli 2020 &#8211; Was haben wir hinter uns!<\/span> weiterlesen<\/a><\/p>\n","protected":false},"author":3,"featured_media":0,"comment_status":"closed","ping_status":"closed","sticky":false,"template":"","format":"standard","meta":{"footnotes":""},"categories":[6],"tags":[],"class_list":["post-88025","post","type-post","status-publish","format-standard","hentry","category-femleben","entry"],"yoast_head":"<!-- This site is optimized with the Yoast SEO plugin v21.0 - https:\/\/yoast.com\/wordpress\/plugins\/seo\/ -->\n<title>Ein neuer Sommer - Juli 2020 - Was haben wir hinter uns! - Feminissima<\/title>\n<meta name=\"robots\" content=\"index, follow, max-snippet:-1, max-image-preview:large, max-video-preview:-1\" \/>\n<link rel=\"canonical\" href=\"https:\/\/feminissima.de\/index.php\/2020\/07\/01\/ein-neuer-sommer-juli-2020-was-haben-wir-hinter-uns\/\" \/>\n<meta property=\"og:locale\" content=\"de_DE\" \/>\n<meta property=\"og:type\" content=\"article\" \/>\n<meta property=\"og:title\" content=\"Ein neuer Sommer - Juli 2020 - Was haben wir hinter uns! - Feminissima\" \/>\n<meta property=\"og:description\" content=\"Willkommen zur\u00fcck&#8230;Erst einmal&#8230; Wenn Ihr Euch nach den lange Pausen ein wenig mit feminissima.de vertraut machen wollt, von mir, der oft zitierten Marenga (in Wirklichkeit Roswitha, furchtbar brav, und wer will das schon wissen!) so empfehle ich Euch einen Ausflug in die Kategorie &#8222;fem&#038;Leben&#8220; &#8230; Es sind alles live-texte, so wie wir heute auf Twitter&hellip; Ein neuer Sommer &#8211; Juli 2020 &#8211; Was haben wir hinter uns! weiterlesen\" \/>\n<meta property=\"og:url\" content=\"https:\/\/feminissima.de\/index.php\/2020\/07\/01\/ein-neuer-sommer-juli-2020-was-haben-wir-hinter-uns\/\" \/>\n<meta property=\"og:site_name\" content=\"Feminissima\" \/>\n<meta property=\"article:published_time\" content=\"2020-06-30T23:43:31+00:00\" \/>\n<meta name=\"author\" content=\"fem\" \/>\n<meta name=\"twitter:card\" content=\"summary_large_image\" \/>\n<meta name=\"twitter:label1\" content=\"Verfasst von\" \/>\n\t<meta name=\"twitter:data1\" content=\"fem\" \/>\n\t<meta name=\"twitter:label2\" content=\"Gesch\u00e4tzte Lesezeit\" \/>\n\t<meta name=\"twitter:data2\" content=\"5\u00a0Minuten\" \/>\n<script type=\"application\/ld+json\" class=\"yoast-schema-graph\">{\"@context\":\"https:\/\/schema.org\",\"@graph\":[{\"@type\":\"WebPage\",\"@id\":\"https:\/\/feminissima.de\/index.php\/2020\/07\/01\/ein-neuer-sommer-juli-2020-was-haben-wir-hinter-uns\/\",\"url\":\"https:\/\/feminissima.de\/index.php\/2020\/07\/01\/ein-neuer-sommer-juli-2020-was-haben-wir-hinter-uns\/\",\"name\":\"Ein neuer Sommer - Juli 2020 - Was haben wir hinter uns! - Feminissima\",\"isPartOf\":{\"@id\":\"https:\/\/feminissima.de\/#website\"},\"datePublished\":\"2020-06-30T23:43:31+00:00\",\"dateModified\":\"2020-06-30T23:43:31+00:00\",\"author\":{\"@id\":\"https:\/\/feminissima.de\/#\/schema\/person\/5dea0fc707e9da59266a47da2f9a8210\"},\"breadcrumb\":{\"@id\":\"https:\/\/feminissima.de\/index.php\/2020\/07\/01\/ein-neuer-sommer-juli-2020-was-haben-wir-hinter-uns\/#breadcrumb\"},\"inLanguage\":\"de\",\"potentialAction\":[{\"@type\":\"ReadAction\",\"target\":[\"https:\/\/feminissima.de\/index.php\/2020\/07\/01\/ein-neuer-sommer-juli-2020-was-haben-wir-hinter-uns\/\"]}]},{\"@type\":\"BreadcrumbList\",\"@id\":\"https:\/\/feminissima.de\/index.php\/2020\/07\/01\/ein-neuer-sommer-juli-2020-was-haben-wir-hinter-uns\/#breadcrumb\",\"itemListElement\":[{\"@type\":\"ListItem\",\"position\":1,\"name\":\"Startseite\",\"item\":\"https:\/\/feminissima.de\/\"},{\"@type\":\"ListItem\",\"position\":2,\"name\":\"Ein neuer Sommer &#8211; Juli 2020 &#8211; Was haben wir hinter uns!\"}]},{\"@type\":\"WebSite\",\"@id\":\"https:\/\/feminissima.de\/#website\",\"url\":\"https:\/\/feminissima.de\/\",\"name\":\"Feminissima\",\"description\":\"\",\"potentialAction\":[{\"@type\":\"SearchAction\",\"target\":{\"@type\":\"EntryPoint\",\"urlTemplate\":\"https:\/\/feminissima.de\/?s={search_term_string}\"},\"query-input\":\"required name=search_term_string\"}],\"inLanguage\":\"de\"},{\"@type\":\"Person\",\"@id\":\"https:\/\/feminissima.de\/#\/schema\/person\/5dea0fc707e9da59266a47da2f9a8210\",\"name\":\"fem\",\"image\":{\"@type\":\"ImageObject\",\"inLanguage\":\"de\",\"@id\":\"https:\/\/feminissima.de\/#\/schema\/person\/image\/\",\"url\":\"https:\/\/secure.gravatar.com\/avatar\/892e878e26ee6e7c1689c0b5183da4949c35fb291d0554f021db478bb42e3226?s=96&d=mm&r=g\",\"contentUrl\":\"https:\/\/secure.gravatar.com\/avatar\/892e878e26ee6e7c1689c0b5183da4949c35fb291d0554f021db478bb42e3226?s=96&d=mm&r=g\",\"caption\":\"fem\"},\"url\":\"https:\/\/feminissima.de\/index.php\/author\/fem\/\"}]}<\/script>\n<!-- \/ Yoast SEO plugin. -->","yoast_head_json":{"title":"Ein neuer Sommer - Juli 2020 - Was haben wir hinter uns! - Feminissima","robots":{"index":"index","follow":"follow","max-snippet":"max-snippet:-1","max-image-preview":"max-image-preview:large","max-video-preview":"max-video-preview:-1"},"canonical":"https:\/\/feminissima.de\/index.php\/2020\/07\/01\/ein-neuer-sommer-juli-2020-was-haben-wir-hinter-uns\/","og_locale":"de_DE","og_type":"article","og_title":"Ein neuer Sommer - Juli 2020 - Was haben wir hinter uns! - Feminissima","og_description":"Willkommen zur\u00fcck&#8230;Erst einmal&#8230; Wenn Ihr Euch nach den lange Pausen ein wenig mit feminissima.de vertraut machen wollt, von mir, der oft zitierten Marenga (in Wirklichkeit Roswitha, furchtbar brav, und wer will das schon wissen!) so empfehle ich Euch einen Ausflug in die Kategorie &#8222;fem&#038;Leben&#8220; &#8230; Es sind alles live-texte, so wie wir heute auf Twitter&hellip; Ein neuer Sommer &#8211; Juli 2020 &#8211; Was haben wir hinter uns! weiterlesen","og_url":"https:\/\/feminissima.de\/index.php\/2020\/07\/01\/ein-neuer-sommer-juli-2020-was-haben-wir-hinter-uns\/","og_site_name":"Feminissima","article_published_time":"2020-06-30T23:43:31+00:00","author":"fem","twitter_card":"summary_large_image","twitter_misc":{"Verfasst von":"fem","Gesch\u00e4tzte Lesezeit":"5\u00a0Minuten"},"schema":{"@context":"https:\/\/schema.org","@graph":[{"@type":"WebPage","@id":"https:\/\/feminissima.de\/index.php\/2020\/07\/01\/ein-neuer-sommer-juli-2020-was-haben-wir-hinter-uns\/","url":"https:\/\/feminissima.de\/index.php\/2020\/07\/01\/ein-neuer-sommer-juli-2020-was-haben-wir-hinter-uns\/","name":"Ein neuer Sommer - Juli 2020 - Was haben wir hinter uns! - Feminissima","isPartOf":{"@id":"https:\/\/feminissima.de\/#website"},"datePublished":"2020-06-30T23:43:31+00:00","dateModified":"2020-06-30T23:43:31+00:00","author":{"@id":"https:\/\/feminissima.de\/#\/schema\/person\/5dea0fc707e9da59266a47da2f9a8210"},"breadcrumb":{"@id":"https:\/\/feminissima.de\/index.php\/2020\/07\/01\/ein-neuer-sommer-juli-2020-was-haben-wir-hinter-uns\/#breadcrumb"},"inLanguage":"de","potentialAction":[{"@type":"ReadAction","target":["https:\/\/feminissima.de\/index.php\/2020\/07\/01\/ein-neuer-sommer-juli-2020-was-haben-wir-hinter-uns\/"]}]},{"@type":"BreadcrumbList","@id":"https:\/\/feminissima.de\/index.php\/2020\/07\/01\/ein-neuer-sommer-juli-2020-was-haben-wir-hinter-uns\/#breadcrumb","itemListElement":[{"@type":"ListItem","position":1,"name":"Startseite","item":"https:\/\/feminissima.de\/"},{"@type":"ListItem","position":2,"name":"Ein neuer Sommer &#8211; Juli 2020 &#8211; Was haben wir hinter uns!"}]},{"@type":"WebSite","@id":"https:\/\/feminissima.de\/#website","url":"https:\/\/feminissima.de\/","name":"Feminissima","description":"","potentialAction":[{"@type":"SearchAction","target":{"@type":"EntryPoint","urlTemplate":"https:\/\/feminissima.de\/?s={search_term_string}"},"query-input":"required name=search_term_string"}],"inLanguage":"de"},{"@type":"Person","@id":"https:\/\/feminissima.de\/#\/schema\/person\/5dea0fc707e9da59266a47da2f9a8210","name":"fem","image":{"@type":"ImageObject","inLanguage":"de","@id":"https:\/\/feminissima.de\/#\/schema\/person\/image\/","url":"https:\/\/secure.gravatar.com\/avatar\/892e878e26ee6e7c1689c0b5183da4949c35fb291d0554f021db478bb42e3226?s=96&d=mm&r=g","contentUrl":"https:\/\/secure.gravatar.com\/avatar\/892e878e26ee6e7c1689c0b5183da4949c35fb291d0554f021db478bb42e3226?s=96&d=mm&r=g","caption":"fem"},"url":"https:\/\/feminissima.de\/index.php\/author\/fem\/"}]}},"jetpack_featured_media_url":"","_links":{"self":[{"href":"https:\/\/feminissima.de\/index.php\/wp-json\/wp\/v2\/posts\/88025","targetHints":{"allow":["GET"]}}],"collection":[{"href":"https:\/\/feminissima.de\/index.php\/wp-json\/wp\/v2\/posts"}],"about":[{"href":"https:\/\/feminissima.de\/index.php\/wp-json\/wp\/v2\/types\/post"}],"author":[{"embeddable":true,"href":"https:\/\/feminissima.de\/index.php\/wp-json\/wp\/v2\/users\/3"}],"replies":[{"embeddable":true,"href":"https:\/\/feminissima.de\/index.php\/wp-json\/wp\/v2\/comments?post=88025"}],"version-history":[{"count":0,"href":"https:\/\/feminissima.de\/index.php\/wp-json\/wp\/v2\/posts\/88025\/revisions"}],"wp:attachment":[{"href":"https:\/\/feminissima.de\/index.php\/wp-json\/wp\/v2\/media?parent=88025"}],"wp:term":[{"taxonomy":"category","embeddable":true,"href":"https:\/\/feminissima.de\/index.php\/wp-json\/wp\/v2\/categories?post=88025"},{"taxonomy":"post_tag","embeddable":true,"href":"https:\/\/feminissima.de\/index.php\/wp-json\/wp\/v2\/tags?post=88025"}],"curies":[{"name":"wp","href":"https:\/\/api.w.org\/{rel}","templated":true}]}}