{"id":88003,"date":"2019-10-17T13:08:48","date_gmt":"2019-10-17T11:08:48","guid":{"rendered":"http:\/\/www.feminissima.de\/?p=88003"},"modified":"2019-10-17T13:08:48","modified_gmt":"2019-10-17T11:08:48","slug":"in-zeiten-wie-diesen-oktobertage-2019-zeiten-der-nobelpreise-zeiten-der-kriege-zeiten-der","status":"publish","type":"post","link":"https:\/\/feminissima.de\/index.php\/2019\/10\/17\/in-zeiten-wie-diesen-oktobertage-2019-zeiten-der-nobelpreise-zeiten-der-kriege-zeiten-der\/","title":{"rendered":"In Zeiten wie diesen &#8211; Oktober:Tage 2019 &#8211; Zeiten  der Nobelpreise &#8211; Zeiten der Kriege &#8211; Zeiten der &#8212;"},"content":{"rendered":"<p>Guten Morgen &#8211;<br \/>\n(nein, seit 10 Minuten ist es Mittag  &#8211; ) 12:10 auf Teneriffa &#8211; eine Stunden fr\u00fcher ..im Vergleich zu was und wo ?<\/p>\n<p>Der inzwischen geschriebene Text &#8211; wurde wie von einer &#8222;Hand von au\u00dfen&#8220; beim Saven gel\u00f6scht&#8230;.<\/p>\n<p>Und es tauchte eine Schlagzeile auf der Seite auf &#8211; &#8222;Diese Seite funktioniert nicht&#8220;.<br \/>\nDas erinnert ja fast an die Big Hack-Angriffe fr\u00fcherer Jahre &#8211; als FEMINISSIMA noch t\u00e4glich aktiv war- zu allem, was so passierte, atmosph\u00e4risch ihre Ansichten &#8230;infos&#8230;atmos&#8230;.emotionen&#8230;.tippte&#8230;<\/p>\n<p>Aber scheint doch eher eine technische &#8230;T\u00fccke&#8230;.im Spiel&#8230; Wie schade, wenn der bereits so eloquent geschriebene Text gerade \u00fcber &#8222;Worte&#8220; &#8211; ihre Rolle, ihr Wert, ihre Vergewaltigung..futsch , wie gel\u00f6scht&#8230;<\/p>\n<p>Restore backups &#8230;lese ich oben&#8230;ah&#8230; und zumindest dieser erstaunte Text taucht wieder auf &#8211; irgendwo also auch noch der &#8222;bereits geschriebene&#8220; eigentlich Text zur \u00dcberschrift &#8230;versteckt..? Mal den Webmaster kontakten, which is never easy, you know&#8230;aber mein Wortspiel mein Spiel mit Worten und erratisch&#8230;.(irrlichternden) daher-kommenden &#8230;mehr als das Blondschoepfen ..einerseits&#8230;<br \/>\ngeltwert und geldwert&#8230;aber nun hier alles durcheinandert gewirbelt&#8230;<br \/>\nHold on&#8230; you know..! &#8230;<\/p>\n<p>Unter dem tiefwirkenden Eindruck des Erschrockenen, des Erschrockenseins &#8211; also erst einmal wieder &#8211; uralten Fans (seit 2002)  nicht unbekannt &#8211; :<\/p>\n<p>Hold on und &#8211; be back later&#8230;<br \/>\n12:41 Uhr \/Teneriffa-Time..<\/p>\n","protected":false},"excerpt":{"rendered":"<p>Guten Morgen &#8211; (nein, seit 10 Minuten ist es Mittag &#8211; ) 12:10 auf Teneriffa &#8211; eine Stunden fr\u00fcher ..im Vergleich zu was und wo ? Der inzwischen geschriebene Text &#8211; wurde wie von einer &#8222;Hand von au\u00dfen&#8220; beim Saven gel\u00f6scht&#8230;. Und es tauchte eine Schlagzeile auf der Seite auf &#8211; &#8222;Diese Seite funktioniert nicht&#8220;.&hellip; <a class=\"more-link\" href=\"https:\/\/feminissima.de\/index.php\/2019\/10\/17\/in-zeiten-wie-diesen-oktobertage-2019-zeiten-der-nobelpreise-zeiten-der-kriege-zeiten-der\/\"><span class=\"screen-reader-text\">In Zeiten wie diesen &#8211; Oktober:Tage 2019 &#8211; Zeiten  der Nobelpreise &#8211; Zeiten der Kriege &#8211; Zeiten der &#8212;<\/span> weiterlesen<\/a><\/p>\n","protected":false},"author":3,"featured_media":0,"comment_status":"closed","ping_status":"closed","sticky":false,"template":"","format":"standard","meta":{"footnotes":""},"categories":[6],"tags":[],"class_list":["post-88003","post","type-post","status-publish","format-standard","hentry","category-femleben","entry"],"yoast_head":"<!-- This site is optimized with the Yoast SEO plugin v21.0 - https:\/\/yoast.com\/wordpress\/plugins\/seo\/ -->\n<title>In Zeiten wie diesen - Oktober:Tage 2019 - Zeiten der Nobelpreise - Zeiten der Kriege - Zeiten der - Feminissima<\/title>\n<meta name=\"robots\" content=\"index, follow, max-snippet:-1, max-image-preview:large, max-video-preview:-1\" \/>\n<link rel=\"canonical\" href=\"https:\/\/feminissima.de\/index.php\/2019\/10\/17\/in-zeiten-wie-diesen-oktobertage-2019-zeiten-der-nobelpreise-zeiten-der-kriege-zeiten-der\/\" \/>\n<meta property=\"og:locale\" content=\"de_DE\" \/>\n<meta property=\"og:type\" content=\"article\" \/>\n<meta property=\"og:title\" content=\"In Zeiten wie diesen - Oktober:Tage 2019 - Zeiten der Nobelpreise - Zeiten der Kriege - Zeiten der - Feminissima\" \/>\n<meta property=\"og:description\" content=\"Guten Morgen &#8211; (nein, seit 10 Minuten ist es Mittag &#8211; ) 12:10 auf Teneriffa &#8211; eine Stunden fr\u00fcher ..im Vergleich zu was und wo ? Der inzwischen geschriebene Text &#8211; wurde wie von einer &#8222;Hand von au\u00dfen&#8220; beim Saven gel\u00f6scht&#8230;. Und es tauchte eine Schlagzeile auf der Seite auf &#8211; &#8222;Diese Seite funktioniert nicht&#8220;.&hellip; In Zeiten wie diesen &#8211; Oktober:Tage 2019 &#8211; Zeiten der Nobelpreise &#8211; Zeiten der Kriege &#8211; Zeiten der &#8212; weiterlesen\" \/>\n<meta property=\"og:url\" content=\"https:\/\/feminissima.de\/index.php\/2019\/10\/17\/in-zeiten-wie-diesen-oktobertage-2019-zeiten-der-nobelpreise-zeiten-der-kriege-zeiten-der\/\" \/>\n<meta property=\"og:site_name\" content=\"Feminissima\" \/>\n<meta property=\"article:published_time\" content=\"2019-10-17T11:08:48+00:00\" \/>\n<meta name=\"author\" content=\"fem\" \/>\n<meta name=\"twitter:card\" content=\"summary_large_image\" \/>\n<meta name=\"twitter:label1\" content=\"Verfasst von\" \/>\n\t<meta name=\"twitter:data1\" content=\"fem\" \/>\n\t<meta name=\"twitter:label2\" content=\"Gesch\u00e4tzte Lesezeit\" \/>\n\t<meta name=\"twitter:data2\" content=\"1\u00a0Minute\" \/>\n<script type=\"application\/ld+json\" class=\"yoast-schema-graph\">{\"@context\":\"https:\/\/schema.org\",\"@graph\":[{\"@type\":\"WebPage\",\"@id\":\"https:\/\/feminissima.de\/index.php\/2019\/10\/17\/in-zeiten-wie-diesen-oktobertage-2019-zeiten-der-nobelpreise-zeiten-der-kriege-zeiten-der\/\",\"url\":\"https:\/\/feminissima.de\/index.php\/2019\/10\/17\/in-zeiten-wie-diesen-oktobertage-2019-zeiten-der-nobelpreise-zeiten-der-kriege-zeiten-der\/\",\"name\":\"In Zeiten wie diesen - Oktober:Tage 2019 - Zeiten der Nobelpreise - Zeiten der Kriege - Zeiten der - Feminissima\",\"isPartOf\":{\"@id\":\"https:\/\/feminissima.de\/#website\"},\"datePublished\":\"2019-10-17T11:08:48+00:00\",\"dateModified\":\"2019-10-17T11:08:48+00:00\",\"author\":{\"@id\":\"https:\/\/feminissima.de\/#\/schema\/person\/5dea0fc707e9da59266a47da2f9a8210\"},\"breadcrumb\":{\"@id\":\"https:\/\/feminissima.de\/index.php\/2019\/10\/17\/in-zeiten-wie-diesen-oktobertage-2019-zeiten-der-nobelpreise-zeiten-der-kriege-zeiten-der\/#breadcrumb\"},\"inLanguage\":\"de\",\"potentialAction\":[{\"@type\":\"ReadAction\",\"target\":[\"https:\/\/feminissima.de\/index.php\/2019\/10\/17\/in-zeiten-wie-diesen-oktobertage-2019-zeiten-der-nobelpreise-zeiten-der-kriege-zeiten-der\/\"]}]},{\"@type\":\"BreadcrumbList\",\"@id\":\"https:\/\/feminissima.de\/index.php\/2019\/10\/17\/in-zeiten-wie-diesen-oktobertage-2019-zeiten-der-nobelpreise-zeiten-der-kriege-zeiten-der\/#breadcrumb\",\"itemListElement\":[{\"@type\":\"ListItem\",\"position\":1,\"name\":\"Startseite\",\"item\":\"https:\/\/feminissima.de\/\"},{\"@type\":\"ListItem\",\"position\":2,\"name\":\"In Zeiten wie diesen &#8211; Oktober:Tage 2019 &#8211; Zeiten der Nobelpreise &#8211; Zeiten der Kriege &#8211; Zeiten der &#8212;\"}]},{\"@type\":\"WebSite\",\"@id\":\"https:\/\/feminissima.de\/#website\",\"url\":\"https:\/\/feminissima.de\/\",\"name\":\"Feminissima\",\"description\":\"\",\"potentialAction\":[{\"@type\":\"SearchAction\",\"target\":{\"@type\":\"EntryPoint\",\"urlTemplate\":\"https:\/\/feminissima.de\/?s={search_term_string}\"},\"query-input\":\"required name=search_term_string\"}],\"inLanguage\":\"de\"},{\"@type\":\"Person\",\"@id\":\"https:\/\/feminissima.de\/#\/schema\/person\/5dea0fc707e9da59266a47da2f9a8210\",\"name\":\"fem\",\"image\":{\"@type\":\"ImageObject\",\"inLanguage\":\"de\",\"@id\":\"https:\/\/feminissima.de\/#\/schema\/person\/image\/\",\"url\":\"https:\/\/secure.gravatar.com\/avatar\/892e878e26ee6e7c1689c0b5183da4949c35fb291d0554f021db478bb42e3226?s=96&d=mm&r=g\",\"contentUrl\":\"https:\/\/secure.gravatar.com\/avatar\/892e878e26ee6e7c1689c0b5183da4949c35fb291d0554f021db478bb42e3226?s=96&d=mm&r=g\",\"caption\":\"fem\"},\"url\":\"https:\/\/feminissima.de\/index.php\/author\/fem\/\"}]}<\/script>\n<!-- \/ Yoast SEO plugin. -->","yoast_head_json":{"title":"In Zeiten wie diesen - Oktober:Tage 2019 - Zeiten der Nobelpreise - Zeiten der Kriege - Zeiten der - Feminissima","robots":{"index":"index","follow":"follow","max-snippet":"max-snippet:-1","max-image-preview":"max-image-preview:large","max-video-preview":"max-video-preview:-1"},"canonical":"https:\/\/feminissima.de\/index.php\/2019\/10\/17\/in-zeiten-wie-diesen-oktobertage-2019-zeiten-der-nobelpreise-zeiten-der-kriege-zeiten-der\/","og_locale":"de_DE","og_type":"article","og_title":"In Zeiten wie diesen - Oktober:Tage 2019 - Zeiten der Nobelpreise - Zeiten der Kriege - Zeiten der - Feminissima","og_description":"Guten Morgen &#8211; (nein, seit 10 Minuten ist es Mittag &#8211; ) 12:10 auf Teneriffa &#8211; eine Stunden fr\u00fcher ..im Vergleich zu was und wo ? Der inzwischen geschriebene Text &#8211; wurde wie von einer &#8222;Hand von au\u00dfen&#8220; beim Saven gel\u00f6scht&#8230;. Und es tauchte eine Schlagzeile auf der Seite auf &#8211; &#8222;Diese Seite funktioniert nicht&#8220;.&hellip; In Zeiten wie diesen &#8211; Oktober:Tage 2019 &#8211; Zeiten der Nobelpreise &#8211; Zeiten der Kriege &#8211; Zeiten der &#8212; weiterlesen","og_url":"https:\/\/feminissima.de\/index.php\/2019\/10\/17\/in-zeiten-wie-diesen-oktobertage-2019-zeiten-der-nobelpreise-zeiten-der-kriege-zeiten-der\/","og_site_name":"Feminissima","article_published_time":"2019-10-17T11:08:48+00:00","author":"fem","twitter_card":"summary_large_image","twitter_misc":{"Verfasst von":"fem","Gesch\u00e4tzte Lesezeit":"1\u00a0Minute"},"schema":{"@context":"https:\/\/schema.org","@graph":[{"@type":"WebPage","@id":"https:\/\/feminissima.de\/index.php\/2019\/10\/17\/in-zeiten-wie-diesen-oktobertage-2019-zeiten-der-nobelpreise-zeiten-der-kriege-zeiten-der\/","url":"https:\/\/feminissima.de\/index.php\/2019\/10\/17\/in-zeiten-wie-diesen-oktobertage-2019-zeiten-der-nobelpreise-zeiten-der-kriege-zeiten-der\/","name":"In Zeiten wie diesen - Oktober:Tage 2019 - Zeiten der Nobelpreise - Zeiten der Kriege - Zeiten der - Feminissima","isPartOf":{"@id":"https:\/\/feminissima.de\/#website"},"datePublished":"2019-10-17T11:08:48+00:00","dateModified":"2019-10-17T11:08:48+00:00","author":{"@id":"https:\/\/feminissima.de\/#\/schema\/person\/5dea0fc707e9da59266a47da2f9a8210"},"breadcrumb":{"@id":"https:\/\/feminissima.de\/index.php\/2019\/10\/17\/in-zeiten-wie-diesen-oktobertage-2019-zeiten-der-nobelpreise-zeiten-der-kriege-zeiten-der\/#breadcrumb"},"inLanguage":"de","potentialAction":[{"@type":"ReadAction","target":["https:\/\/feminissima.de\/index.php\/2019\/10\/17\/in-zeiten-wie-diesen-oktobertage-2019-zeiten-der-nobelpreise-zeiten-der-kriege-zeiten-der\/"]}]},{"@type":"BreadcrumbList","@id":"https:\/\/feminissima.de\/index.php\/2019\/10\/17\/in-zeiten-wie-diesen-oktobertage-2019-zeiten-der-nobelpreise-zeiten-der-kriege-zeiten-der\/#breadcrumb","itemListElement":[{"@type":"ListItem","position":1,"name":"Startseite","item":"https:\/\/feminissima.de\/"},{"@type":"ListItem","position":2,"name":"In Zeiten wie diesen &#8211; Oktober:Tage 2019 &#8211; Zeiten der Nobelpreise &#8211; Zeiten der Kriege &#8211; Zeiten der &#8212;"}]},{"@type":"WebSite","@id":"https:\/\/feminissima.de\/#website","url":"https:\/\/feminissima.de\/","name":"Feminissima","description":"","potentialAction":[{"@type":"SearchAction","target":{"@type":"EntryPoint","urlTemplate":"https:\/\/feminissima.de\/?s={search_term_string}"},"query-input":"required name=search_term_string"}],"inLanguage":"de"},{"@type":"Person","@id":"https:\/\/feminissima.de\/#\/schema\/person\/5dea0fc707e9da59266a47da2f9a8210","name":"fem","image":{"@type":"ImageObject","inLanguage":"de","@id":"https:\/\/feminissima.de\/#\/schema\/person\/image\/","url":"https:\/\/secure.gravatar.com\/avatar\/892e878e26ee6e7c1689c0b5183da4949c35fb291d0554f021db478bb42e3226?s=96&d=mm&r=g","contentUrl":"https:\/\/secure.gravatar.com\/avatar\/892e878e26ee6e7c1689c0b5183da4949c35fb291d0554f021db478bb42e3226?s=96&d=mm&r=g","caption":"fem"},"url":"https:\/\/feminissima.de\/index.php\/author\/fem\/"}]}},"jetpack_featured_media_url":"","_links":{"self":[{"href":"https:\/\/feminissima.de\/index.php\/wp-json\/wp\/v2\/posts\/88003","targetHints":{"allow":["GET"]}}],"collection":[{"href":"https:\/\/feminissima.de\/index.php\/wp-json\/wp\/v2\/posts"}],"about":[{"href":"https:\/\/feminissima.de\/index.php\/wp-json\/wp\/v2\/types\/post"}],"author":[{"embeddable":true,"href":"https:\/\/feminissima.de\/index.php\/wp-json\/wp\/v2\/users\/3"}],"replies":[{"embeddable":true,"href":"https:\/\/feminissima.de\/index.php\/wp-json\/wp\/v2\/comments?post=88003"}],"version-history":[{"count":0,"href":"https:\/\/feminissima.de\/index.php\/wp-json\/wp\/v2\/posts\/88003\/revisions"}],"wp:attachment":[{"href":"https:\/\/feminissima.de\/index.php\/wp-json\/wp\/v2\/media?parent=88003"}],"wp:term":[{"taxonomy":"category","embeddable":true,"href":"https:\/\/feminissima.de\/index.php\/wp-json\/wp\/v2\/categories?post=88003"},{"taxonomy":"post_tag","embeddable":true,"href":"https:\/\/feminissima.de\/index.php\/wp-json\/wp\/v2\/tags?post=88003"}],"curies":[{"name":"wp","href":"https:\/\/api.w.org\/{rel}","templated":true}]}}