{"id":87991,"date":"2019-07-10T17:36:20","date_gmt":"2019-07-10T15:36:20","guid":{"rendered":"http:\/\/www.feminissima.de\/?p=87991"},"modified":"2019-07-10T17:36:20","modified_gmt":"2019-07-10T15:36:20","slug":"die-welt-dreht-sich-schneller-als-ein-wurfel-die-heldin-heist-carola-rackete","status":"publish","type":"post","link":"https:\/\/feminissima.de\/index.php\/2019\/07\/10\/die-welt-dreht-sich-schneller-als-ein-wurfel-die-heldin-heist-carola-rackete\/","title":{"rendered":"Die Heldinnen &#8211; von GRETA bis Carola Rackete : Junge Frauen fordern die Altvorderen heraus!"},"content":{"rendered":"<p>GRETA &#8211; braucht nat\u00fcrlich eine eigene Rubrik fast, nein, braucht sie nicht. Sie ist weltbekannt&#8230;.Just GREAT &#8230; !<\/p>\n<p>Carola Rackete &#8211; sicher hat sich nicht geplant, oder beabsichtigt, derart in die Weltpresse und als HELDIN gefeiert zu werden, als sie mit ihren noch 40 Menschen an Bord &#8211; deren definitive Rettung beschlie\u00dft und den Hafen von LAMPEDUSA &#8222;entert&#8220;, werden einige sagen und es sch\u00e4umte der offenbar von haus aus cholerische Innenminister&#8230;Aber die Welt hat wieder eine Heldin &#8211; und she is German, young &#8211; 31, und du denkst, mit dieser Frau w\u00e4rst du gern befreundet. Sie strahlt etwas Besonderes aus, das sie einh\u00e4lt- G\u00fcte, St\u00e4rke. Entschlu\u00dfkraft und K\u00f6nnen. Die Kapit\u00e4nin. Chapeau.. F\u00fcr die Rettung der Menschen, denn Mut, die Chuzpe und zugleich die Gelassenheit&#8230;<\/p>\n<p>Die andere Frau &#8211; derzeit als #leyenspiel auf TWITTER ist das Gegenteil. Eine eiskalte Karrieristin, die sich dauerl\u00e4chelnd \u00fcber den Betrug am W\u00e4hler (Europa-Wahlen..) hinweg-setzen l\u00e4sst &#8211; nie im Wahlkampf, auf keiner Liste &#8211; macht sie den Bubenstreich ausgerechnet der eher rechten Vertreter des Europa Rats mit &#8211; und l\u00e4sst sich ncht nur nominieren f\u00fcr den Chef-Posten der EU-Kommissaren, sie will ihn auch haben. Bleiben wir gespannt.<\/p>\n<p>Die dritte Frau dieses Sommers, allerdings in der Abw\u00e4rtsspirale. Nein, bereits unten angekommen. #TeresaMay &#8230; Das BREXIT-DRAMA .. Der Sommer ist keineswegs ruhig&#8230;<\/p>\n<p>Nicht zu vergessen &#8211; ALICE SCHWARZER, die alles dransetzt, nicht vergessen zu werden. Und noch immer glaubt, sie war und ist und bleibt die &#8222;K\u00f6nigin des Feminismus&#8220;. Nein. Ist sie nicht. War sie nicht. Und auch wenn sie jeweils Themen wie &#8222;besetzt&#8220; h\u00e4lt, hei\u00dft es nicht, dass sie recht hat, oder richtig liegt.. <\/p>\n","protected":false},"excerpt":{"rendered":"<p>GRETA &#8211; braucht nat\u00fcrlich eine eigene Rubrik fast, nein, braucht sie nicht. Sie ist weltbekannt&#8230;.Just GREAT &#8230; ! Carola Rackete &#8211; sicher hat sich nicht geplant, oder beabsichtigt, derart in die Weltpresse und als HELDIN gefeiert zu werden, als sie mit ihren noch 40 Menschen an Bord &#8211; deren definitive Rettung beschlie\u00dft und den Hafen&hellip; <a class=\"more-link\" href=\"https:\/\/feminissima.de\/index.php\/2019\/07\/10\/die-welt-dreht-sich-schneller-als-ein-wurfel-die-heldin-heist-carola-rackete\/\"><span class=\"screen-reader-text\">Die Heldinnen &#8211; von GRETA bis Carola Rackete : Junge Frauen fordern die Altvorderen heraus!<\/span> weiterlesen<\/a><\/p>\n","protected":false},"author":3,"featured_media":0,"comment_status":"closed","ping_status":"closed","sticky":false,"template":"","format":"standard","meta":{"footnotes":""},"categories":[6],"tags":[],"class_list":["post-87991","post","type-post","status-publish","format-standard","hentry","category-femleben","entry"],"yoast_head":"<!-- This site is optimized with the Yoast SEO plugin v21.0 - https:\/\/yoast.com\/wordpress\/plugins\/seo\/ -->\n<title>Die Heldinnen - von GRETA bis Carola Rackete : Junge Frauen fordern die Altvorderen heraus! - Feminissima<\/title>\n<meta name=\"robots\" content=\"index, follow, max-snippet:-1, max-image-preview:large, max-video-preview:-1\" \/>\n<link rel=\"canonical\" href=\"https:\/\/feminissima.de\/index.php\/2019\/07\/10\/die-welt-dreht-sich-schneller-als-ein-wurfel-die-heldin-heist-carola-rackete\/\" \/>\n<meta property=\"og:locale\" content=\"de_DE\" \/>\n<meta property=\"og:type\" content=\"article\" \/>\n<meta property=\"og:title\" content=\"Die Heldinnen - von GRETA bis Carola Rackete : Junge Frauen fordern die Altvorderen heraus! - Feminissima\" \/>\n<meta property=\"og:description\" content=\"GRETA &#8211; braucht nat\u00fcrlich eine eigene Rubrik fast, nein, braucht sie nicht. Sie ist weltbekannt&#8230;.Just GREAT &#8230; ! Carola Rackete &#8211; sicher hat sich nicht geplant, oder beabsichtigt, derart in die Weltpresse und als HELDIN gefeiert zu werden, als sie mit ihren noch 40 Menschen an Bord &#8211; deren definitive Rettung beschlie\u00dft und den Hafen&hellip; Die Heldinnen &#8211; von GRETA bis Carola Rackete : Junge Frauen fordern die Altvorderen heraus! weiterlesen\" \/>\n<meta property=\"og:url\" content=\"https:\/\/feminissima.de\/index.php\/2019\/07\/10\/die-welt-dreht-sich-schneller-als-ein-wurfel-die-heldin-heist-carola-rackete\/\" \/>\n<meta property=\"og:site_name\" content=\"Feminissima\" \/>\n<meta property=\"article:published_time\" content=\"2019-07-10T15:36:20+00:00\" \/>\n<meta name=\"author\" content=\"fem\" \/>\n<meta name=\"twitter:card\" content=\"summary_large_image\" \/>\n<meta name=\"twitter:label1\" content=\"Verfasst von\" \/>\n\t<meta name=\"twitter:data1\" content=\"fem\" \/>\n\t<meta name=\"twitter:label2\" content=\"Gesch\u00e4tzte Lesezeit\" \/>\n\t<meta name=\"twitter:data2\" content=\"1\u00a0Minute\" \/>\n<script type=\"application\/ld+json\" class=\"yoast-schema-graph\">{\"@context\":\"https:\/\/schema.org\",\"@graph\":[{\"@type\":\"WebPage\",\"@id\":\"https:\/\/feminissima.de\/index.php\/2019\/07\/10\/die-welt-dreht-sich-schneller-als-ein-wurfel-die-heldin-heist-carola-rackete\/\",\"url\":\"https:\/\/feminissima.de\/index.php\/2019\/07\/10\/die-welt-dreht-sich-schneller-als-ein-wurfel-die-heldin-heist-carola-rackete\/\",\"name\":\"Die Heldinnen - von GRETA bis Carola Rackete : Junge Frauen fordern die Altvorderen heraus! - Feminissima\",\"isPartOf\":{\"@id\":\"https:\/\/feminissima.de\/#website\"},\"datePublished\":\"2019-07-10T15:36:20+00:00\",\"dateModified\":\"2019-07-10T15:36:20+00:00\",\"author\":{\"@id\":\"https:\/\/feminissima.de\/#\/schema\/person\/5dea0fc707e9da59266a47da2f9a8210\"},\"breadcrumb\":{\"@id\":\"https:\/\/feminissima.de\/index.php\/2019\/07\/10\/die-welt-dreht-sich-schneller-als-ein-wurfel-die-heldin-heist-carola-rackete\/#breadcrumb\"},\"inLanguage\":\"de\",\"potentialAction\":[{\"@type\":\"ReadAction\",\"target\":[\"https:\/\/feminissima.de\/index.php\/2019\/07\/10\/die-welt-dreht-sich-schneller-als-ein-wurfel-die-heldin-heist-carola-rackete\/\"]}]},{\"@type\":\"BreadcrumbList\",\"@id\":\"https:\/\/feminissima.de\/index.php\/2019\/07\/10\/die-welt-dreht-sich-schneller-als-ein-wurfel-die-heldin-heist-carola-rackete\/#breadcrumb\",\"itemListElement\":[{\"@type\":\"ListItem\",\"position\":1,\"name\":\"Startseite\",\"item\":\"https:\/\/feminissima.de\/\"},{\"@type\":\"ListItem\",\"position\":2,\"name\":\"Die Heldinnen &#8211; von GRETA bis Carola Rackete : Junge Frauen fordern die Altvorderen heraus!\"}]},{\"@type\":\"WebSite\",\"@id\":\"https:\/\/feminissima.de\/#website\",\"url\":\"https:\/\/feminissima.de\/\",\"name\":\"Feminissima\",\"description\":\"\",\"potentialAction\":[{\"@type\":\"SearchAction\",\"target\":{\"@type\":\"EntryPoint\",\"urlTemplate\":\"https:\/\/feminissima.de\/?s={search_term_string}\"},\"query-input\":\"required name=search_term_string\"}],\"inLanguage\":\"de\"},{\"@type\":\"Person\",\"@id\":\"https:\/\/feminissima.de\/#\/schema\/person\/5dea0fc707e9da59266a47da2f9a8210\",\"name\":\"fem\",\"image\":{\"@type\":\"ImageObject\",\"inLanguage\":\"de\",\"@id\":\"https:\/\/feminissima.de\/#\/schema\/person\/image\/\",\"url\":\"https:\/\/secure.gravatar.com\/avatar\/892e878e26ee6e7c1689c0b5183da4949c35fb291d0554f021db478bb42e3226?s=96&d=mm&r=g\",\"contentUrl\":\"https:\/\/secure.gravatar.com\/avatar\/892e878e26ee6e7c1689c0b5183da4949c35fb291d0554f021db478bb42e3226?s=96&d=mm&r=g\",\"caption\":\"fem\"},\"url\":\"https:\/\/feminissima.de\/index.php\/author\/fem\/\"}]}<\/script>\n<!-- \/ Yoast SEO plugin. -->","yoast_head_json":{"title":"Die Heldinnen - von GRETA bis Carola Rackete : Junge Frauen fordern die Altvorderen heraus! - Feminissima","robots":{"index":"index","follow":"follow","max-snippet":"max-snippet:-1","max-image-preview":"max-image-preview:large","max-video-preview":"max-video-preview:-1"},"canonical":"https:\/\/feminissima.de\/index.php\/2019\/07\/10\/die-welt-dreht-sich-schneller-als-ein-wurfel-die-heldin-heist-carola-rackete\/","og_locale":"de_DE","og_type":"article","og_title":"Die Heldinnen - von GRETA bis Carola Rackete : Junge Frauen fordern die Altvorderen heraus! - Feminissima","og_description":"GRETA &#8211; braucht nat\u00fcrlich eine eigene Rubrik fast, nein, braucht sie nicht. Sie ist weltbekannt&#8230;.Just GREAT &#8230; ! Carola Rackete &#8211; sicher hat sich nicht geplant, oder beabsichtigt, derart in die Weltpresse und als HELDIN gefeiert zu werden, als sie mit ihren noch 40 Menschen an Bord &#8211; deren definitive Rettung beschlie\u00dft und den Hafen&hellip; Die Heldinnen &#8211; von GRETA bis Carola Rackete : Junge Frauen fordern die Altvorderen heraus! weiterlesen","og_url":"https:\/\/feminissima.de\/index.php\/2019\/07\/10\/die-welt-dreht-sich-schneller-als-ein-wurfel-die-heldin-heist-carola-rackete\/","og_site_name":"Feminissima","article_published_time":"2019-07-10T15:36:20+00:00","author":"fem","twitter_card":"summary_large_image","twitter_misc":{"Verfasst von":"fem","Gesch\u00e4tzte Lesezeit":"1\u00a0Minute"},"schema":{"@context":"https:\/\/schema.org","@graph":[{"@type":"WebPage","@id":"https:\/\/feminissima.de\/index.php\/2019\/07\/10\/die-welt-dreht-sich-schneller-als-ein-wurfel-die-heldin-heist-carola-rackete\/","url":"https:\/\/feminissima.de\/index.php\/2019\/07\/10\/die-welt-dreht-sich-schneller-als-ein-wurfel-die-heldin-heist-carola-rackete\/","name":"Die Heldinnen - von GRETA bis Carola Rackete : Junge Frauen fordern die Altvorderen heraus! - Feminissima","isPartOf":{"@id":"https:\/\/feminissima.de\/#website"},"datePublished":"2019-07-10T15:36:20+00:00","dateModified":"2019-07-10T15:36:20+00:00","author":{"@id":"https:\/\/feminissima.de\/#\/schema\/person\/5dea0fc707e9da59266a47da2f9a8210"},"breadcrumb":{"@id":"https:\/\/feminissima.de\/index.php\/2019\/07\/10\/die-welt-dreht-sich-schneller-als-ein-wurfel-die-heldin-heist-carola-rackete\/#breadcrumb"},"inLanguage":"de","potentialAction":[{"@type":"ReadAction","target":["https:\/\/feminissima.de\/index.php\/2019\/07\/10\/die-welt-dreht-sich-schneller-als-ein-wurfel-die-heldin-heist-carola-rackete\/"]}]},{"@type":"BreadcrumbList","@id":"https:\/\/feminissima.de\/index.php\/2019\/07\/10\/die-welt-dreht-sich-schneller-als-ein-wurfel-die-heldin-heist-carola-rackete\/#breadcrumb","itemListElement":[{"@type":"ListItem","position":1,"name":"Startseite","item":"https:\/\/feminissima.de\/"},{"@type":"ListItem","position":2,"name":"Die Heldinnen &#8211; von GRETA bis Carola Rackete : Junge Frauen fordern die Altvorderen heraus!"}]},{"@type":"WebSite","@id":"https:\/\/feminissima.de\/#website","url":"https:\/\/feminissima.de\/","name":"Feminissima","description":"","potentialAction":[{"@type":"SearchAction","target":{"@type":"EntryPoint","urlTemplate":"https:\/\/feminissima.de\/?s={search_term_string}"},"query-input":"required name=search_term_string"}],"inLanguage":"de"},{"@type":"Person","@id":"https:\/\/feminissima.de\/#\/schema\/person\/5dea0fc707e9da59266a47da2f9a8210","name":"fem","image":{"@type":"ImageObject","inLanguage":"de","@id":"https:\/\/feminissima.de\/#\/schema\/person\/image\/","url":"https:\/\/secure.gravatar.com\/avatar\/892e878e26ee6e7c1689c0b5183da4949c35fb291d0554f021db478bb42e3226?s=96&d=mm&r=g","contentUrl":"https:\/\/secure.gravatar.com\/avatar\/892e878e26ee6e7c1689c0b5183da4949c35fb291d0554f021db478bb42e3226?s=96&d=mm&r=g","caption":"fem"},"url":"https:\/\/feminissima.de\/index.php\/author\/fem\/"}]}},"jetpack_featured_media_url":"","_links":{"self":[{"href":"https:\/\/feminissima.de\/index.php\/wp-json\/wp\/v2\/posts\/87991","targetHints":{"allow":["GET"]}}],"collection":[{"href":"https:\/\/feminissima.de\/index.php\/wp-json\/wp\/v2\/posts"}],"about":[{"href":"https:\/\/feminissima.de\/index.php\/wp-json\/wp\/v2\/types\/post"}],"author":[{"embeddable":true,"href":"https:\/\/feminissima.de\/index.php\/wp-json\/wp\/v2\/users\/3"}],"replies":[{"embeddable":true,"href":"https:\/\/feminissima.de\/index.php\/wp-json\/wp\/v2\/comments?post=87991"}],"version-history":[{"count":0,"href":"https:\/\/feminissima.de\/index.php\/wp-json\/wp\/v2\/posts\/87991\/revisions"}],"wp:attachment":[{"href":"https:\/\/feminissima.de\/index.php\/wp-json\/wp\/v2\/media?parent=87991"}],"wp:term":[{"taxonomy":"category","embeddable":true,"href":"https:\/\/feminissima.de\/index.php\/wp-json\/wp\/v2\/categories?post=87991"},{"taxonomy":"post_tag","embeddable":true,"href":"https:\/\/feminissima.de\/index.php\/wp-json\/wp\/v2\/tags?post=87991"}],"curies":[{"name":"wp","href":"https:\/\/api.w.org\/{rel}","templated":true}]}}