{"id":87987,"date":"2019-06-25T01:07:47","date_gmt":"2019-06-24T23:07:47","guid":{"rendered":"http:\/\/www.feminissima.de\/?p=87987"},"modified":"2019-06-25T01:07:47","modified_gmt":"2019-06-24T23:07:47","slug":"first-post-in-der-sommernacht-von-teneriffa-zum-25-juni-boris-becker-tut-uns-ja-doch-leid","status":"publish","type":"post","link":"https:\/\/feminissima.de\/index.php\/2019\/06\/25\/first-post-in-der-sommernacht-von-teneriffa-zum-25-juni-boris-becker-tut-uns-ja-doch-leid\/","title":{"rendered":"First post in der Sommernacht von Teneriffa zum 25. Juni : Boris Becker tut uns &#8211; ja, doch,&#8230;leid."},"content":{"rendered":"<p>Es ist eine v\u00f6llig andere Welt. Von auch Gro\u00dfmannssucht. Von Raub-Bau auf Mallorca, von sicher ner unz\u00e4hligen Menge von Fehlern..beim Versuch, alles BESTENS zu machen. Die Frauen haben ausgesorgt. Boris Becker , der jahrelange &#8222;Held der Deutschen&#8220; aber &#8211; er ist pleite.<\/p>\n<p>Nun werden also seine Troph\u00e4en versteigert.<br \/>\nDAS macht uns traurig.  Richtig, richtig traurig.<\/p>\n<p>7 Minuten im neuen Datum &#8211; 0Uhr08 im stillen Canarian Village.<br \/>\nWie war das noch fr\u00fcher? All das Gewusel von M\u00fccken und was nicht alles, um die Lampe&#8230;bei offener T\u00fcr..die sich zum Licht&#8230; und bitte, verbrennt Euch nicht. Auch Teneriffa ist vergiftet. Kein Nachtgetier, keine Nachtfalter, alles still. Es ist so traurig.<\/p>\n","protected":false},"excerpt":{"rendered":"<p>Es ist eine v\u00f6llig andere Welt. Von auch Gro\u00dfmannssucht. Von Raub-Bau auf Mallorca, von sicher ner unz\u00e4hligen Menge von Fehlern..beim Versuch, alles BESTENS zu machen. Die Frauen haben ausgesorgt. Boris Becker , der jahrelange &#8222;Held der Deutschen&#8220; aber &#8211; er ist pleite. Nun werden also seine Troph\u00e4en versteigert. DAS macht uns traurig. Richtig, richtig traurig.&hellip; <a class=\"more-link\" href=\"https:\/\/feminissima.de\/index.php\/2019\/06\/25\/first-post-in-der-sommernacht-von-teneriffa-zum-25-juni-boris-becker-tut-uns-ja-doch-leid\/\"><span class=\"screen-reader-text\">First post in der Sommernacht von Teneriffa zum 25. Juni : Boris Becker tut uns &#8211; ja, doch,&#8230;leid.<\/span> weiterlesen<\/a><\/p>\n","protected":false},"author":3,"featured_media":0,"comment_status":"closed","ping_status":"closed","sticky":false,"template":"","format":"standard","meta":{"footnotes":""},"categories":[6],"tags":[],"class_list":["post-87987","post","type-post","status-publish","format-standard","hentry","category-femleben","entry"],"yoast_head":"<!-- This site is optimized with the Yoast SEO plugin v21.0 - https:\/\/yoast.com\/wordpress\/plugins\/seo\/ -->\n<title>First post in der Sommernacht von Teneriffa zum 25. Juni : Boris Becker tut uns - ja, doch,...leid. - Feminissima<\/title>\n<meta name=\"robots\" content=\"index, follow, max-snippet:-1, max-image-preview:large, max-video-preview:-1\" \/>\n<link rel=\"canonical\" href=\"https:\/\/feminissima.de\/index.php\/2019\/06\/25\/first-post-in-der-sommernacht-von-teneriffa-zum-25-juni-boris-becker-tut-uns-ja-doch-leid\/\" \/>\n<meta property=\"og:locale\" content=\"de_DE\" \/>\n<meta property=\"og:type\" content=\"article\" \/>\n<meta property=\"og:title\" content=\"First post in der Sommernacht von Teneriffa zum 25. Juni : Boris Becker tut uns - ja, doch,...leid. - Feminissima\" \/>\n<meta property=\"og:description\" content=\"Es ist eine v\u00f6llig andere Welt. Von auch Gro\u00dfmannssucht. Von Raub-Bau auf Mallorca, von sicher ner unz\u00e4hligen Menge von Fehlern..beim Versuch, alles BESTENS zu machen. Die Frauen haben ausgesorgt. Boris Becker , der jahrelange &#8222;Held der Deutschen&#8220; aber &#8211; er ist pleite. Nun werden also seine Troph\u00e4en versteigert. DAS macht uns traurig. Richtig, richtig traurig.&hellip; First post in der Sommernacht von Teneriffa zum 25. Juni : Boris Becker tut uns &#8211; ja, doch,&#8230;leid. weiterlesen\" \/>\n<meta property=\"og:url\" content=\"https:\/\/feminissima.de\/index.php\/2019\/06\/25\/first-post-in-der-sommernacht-von-teneriffa-zum-25-juni-boris-becker-tut-uns-ja-doch-leid\/\" \/>\n<meta property=\"og:site_name\" content=\"Feminissima\" \/>\n<meta property=\"article:published_time\" content=\"2019-06-24T23:07:47+00:00\" \/>\n<meta name=\"author\" content=\"fem\" \/>\n<meta name=\"twitter:card\" content=\"summary_large_image\" \/>\n<meta name=\"twitter:label1\" content=\"Verfasst von\" \/>\n\t<meta name=\"twitter:data1\" content=\"fem\" \/>\n\t<meta name=\"twitter:label2\" content=\"Gesch\u00e4tzte Lesezeit\" \/>\n\t<meta name=\"twitter:data2\" content=\"1\u00a0Minute\" \/>\n<script type=\"application\/ld+json\" class=\"yoast-schema-graph\">{\"@context\":\"https:\/\/schema.org\",\"@graph\":[{\"@type\":\"WebPage\",\"@id\":\"https:\/\/feminissima.de\/index.php\/2019\/06\/25\/first-post-in-der-sommernacht-von-teneriffa-zum-25-juni-boris-becker-tut-uns-ja-doch-leid\/\",\"url\":\"https:\/\/feminissima.de\/index.php\/2019\/06\/25\/first-post-in-der-sommernacht-von-teneriffa-zum-25-juni-boris-becker-tut-uns-ja-doch-leid\/\",\"name\":\"First post in der Sommernacht von Teneriffa zum 25. Juni : Boris Becker tut uns - ja, doch,...leid. - Feminissima\",\"isPartOf\":{\"@id\":\"https:\/\/feminissima.de\/#website\"},\"datePublished\":\"2019-06-24T23:07:47+00:00\",\"dateModified\":\"2019-06-24T23:07:47+00:00\",\"author\":{\"@id\":\"https:\/\/feminissima.de\/#\/schema\/person\/5dea0fc707e9da59266a47da2f9a8210\"},\"breadcrumb\":{\"@id\":\"https:\/\/feminissima.de\/index.php\/2019\/06\/25\/first-post-in-der-sommernacht-von-teneriffa-zum-25-juni-boris-becker-tut-uns-ja-doch-leid\/#breadcrumb\"},\"inLanguage\":\"de\",\"potentialAction\":[{\"@type\":\"ReadAction\",\"target\":[\"https:\/\/feminissima.de\/index.php\/2019\/06\/25\/first-post-in-der-sommernacht-von-teneriffa-zum-25-juni-boris-becker-tut-uns-ja-doch-leid\/\"]}]},{\"@type\":\"BreadcrumbList\",\"@id\":\"https:\/\/feminissima.de\/index.php\/2019\/06\/25\/first-post-in-der-sommernacht-von-teneriffa-zum-25-juni-boris-becker-tut-uns-ja-doch-leid\/#breadcrumb\",\"itemListElement\":[{\"@type\":\"ListItem\",\"position\":1,\"name\":\"Startseite\",\"item\":\"https:\/\/feminissima.de\/\"},{\"@type\":\"ListItem\",\"position\":2,\"name\":\"First post in der Sommernacht von Teneriffa zum 25. Juni : Boris Becker tut uns &#8211; ja, doch,&#8230;leid.\"}]},{\"@type\":\"WebSite\",\"@id\":\"https:\/\/feminissima.de\/#website\",\"url\":\"https:\/\/feminissima.de\/\",\"name\":\"Feminissima\",\"description\":\"\",\"potentialAction\":[{\"@type\":\"SearchAction\",\"target\":{\"@type\":\"EntryPoint\",\"urlTemplate\":\"https:\/\/feminissima.de\/?s={search_term_string}\"},\"query-input\":\"required name=search_term_string\"}],\"inLanguage\":\"de\"},{\"@type\":\"Person\",\"@id\":\"https:\/\/feminissima.de\/#\/schema\/person\/5dea0fc707e9da59266a47da2f9a8210\",\"name\":\"fem\",\"image\":{\"@type\":\"ImageObject\",\"inLanguage\":\"de\",\"@id\":\"https:\/\/feminissima.de\/#\/schema\/person\/image\/\",\"url\":\"https:\/\/secure.gravatar.com\/avatar\/892e878e26ee6e7c1689c0b5183da4949c35fb291d0554f021db478bb42e3226?s=96&d=mm&r=g\",\"contentUrl\":\"https:\/\/secure.gravatar.com\/avatar\/892e878e26ee6e7c1689c0b5183da4949c35fb291d0554f021db478bb42e3226?s=96&d=mm&r=g\",\"caption\":\"fem\"},\"url\":\"https:\/\/feminissima.de\/index.php\/author\/fem\/\"}]}<\/script>\n<!-- \/ Yoast SEO plugin. -->","yoast_head_json":{"title":"First post in der Sommernacht von Teneriffa zum 25. Juni : Boris Becker tut uns - ja, doch,...leid. - Feminissima","robots":{"index":"index","follow":"follow","max-snippet":"max-snippet:-1","max-image-preview":"max-image-preview:large","max-video-preview":"max-video-preview:-1"},"canonical":"https:\/\/feminissima.de\/index.php\/2019\/06\/25\/first-post-in-der-sommernacht-von-teneriffa-zum-25-juni-boris-becker-tut-uns-ja-doch-leid\/","og_locale":"de_DE","og_type":"article","og_title":"First post in der Sommernacht von Teneriffa zum 25. Juni : Boris Becker tut uns - ja, doch,...leid. - Feminissima","og_description":"Es ist eine v\u00f6llig andere Welt. Von auch Gro\u00dfmannssucht. Von Raub-Bau auf Mallorca, von sicher ner unz\u00e4hligen Menge von Fehlern..beim Versuch, alles BESTENS zu machen. Die Frauen haben ausgesorgt. Boris Becker , der jahrelange &#8222;Held der Deutschen&#8220; aber &#8211; er ist pleite. Nun werden also seine Troph\u00e4en versteigert. DAS macht uns traurig. Richtig, richtig traurig.&hellip; First post in der Sommernacht von Teneriffa zum 25. Juni : Boris Becker tut uns &#8211; ja, doch,&#8230;leid. weiterlesen","og_url":"https:\/\/feminissima.de\/index.php\/2019\/06\/25\/first-post-in-der-sommernacht-von-teneriffa-zum-25-juni-boris-becker-tut-uns-ja-doch-leid\/","og_site_name":"Feminissima","article_published_time":"2019-06-24T23:07:47+00:00","author":"fem","twitter_card":"summary_large_image","twitter_misc":{"Verfasst von":"fem","Gesch\u00e4tzte Lesezeit":"1\u00a0Minute"},"schema":{"@context":"https:\/\/schema.org","@graph":[{"@type":"WebPage","@id":"https:\/\/feminissima.de\/index.php\/2019\/06\/25\/first-post-in-der-sommernacht-von-teneriffa-zum-25-juni-boris-becker-tut-uns-ja-doch-leid\/","url":"https:\/\/feminissima.de\/index.php\/2019\/06\/25\/first-post-in-der-sommernacht-von-teneriffa-zum-25-juni-boris-becker-tut-uns-ja-doch-leid\/","name":"First post in der Sommernacht von Teneriffa zum 25. Juni : Boris Becker tut uns - ja, doch,...leid. - Feminissima","isPartOf":{"@id":"https:\/\/feminissima.de\/#website"},"datePublished":"2019-06-24T23:07:47+00:00","dateModified":"2019-06-24T23:07:47+00:00","author":{"@id":"https:\/\/feminissima.de\/#\/schema\/person\/5dea0fc707e9da59266a47da2f9a8210"},"breadcrumb":{"@id":"https:\/\/feminissima.de\/index.php\/2019\/06\/25\/first-post-in-der-sommernacht-von-teneriffa-zum-25-juni-boris-becker-tut-uns-ja-doch-leid\/#breadcrumb"},"inLanguage":"de","potentialAction":[{"@type":"ReadAction","target":["https:\/\/feminissima.de\/index.php\/2019\/06\/25\/first-post-in-der-sommernacht-von-teneriffa-zum-25-juni-boris-becker-tut-uns-ja-doch-leid\/"]}]},{"@type":"BreadcrumbList","@id":"https:\/\/feminissima.de\/index.php\/2019\/06\/25\/first-post-in-der-sommernacht-von-teneriffa-zum-25-juni-boris-becker-tut-uns-ja-doch-leid\/#breadcrumb","itemListElement":[{"@type":"ListItem","position":1,"name":"Startseite","item":"https:\/\/feminissima.de\/"},{"@type":"ListItem","position":2,"name":"First post in der Sommernacht von Teneriffa zum 25. Juni : Boris Becker tut uns &#8211; ja, doch,&#8230;leid."}]},{"@type":"WebSite","@id":"https:\/\/feminissima.de\/#website","url":"https:\/\/feminissima.de\/","name":"Feminissima","description":"","potentialAction":[{"@type":"SearchAction","target":{"@type":"EntryPoint","urlTemplate":"https:\/\/feminissima.de\/?s={search_term_string}"},"query-input":"required name=search_term_string"}],"inLanguage":"de"},{"@type":"Person","@id":"https:\/\/feminissima.de\/#\/schema\/person\/5dea0fc707e9da59266a47da2f9a8210","name":"fem","image":{"@type":"ImageObject","inLanguage":"de","@id":"https:\/\/feminissima.de\/#\/schema\/person\/image\/","url":"https:\/\/secure.gravatar.com\/avatar\/892e878e26ee6e7c1689c0b5183da4949c35fb291d0554f021db478bb42e3226?s=96&d=mm&r=g","contentUrl":"https:\/\/secure.gravatar.com\/avatar\/892e878e26ee6e7c1689c0b5183da4949c35fb291d0554f021db478bb42e3226?s=96&d=mm&r=g","caption":"fem"},"url":"https:\/\/feminissima.de\/index.php\/author\/fem\/"}]}},"jetpack_featured_media_url":"","_links":{"self":[{"href":"https:\/\/feminissima.de\/index.php\/wp-json\/wp\/v2\/posts\/87987","targetHints":{"allow":["GET"]}}],"collection":[{"href":"https:\/\/feminissima.de\/index.php\/wp-json\/wp\/v2\/posts"}],"about":[{"href":"https:\/\/feminissima.de\/index.php\/wp-json\/wp\/v2\/types\/post"}],"author":[{"embeddable":true,"href":"https:\/\/feminissima.de\/index.php\/wp-json\/wp\/v2\/users\/3"}],"replies":[{"embeddable":true,"href":"https:\/\/feminissima.de\/index.php\/wp-json\/wp\/v2\/comments?post=87987"}],"version-history":[{"count":0,"href":"https:\/\/feminissima.de\/index.php\/wp-json\/wp\/v2\/posts\/87987\/revisions"}],"wp:attachment":[{"href":"https:\/\/feminissima.de\/index.php\/wp-json\/wp\/v2\/media?parent=87987"}],"wp:term":[{"taxonomy":"category","embeddable":true,"href":"https:\/\/feminissima.de\/index.php\/wp-json\/wp\/v2\/categories?post=87987"},{"taxonomy":"post_tag","embeddable":true,"href":"https:\/\/feminissima.de\/index.php\/wp-json\/wp\/v2\/tags?post=87987"}],"curies":[{"name":"wp","href":"https:\/\/api.w.org\/{rel}","templated":true}]}}