{"id":87981,"date":"2019-06-25T00:23:46","date_gmt":"2019-06-24T22:23:46","guid":{"rendered":"http:\/\/www.feminissima.de\/?p=87981"},"modified":"2019-06-25T00:23:46","modified_gmt":"2019-06-24T22:23:46","slug":"warum-sprechen-sie-bei-der-bundeswehr-von-kamerad-ist-das-nicht-nazi-speech-jedenfalls-ist-einer-tot","status":"publish","type":"post","link":"https:\/\/feminissima.de\/index.php\/2019\/06\/25\/warum-sprechen-sie-bei-der-bundeswehr-von-kamerad-ist-das-nicht-nazi-speech-jedenfalls-ist-einer-tot\/","title":{"rendered":"Warum sprechen sie bei der Bundeswehr von &#8222;Kamerad&#8220; &#8211; ist das nicht Nazi-Speech? Jedenfalls ist einer tot."},"content":{"rendered":"<p>Was, verdammt, verdammt, verdammt &#8211; ist los &#8211; mit und bei dieser maroden Bundeswehr &#8211; die eh nie, nicht, nimmer vorgesehen war.<\/p>\n<p>Jetzt heulen sich &#8211; wieder einmal &#8211; Menschen die Augen aus, die einen Sohn, vielleicht einen Ehemann, Vater, einen Freund, ganz sicher, einen Bruder &#8211; f\u00fcr eine sinnlose .. f\u00fcr nothing, Tod f\u00fcr gar nichts &#8211;<\/p>\n<p>schafft endlich diese Bundeswehr ab und schickt endlich auch Uschi heim zu den Kids.<\/p>\n<p>Beileid. Bitter.<\/p>\n<p>Einmal ne Soldatenfrau gekannt. Ihr junger Mann, beide waren jung, in einem dieser &#8222;Eins\u00e4tze&#8220; &#8211; die verdammt noch mal als &#8222;Friedensmission&#8220; bezeichnet werden, als h\u00e4tte ein KRIEG jemals etwas mit FRIEDEN zu tun gehabt. Diese Frau war ein Wrack vor lauter Angst um ihren Geliebten, den sie doch erst vor 3 Jahren geheiratet, der l\u00fctte Sohn, der seinen Papa fast nur von Fotos kannte&#8230;<\/p>\n<p>Schei\u00dfe traurig !<br \/>\nDas sind die Momente, da du das weltweite Teilen auf Twitter wieder einmal so vermisst. Die Gedanken der anderen&#8230;Das twittergeteilte Beileid. Das NEIN zu allem, was mit Milit\u00e4r zu tun hat&#8230; Die Gleichgesinnten&#8230; Aber raus ist raus. Es war eine Entscheidung. Sie steht. (Noch). <\/p>\n","protected":false},"excerpt":{"rendered":"<p>Was, verdammt, verdammt, verdammt &#8211; ist los &#8211; mit und bei dieser maroden Bundeswehr &#8211; die eh nie, nicht, nimmer vorgesehen war. Jetzt heulen sich &#8211; wieder einmal &#8211; Menschen die Augen aus, die einen Sohn, vielleicht einen Ehemann, Vater, einen Freund, ganz sicher, einen Bruder &#8211; f\u00fcr eine sinnlose .. f\u00fcr nothing, Tod f\u00fcr&hellip; <a class=\"more-link\" href=\"https:\/\/feminissima.de\/index.php\/2019\/06\/25\/warum-sprechen-sie-bei-der-bundeswehr-von-kamerad-ist-das-nicht-nazi-speech-jedenfalls-ist-einer-tot\/\"><span class=\"screen-reader-text\">Warum sprechen sie bei der Bundeswehr von &#8222;Kamerad&#8220; &#8211; ist das nicht Nazi-Speech? Jedenfalls ist einer tot.<\/span> weiterlesen<\/a><\/p>\n","protected":false},"author":3,"featured_media":0,"comment_status":"closed","ping_status":"closed","sticky":false,"template":"","format":"standard","meta":{"footnotes":""},"categories":[6],"tags":[],"class_list":["post-87981","post","type-post","status-publish","format-standard","hentry","category-femleben","entry"],"yoast_head":"<!-- This site is optimized with the Yoast SEO plugin v21.0 - https:\/\/yoast.com\/wordpress\/plugins\/seo\/ -->\n<title>Warum sprechen sie bei der Bundeswehr von &quot;Kamerad&quot; - ist das nicht Nazi-Speech? Jedenfalls ist einer tot. - Feminissima<\/title>\n<meta name=\"robots\" content=\"index, follow, max-snippet:-1, max-image-preview:large, max-video-preview:-1\" \/>\n<link rel=\"canonical\" href=\"https:\/\/feminissima.de\/index.php\/2019\/06\/25\/warum-sprechen-sie-bei-der-bundeswehr-von-kamerad-ist-das-nicht-nazi-speech-jedenfalls-ist-einer-tot\/\" \/>\n<meta property=\"og:locale\" content=\"de_DE\" \/>\n<meta property=\"og:type\" content=\"article\" \/>\n<meta property=\"og:title\" content=\"Warum sprechen sie bei der Bundeswehr von &quot;Kamerad&quot; - ist das nicht Nazi-Speech? Jedenfalls ist einer tot. - Feminissima\" \/>\n<meta property=\"og:description\" content=\"Was, verdammt, verdammt, verdammt &#8211; ist los &#8211; mit und bei dieser maroden Bundeswehr &#8211; die eh nie, nicht, nimmer vorgesehen war. Jetzt heulen sich &#8211; wieder einmal &#8211; Menschen die Augen aus, die einen Sohn, vielleicht einen Ehemann, Vater, einen Freund, ganz sicher, einen Bruder &#8211; f\u00fcr eine sinnlose .. f\u00fcr nothing, Tod f\u00fcr&hellip; Warum sprechen sie bei der Bundeswehr von &#8222;Kamerad&#8220; &#8211; ist das nicht Nazi-Speech? Jedenfalls ist einer tot. weiterlesen\" \/>\n<meta property=\"og:url\" content=\"https:\/\/feminissima.de\/index.php\/2019\/06\/25\/warum-sprechen-sie-bei-der-bundeswehr-von-kamerad-ist-das-nicht-nazi-speech-jedenfalls-ist-einer-tot\/\" \/>\n<meta property=\"og:site_name\" content=\"Feminissima\" \/>\n<meta property=\"article:published_time\" content=\"2019-06-24T22:23:46+00:00\" \/>\n<meta name=\"author\" content=\"fem\" \/>\n<meta name=\"twitter:card\" content=\"summary_large_image\" \/>\n<meta name=\"twitter:label1\" content=\"Verfasst von\" \/>\n\t<meta name=\"twitter:data1\" content=\"fem\" \/>\n\t<meta name=\"twitter:label2\" content=\"Gesch\u00e4tzte Lesezeit\" \/>\n\t<meta name=\"twitter:data2\" content=\"1\u00a0Minute\" \/>\n<script type=\"application\/ld+json\" class=\"yoast-schema-graph\">{\"@context\":\"https:\/\/schema.org\",\"@graph\":[{\"@type\":\"WebPage\",\"@id\":\"https:\/\/feminissima.de\/index.php\/2019\/06\/25\/warum-sprechen-sie-bei-der-bundeswehr-von-kamerad-ist-das-nicht-nazi-speech-jedenfalls-ist-einer-tot\/\",\"url\":\"https:\/\/feminissima.de\/index.php\/2019\/06\/25\/warum-sprechen-sie-bei-der-bundeswehr-von-kamerad-ist-das-nicht-nazi-speech-jedenfalls-ist-einer-tot\/\",\"name\":\"Warum sprechen sie bei der Bundeswehr von \\\"Kamerad\\\" - ist das nicht Nazi-Speech? Jedenfalls ist einer tot. - Feminissima\",\"isPartOf\":{\"@id\":\"https:\/\/feminissima.de\/#website\"},\"datePublished\":\"2019-06-24T22:23:46+00:00\",\"dateModified\":\"2019-06-24T22:23:46+00:00\",\"author\":{\"@id\":\"https:\/\/feminissima.de\/#\/schema\/person\/5dea0fc707e9da59266a47da2f9a8210\"},\"breadcrumb\":{\"@id\":\"https:\/\/feminissima.de\/index.php\/2019\/06\/25\/warum-sprechen-sie-bei-der-bundeswehr-von-kamerad-ist-das-nicht-nazi-speech-jedenfalls-ist-einer-tot\/#breadcrumb\"},\"inLanguage\":\"de\",\"potentialAction\":[{\"@type\":\"ReadAction\",\"target\":[\"https:\/\/feminissima.de\/index.php\/2019\/06\/25\/warum-sprechen-sie-bei-der-bundeswehr-von-kamerad-ist-das-nicht-nazi-speech-jedenfalls-ist-einer-tot\/\"]}]},{\"@type\":\"BreadcrumbList\",\"@id\":\"https:\/\/feminissima.de\/index.php\/2019\/06\/25\/warum-sprechen-sie-bei-der-bundeswehr-von-kamerad-ist-das-nicht-nazi-speech-jedenfalls-ist-einer-tot\/#breadcrumb\",\"itemListElement\":[{\"@type\":\"ListItem\",\"position\":1,\"name\":\"Startseite\",\"item\":\"https:\/\/feminissima.de\/\"},{\"@type\":\"ListItem\",\"position\":2,\"name\":\"Warum sprechen sie bei der Bundeswehr von &#8222;Kamerad&#8220; &#8211; ist das nicht Nazi-Speech? Jedenfalls ist einer tot.\"}]},{\"@type\":\"WebSite\",\"@id\":\"https:\/\/feminissima.de\/#website\",\"url\":\"https:\/\/feminissima.de\/\",\"name\":\"Feminissima\",\"description\":\"\",\"potentialAction\":[{\"@type\":\"SearchAction\",\"target\":{\"@type\":\"EntryPoint\",\"urlTemplate\":\"https:\/\/feminissima.de\/?s={search_term_string}\"},\"query-input\":\"required name=search_term_string\"}],\"inLanguage\":\"de\"},{\"@type\":\"Person\",\"@id\":\"https:\/\/feminissima.de\/#\/schema\/person\/5dea0fc707e9da59266a47da2f9a8210\",\"name\":\"fem\",\"image\":{\"@type\":\"ImageObject\",\"inLanguage\":\"de\",\"@id\":\"https:\/\/feminissima.de\/#\/schema\/person\/image\/\",\"url\":\"https:\/\/secure.gravatar.com\/avatar\/892e878e26ee6e7c1689c0b5183da4949c35fb291d0554f021db478bb42e3226?s=96&d=mm&r=g\",\"contentUrl\":\"https:\/\/secure.gravatar.com\/avatar\/892e878e26ee6e7c1689c0b5183da4949c35fb291d0554f021db478bb42e3226?s=96&d=mm&r=g\",\"caption\":\"fem\"},\"url\":\"https:\/\/feminissima.de\/index.php\/author\/fem\/\"}]}<\/script>\n<!-- \/ Yoast SEO plugin. -->","yoast_head_json":{"title":"Warum sprechen sie bei der Bundeswehr von \"Kamerad\" - ist das nicht Nazi-Speech? Jedenfalls ist einer tot. - Feminissima","robots":{"index":"index","follow":"follow","max-snippet":"max-snippet:-1","max-image-preview":"max-image-preview:large","max-video-preview":"max-video-preview:-1"},"canonical":"https:\/\/feminissima.de\/index.php\/2019\/06\/25\/warum-sprechen-sie-bei-der-bundeswehr-von-kamerad-ist-das-nicht-nazi-speech-jedenfalls-ist-einer-tot\/","og_locale":"de_DE","og_type":"article","og_title":"Warum sprechen sie bei der Bundeswehr von \"Kamerad\" - ist das nicht Nazi-Speech? Jedenfalls ist einer tot. - Feminissima","og_description":"Was, verdammt, verdammt, verdammt &#8211; ist los &#8211; mit und bei dieser maroden Bundeswehr &#8211; die eh nie, nicht, nimmer vorgesehen war. Jetzt heulen sich &#8211; wieder einmal &#8211; Menschen die Augen aus, die einen Sohn, vielleicht einen Ehemann, Vater, einen Freund, ganz sicher, einen Bruder &#8211; f\u00fcr eine sinnlose .. f\u00fcr nothing, Tod f\u00fcr&hellip; Warum sprechen sie bei der Bundeswehr von &#8222;Kamerad&#8220; &#8211; ist das nicht Nazi-Speech? Jedenfalls ist einer tot. weiterlesen","og_url":"https:\/\/feminissima.de\/index.php\/2019\/06\/25\/warum-sprechen-sie-bei-der-bundeswehr-von-kamerad-ist-das-nicht-nazi-speech-jedenfalls-ist-einer-tot\/","og_site_name":"Feminissima","article_published_time":"2019-06-24T22:23:46+00:00","author":"fem","twitter_card":"summary_large_image","twitter_misc":{"Verfasst von":"fem","Gesch\u00e4tzte Lesezeit":"1\u00a0Minute"},"schema":{"@context":"https:\/\/schema.org","@graph":[{"@type":"WebPage","@id":"https:\/\/feminissima.de\/index.php\/2019\/06\/25\/warum-sprechen-sie-bei-der-bundeswehr-von-kamerad-ist-das-nicht-nazi-speech-jedenfalls-ist-einer-tot\/","url":"https:\/\/feminissima.de\/index.php\/2019\/06\/25\/warum-sprechen-sie-bei-der-bundeswehr-von-kamerad-ist-das-nicht-nazi-speech-jedenfalls-ist-einer-tot\/","name":"Warum sprechen sie bei der Bundeswehr von \"Kamerad\" - ist das nicht Nazi-Speech? Jedenfalls ist einer tot. - Feminissima","isPartOf":{"@id":"https:\/\/feminissima.de\/#website"},"datePublished":"2019-06-24T22:23:46+00:00","dateModified":"2019-06-24T22:23:46+00:00","author":{"@id":"https:\/\/feminissima.de\/#\/schema\/person\/5dea0fc707e9da59266a47da2f9a8210"},"breadcrumb":{"@id":"https:\/\/feminissima.de\/index.php\/2019\/06\/25\/warum-sprechen-sie-bei-der-bundeswehr-von-kamerad-ist-das-nicht-nazi-speech-jedenfalls-ist-einer-tot\/#breadcrumb"},"inLanguage":"de","potentialAction":[{"@type":"ReadAction","target":["https:\/\/feminissima.de\/index.php\/2019\/06\/25\/warum-sprechen-sie-bei-der-bundeswehr-von-kamerad-ist-das-nicht-nazi-speech-jedenfalls-ist-einer-tot\/"]}]},{"@type":"BreadcrumbList","@id":"https:\/\/feminissima.de\/index.php\/2019\/06\/25\/warum-sprechen-sie-bei-der-bundeswehr-von-kamerad-ist-das-nicht-nazi-speech-jedenfalls-ist-einer-tot\/#breadcrumb","itemListElement":[{"@type":"ListItem","position":1,"name":"Startseite","item":"https:\/\/feminissima.de\/"},{"@type":"ListItem","position":2,"name":"Warum sprechen sie bei der Bundeswehr von &#8222;Kamerad&#8220; &#8211; ist das nicht Nazi-Speech? Jedenfalls ist einer tot."}]},{"@type":"WebSite","@id":"https:\/\/feminissima.de\/#website","url":"https:\/\/feminissima.de\/","name":"Feminissima","description":"","potentialAction":[{"@type":"SearchAction","target":{"@type":"EntryPoint","urlTemplate":"https:\/\/feminissima.de\/?s={search_term_string}"},"query-input":"required name=search_term_string"}],"inLanguage":"de"},{"@type":"Person","@id":"https:\/\/feminissima.de\/#\/schema\/person\/5dea0fc707e9da59266a47da2f9a8210","name":"fem","image":{"@type":"ImageObject","inLanguage":"de","@id":"https:\/\/feminissima.de\/#\/schema\/person\/image\/","url":"https:\/\/secure.gravatar.com\/avatar\/892e878e26ee6e7c1689c0b5183da4949c35fb291d0554f021db478bb42e3226?s=96&d=mm&r=g","contentUrl":"https:\/\/secure.gravatar.com\/avatar\/892e878e26ee6e7c1689c0b5183da4949c35fb291d0554f021db478bb42e3226?s=96&d=mm&r=g","caption":"fem"},"url":"https:\/\/feminissima.de\/index.php\/author\/fem\/"}]}},"jetpack_featured_media_url":"","_links":{"self":[{"href":"https:\/\/feminissima.de\/index.php\/wp-json\/wp\/v2\/posts\/87981","targetHints":{"allow":["GET"]}}],"collection":[{"href":"https:\/\/feminissima.de\/index.php\/wp-json\/wp\/v2\/posts"}],"about":[{"href":"https:\/\/feminissima.de\/index.php\/wp-json\/wp\/v2\/types\/post"}],"author":[{"embeddable":true,"href":"https:\/\/feminissima.de\/index.php\/wp-json\/wp\/v2\/users\/3"}],"replies":[{"embeddable":true,"href":"https:\/\/feminissima.de\/index.php\/wp-json\/wp\/v2\/comments?post=87981"}],"version-history":[{"count":0,"href":"https:\/\/feminissima.de\/index.php\/wp-json\/wp\/v2\/posts\/87981\/revisions"}],"wp:attachment":[{"href":"https:\/\/feminissima.de\/index.php\/wp-json\/wp\/v2\/media?parent=87981"}],"wp:term":[{"taxonomy":"category","embeddable":true,"href":"https:\/\/feminissima.de\/index.php\/wp-json\/wp\/v2\/categories?post=87981"},{"taxonomy":"post_tag","embeddable":true,"href":"https:\/\/feminissima.de\/index.php\/wp-json\/wp\/v2\/tags?post=87981"}],"curies":[{"name":"wp","href":"https:\/\/api.w.org\/{rel}","templated":true}]}}