{"id":87925,"date":"2019-06-24T08:48:50","date_gmt":"2019-06-24T06:48:50","guid":{"rendered":"http:\/\/www.feminissima.de\/?p=87925"},"modified":"2019-06-24T08:48:50","modified_gmt":"2019-06-24T06:48:50","slug":"nun-wird-der-diktator-erdogan-als-der-alte-mann-vom-bosporus-bezeichnet","status":"publish","type":"post","link":"https:\/\/feminissima.de\/index.php\/2019\/06\/24\/nun-wird-der-diktator-erdogan-als-der-alte-mann-vom-bosporus-bezeichnet\/","title":{"rendered":"Diktator ERDOGAN als &#8222;der alte Mann vom Bosporus&#8220; bezeichnet . Viel zu harmlos, oder? Die Ironie..?"},"content":{"rendered":"<p>Ja, haben die Mainstream-Presse-Jungs kein anderes Vokabular auf Lager ?<br \/>\nDenn, in der Tat ist ERDOGAN noch nicht wirklich &#8222;alt&#8220;. Es gibt zwar bei uns das Idiom &#8222;alt aussehen&#8220; &#8211; wenn du verloren hast, oder in der Klemme hockst&#8230;<br \/>\naber das ist ja etwas anderes&#8230; Das ist Umgangssprache und harmlos.<\/p>\n<p>Der alte Mann vom Bosporus &#8211; die alte Frau in Berlin &#8211;<br \/>\nDie Vergleiche machen jeweils einiges sichtbar&#8230; Und Merkel ist sicher \u00e4lter als Erdogan, oder?<\/p>\n<p>Nein DER DIKTATOR IST ANGES\u00c4GT&#8230; DEMOKRATIE &#8211; ist ein z\u00e4hes Pfl\u00e4nzlein&#8230;<\/p>\n<p>time-check: 7:50 local time Teneriffa &#8211;<br \/>\nZeit f\u00fcr ein K\u00e4ffchen&#8230; bis sp\u00e4ter.. <\/p>\n","protected":false},"excerpt":{"rendered":"<p>Ja, haben die Mainstream-Presse-Jungs kein anderes Vokabular auf Lager ? Denn, in der Tat ist ERDOGAN noch nicht wirklich &#8222;alt&#8220;. Es gibt zwar bei uns das Idiom &#8222;alt aussehen&#8220; &#8211; wenn du verloren hast, oder in der Klemme hockst&#8230; aber das ist ja etwas anderes&#8230; Das ist Umgangssprache und harmlos. Der alte Mann vom Bosporus&hellip; <a class=\"more-link\" href=\"https:\/\/feminissima.de\/index.php\/2019\/06\/24\/nun-wird-der-diktator-erdogan-als-der-alte-mann-vom-bosporus-bezeichnet\/\"><span class=\"screen-reader-text\">Diktator ERDOGAN als &#8222;der alte Mann vom Bosporus&#8220; bezeichnet . Viel zu harmlos, oder? Die Ironie..?<\/span> weiterlesen<\/a><\/p>\n","protected":false},"author":3,"featured_media":0,"comment_status":"closed","ping_status":"closed","sticky":false,"template":"","format":"standard","meta":{"footnotes":""},"categories":[6],"tags":[],"class_list":["post-87925","post","type-post","status-publish","format-standard","hentry","category-femleben","entry"],"yoast_head":"<!-- This site is optimized with the Yoast SEO plugin v21.0 - https:\/\/yoast.com\/wordpress\/plugins\/seo\/ -->\n<title>Diktator ERDOGAN als &quot;der alte Mann vom Bosporus&quot; bezeichnet . Viel zu harmlos, oder? Die Ironie..? - Feminissima<\/title>\n<meta name=\"robots\" content=\"index, follow, max-snippet:-1, max-image-preview:large, max-video-preview:-1\" \/>\n<link rel=\"canonical\" href=\"https:\/\/feminissima.de\/index.php\/2019\/06\/24\/nun-wird-der-diktator-erdogan-als-der-alte-mann-vom-bosporus-bezeichnet\/\" \/>\n<meta property=\"og:locale\" content=\"de_DE\" \/>\n<meta property=\"og:type\" content=\"article\" \/>\n<meta property=\"og:title\" content=\"Diktator ERDOGAN als &quot;der alte Mann vom Bosporus&quot; bezeichnet . Viel zu harmlos, oder? Die Ironie..? - Feminissima\" \/>\n<meta property=\"og:description\" content=\"Ja, haben die Mainstream-Presse-Jungs kein anderes Vokabular auf Lager ? Denn, in der Tat ist ERDOGAN noch nicht wirklich &#8222;alt&#8220;. Es gibt zwar bei uns das Idiom &#8222;alt aussehen&#8220; &#8211; wenn du verloren hast, oder in der Klemme hockst&#8230; aber das ist ja etwas anderes&#8230; Das ist Umgangssprache und harmlos. Der alte Mann vom Bosporus&hellip; Diktator ERDOGAN als &#8222;der alte Mann vom Bosporus&#8220; bezeichnet . Viel zu harmlos, oder? Die Ironie..? weiterlesen\" \/>\n<meta property=\"og:url\" content=\"https:\/\/feminissima.de\/index.php\/2019\/06\/24\/nun-wird-der-diktator-erdogan-als-der-alte-mann-vom-bosporus-bezeichnet\/\" \/>\n<meta property=\"og:site_name\" content=\"Feminissima\" \/>\n<meta property=\"article:published_time\" content=\"2019-06-24T06:48:50+00:00\" \/>\n<meta name=\"author\" content=\"fem\" \/>\n<meta name=\"twitter:card\" content=\"summary_large_image\" \/>\n<meta name=\"twitter:label1\" content=\"Verfasst von\" \/>\n\t<meta name=\"twitter:data1\" content=\"fem\" \/>\n\t<meta name=\"twitter:label2\" content=\"Gesch\u00e4tzte Lesezeit\" \/>\n\t<meta name=\"twitter:data2\" content=\"1\u00a0Minute\" \/>\n<script type=\"application\/ld+json\" class=\"yoast-schema-graph\">{\"@context\":\"https:\/\/schema.org\",\"@graph\":[{\"@type\":\"WebPage\",\"@id\":\"https:\/\/feminissima.de\/index.php\/2019\/06\/24\/nun-wird-der-diktator-erdogan-als-der-alte-mann-vom-bosporus-bezeichnet\/\",\"url\":\"https:\/\/feminissima.de\/index.php\/2019\/06\/24\/nun-wird-der-diktator-erdogan-als-der-alte-mann-vom-bosporus-bezeichnet\/\",\"name\":\"Diktator ERDOGAN als \\\"der alte Mann vom Bosporus\\\" bezeichnet . Viel zu harmlos, oder? Die Ironie..? - Feminissima\",\"isPartOf\":{\"@id\":\"https:\/\/feminissima.de\/#website\"},\"datePublished\":\"2019-06-24T06:48:50+00:00\",\"dateModified\":\"2019-06-24T06:48:50+00:00\",\"author\":{\"@id\":\"https:\/\/feminissima.de\/#\/schema\/person\/5dea0fc707e9da59266a47da2f9a8210\"},\"breadcrumb\":{\"@id\":\"https:\/\/feminissima.de\/index.php\/2019\/06\/24\/nun-wird-der-diktator-erdogan-als-der-alte-mann-vom-bosporus-bezeichnet\/#breadcrumb\"},\"inLanguage\":\"de\",\"potentialAction\":[{\"@type\":\"ReadAction\",\"target\":[\"https:\/\/feminissima.de\/index.php\/2019\/06\/24\/nun-wird-der-diktator-erdogan-als-der-alte-mann-vom-bosporus-bezeichnet\/\"]}]},{\"@type\":\"BreadcrumbList\",\"@id\":\"https:\/\/feminissima.de\/index.php\/2019\/06\/24\/nun-wird-der-diktator-erdogan-als-der-alte-mann-vom-bosporus-bezeichnet\/#breadcrumb\",\"itemListElement\":[{\"@type\":\"ListItem\",\"position\":1,\"name\":\"Startseite\",\"item\":\"https:\/\/feminissima.de\/\"},{\"@type\":\"ListItem\",\"position\":2,\"name\":\"Diktator ERDOGAN als &#8222;der alte Mann vom Bosporus&#8220; bezeichnet . Viel zu harmlos, oder? Die Ironie..?\"}]},{\"@type\":\"WebSite\",\"@id\":\"https:\/\/feminissima.de\/#website\",\"url\":\"https:\/\/feminissima.de\/\",\"name\":\"Feminissima\",\"description\":\"\",\"potentialAction\":[{\"@type\":\"SearchAction\",\"target\":{\"@type\":\"EntryPoint\",\"urlTemplate\":\"https:\/\/feminissima.de\/?s={search_term_string}\"},\"query-input\":\"required name=search_term_string\"}],\"inLanguage\":\"de\"},{\"@type\":\"Person\",\"@id\":\"https:\/\/feminissima.de\/#\/schema\/person\/5dea0fc707e9da59266a47da2f9a8210\",\"name\":\"fem\",\"image\":{\"@type\":\"ImageObject\",\"inLanguage\":\"de\",\"@id\":\"https:\/\/feminissima.de\/#\/schema\/person\/image\/\",\"url\":\"https:\/\/secure.gravatar.com\/avatar\/892e878e26ee6e7c1689c0b5183da4949c35fb291d0554f021db478bb42e3226?s=96&d=mm&r=g\",\"contentUrl\":\"https:\/\/secure.gravatar.com\/avatar\/892e878e26ee6e7c1689c0b5183da4949c35fb291d0554f021db478bb42e3226?s=96&d=mm&r=g\",\"caption\":\"fem\"},\"url\":\"https:\/\/feminissima.de\/index.php\/author\/fem\/\"}]}<\/script>\n<!-- \/ Yoast SEO plugin. -->","yoast_head_json":{"title":"Diktator ERDOGAN als \"der alte Mann vom Bosporus\" bezeichnet . Viel zu harmlos, oder? Die Ironie..? - Feminissima","robots":{"index":"index","follow":"follow","max-snippet":"max-snippet:-1","max-image-preview":"max-image-preview:large","max-video-preview":"max-video-preview:-1"},"canonical":"https:\/\/feminissima.de\/index.php\/2019\/06\/24\/nun-wird-der-diktator-erdogan-als-der-alte-mann-vom-bosporus-bezeichnet\/","og_locale":"de_DE","og_type":"article","og_title":"Diktator ERDOGAN als \"der alte Mann vom Bosporus\" bezeichnet . Viel zu harmlos, oder? Die Ironie..? - Feminissima","og_description":"Ja, haben die Mainstream-Presse-Jungs kein anderes Vokabular auf Lager ? Denn, in der Tat ist ERDOGAN noch nicht wirklich &#8222;alt&#8220;. Es gibt zwar bei uns das Idiom &#8222;alt aussehen&#8220; &#8211; wenn du verloren hast, oder in der Klemme hockst&#8230; aber das ist ja etwas anderes&#8230; Das ist Umgangssprache und harmlos. Der alte Mann vom Bosporus&hellip; Diktator ERDOGAN als &#8222;der alte Mann vom Bosporus&#8220; bezeichnet . Viel zu harmlos, oder? Die Ironie..? weiterlesen","og_url":"https:\/\/feminissima.de\/index.php\/2019\/06\/24\/nun-wird-der-diktator-erdogan-als-der-alte-mann-vom-bosporus-bezeichnet\/","og_site_name":"Feminissima","article_published_time":"2019-06-24T06:48:50+00:00","author":"fem","twitter_card":"summary_large_image","twitter_misc":{"Verfasst von":"fem","Gesch\u00e4tzte Lesezeit":"1\u00a0Minute"},"schema":{"@context":"https:\/\/schema.org","@graph":[{"@type":"WebPage","@id":"https:\/\/feminissima.de\/index.php\/2019\/06\/24\/nun-wird-der-diktator-erdogan-als-der-alte-mann-vom-bosporus-bezeichnet\/","url":"https:\/\/feminissima.de\/index.php\/2019\/06\/24\/nun-wird-der-diktator-erdogan-als-der-alte-mann-vom-bosporus-bezeichnet\/","name":"Diktator ERDOGAN als \"der alte Mann vom Bosporus\" bezeichnet . Viel zu harmlos, oder? Die Ironie..? - Feminissima","isPartOf":{"@id":"https:\/\/feminissima.de\/#website"},"datePublished":"2019-06-24T06:48:50+00:00","dateModified":"2019-06-24T06:48:50+00:00","author":{"@id":"https:\/\/feminissima.de\/#\/schema\/person\/5dea0fc707e9da59266a47da2f9a8210"},"breadcrumb":{"@id":"https:\/\/feminissima.de\/index.php\/2019\/06\/24\/nun-wird-der-diktator-erdogan-als-der-alte-mann-vom-bosporus-bezeichnet\/#breadcrumb"},"inLanguage":"de","potentialAction":[{"@type":"ReadAction","target":["https:\/\/feminissima.de\/index.php\/2019\/06\/24\/nun-wird-der-diktator-erdogan-als-der-alte-mann-vom-bosporus-bezeichnet\/"]}]},{"@type":"BreadcrumbList","@id":"https:\/\/feminissima.de\/index.php\/2019\/06\/24\/nun-wird-der-diktator-erdogan-als-der-alte-mann-vom-bosporus-bezeichnet\/#breadcrumb","itemListElement":[{"@type":"ListItem","position":1,"name":"Startseite","item":"https:\/\/feminissima.de\/"},{"@type":"ListItem","position":2,"name":"Diktator ERDOGAN als &#8222;der alte Mann vom Bosporus&#8220; bezeichnet . Viel zu harmlos, oder? Die Ironie..?"}]},{"@type":"WebSite","@id":"https:\/\/feminissima.de\/#website","url":"https:\/\/feminissima.de\/","name":"Feminissima","description":"","potentialAction":[{"@type":"SearchAction","target":{"@type":"EntryPoint","urlTemplate":"https:\/\/feminissima.de\/?s={search_term_string}"},"query-input":"required name=search_term_string"}],"inLanguage":"de"},{"@type":"Person","@id":"https:\/\/feminissima.de\/#\/schema\/person\/5dea0fc707e9da59266a47da2f9a8210","name":"fem","image":{"@type":"ImageObject","inLanguage":"de","@id":"https:\/\/feminissima.de\/#\/schema\/person\/image\/","url":"https:\/\/secure.gravatar.com\/avatar\/892e878e26ee6e7c1689c0b5183da4949c35fb291d0554f021db478bb42e3226?s=96&d=mm&r=g","contentUrl":"https:\/\/secure.gravatar.com\/avatar\/892e878e26ee6e7c1689c0b5183da4949c35fb291d0554f021db478bb42e3226?s=96&d=mm&r=g","caption":"fem"},"url":"https:\/\/feminissima.de\/index.php\/author\/fem\/"}]}},"jetpack_featured_media_url":"","_links":{"self":[{"href":"https:\/\/feminissima.de\/index.php\/wp-json\/wp\/v2\/posts\/87925","targetHints":{"allow":["GET"]}}],"collection":[{"href":"https:\/\/feminissima.de\/index.php\/wp-json\/wp\/v2\/posts"}],"about":[{"href":"https:\/\/feminissima.de\/index.php\/wp-json\/wp\/v2\/types\/post"}],"author":[{"embeddable":true,"href":"https:\/\/feminissima.de\/index.php\/wp-json\/wp\/v2\/users\/3"}],"replies":[{"embeddable":true,"href":"https:\/\/feminissima.de\/index.php\/wp-json\/wp\/v2\/comments?post=87925"}],"version-history":[{"count":0,"href":"https:\/\/feminissima.de\/index.php\/wp-json\/wp\/v2\/posts\/87925\/revisions"}],"wp:attachment":[{"href":"https:\/\/feminissima.de\/index.php\/wp-json\/wp\/v2\/media?parent=87925"}],"wp:term":[{"taxonomy":"category","embeddable":true,"href":"https:\/\/feminissima.de\/index.php\/wp-json\/wp\/v2\/categories?post=87925"},{"taxonomy":"post_tag","embeddable":true,"href":"https:\/\/feminissima.de\/index.php\/wp-json\/wp\/v2\/tags?post=87925"}],"curies":[{"name":"wp","href":"https:\/\/api.w.org\/{rel}","templated":true}]}}