{"id":87901,"date":"2019-06-23T17:05:10","date_gmt":"2019-06-23T15:05:10","guid":{"rendered":"http:\/\/www.feminissima.de\/?p=87901"},"modified":"2019-06-23T17:05:10","modified_gmt":"2019-06-23T15:05:10","slug":"schon-witzig-wenn-anno-2019-die-suddeutsche-schreibt-macht-die-dorfer-attraktiver","status":"publish","type":"post","link":"https:\/\/feminissima.de\/index.php\/2019\/06\/23\/schon-witzig-wenn-anno-2019-die-suddeutsche-schreibt-macht-die-dorfer-attraktiver\/","title":{"rendered":"Schon witzig, wenn anno 2019 die S\u00dcDDEUTSCHE schreibt: &#8222;Macht die D\u00f6rfer attraktiver!&#8220;"},"content":{"rendered":"<p>Moment mal&#8230; ???<br \/>\nNachdem alle weggezogen sind.<br \/>\nAuch der Westerwald nur noch eine Ansammlung von Schlaf-D\u00f6rfern aussterbender Gattung &#8230;<\/p>\n<p>Schon vor Jahrzehnten hat der Prozess begonnen.<br \/>\nWillst du auf dem Land leben, brauchst Du ein Auto, ob Du willst oder nicht.<br \/>\nNur der Schulbus. Fr\u00fchmorgens und mittags.<br \/>\nTante Emma &#8211; L\u00e4dchen?<br \/>\nL\u00e4ngst gestorben.<br \/>\nDaf\u00fcr Supermarkt auf dem verkauften Feld, ohne Auto unerreichbar.<br \/>\nBraindrain &#8211; ohne Ende.<br \/>\nAll diese &#8222;Lokalpolitiker&#8220; sind letztlich ne schmierige Sorte von Opportunisten, Verantwortungslosen, ja, eigentlich sind sie in der N\u00e4he von kriminell &#8211; wie sie landauf-landab gesamte Landstriche ver\u00f6den lassen, r\u00e4umlich, kulturell&#8230;geistig&#8230; it&#8217;s a shame!!<\/p>\n<p>Aber es gehen ja so gerne nicht von ungef\u00e4hr so viele Unf\u00e4hige in die Politik:<\/p>\n<p>Weil sie wissen &#8211; SIE HAFTEN F\u00dcR NICHTS!<\/p>\n<p>Das mu\u00df man sich einmal geben..!<br \/>\nSie werden bestenfalls abgew\u00e4hlt und dann haben sie eh ausgesorgt.<\/p>\n<p>Ist das nicht UNDEMOKRATISCH?<\/p>\n<p>16:13 &#8211; Teneriffa &#8211; local time<\/p>\n","protected":false},"excerpt":{"rendered":"<p>Moment mal&#8230; ??? Nachdem alle weggezogen sind. Auch der Westerwald nur noch eine Ansammlung von Schlaf-D\u00f6rfern aussterbender Gattung &#8230; Schon vor Jahrzehnten hat der Prozess begonnen. Willst du auf dem Land leben, brauchst Du ein Auto, ob Du willst oder nicht. Nur der Schulbus. Fr\u00fchmorgens und mittags. Tante Emma &#8211; L\u00e4dchen? L\u00e4ngst gestorben. Daf\u00fcr Supermarkt&hellip; <a class=\"more-link\" href=\"https:\/\/feminissima.de\/index.php\/2019\/06\/23\/schon-witzig-wenn-anno-2019-die-suddeutsche-schreibt-macht-die-dorfer-attraktiver\/\"><span class=\"screen-reader-text\">Schon witzig, wenn anno 2019 die S\u00dcDDEUTSCHE schreibt: &#8222;Macht die D\u00f6rfer attraktiver!&#8220;<\/span> weiterlesen<\/a><\/p>\n","protected":false},"author":3,"featured_media":0,"comment_status":"closed","ping_status":"closed","sticky":false,"template":"","format":"standard","meta":{"footnotes":""},"categories":[6],"tags":[],"class_list":["post-87901","post","type-post","status-publish","format-standard","hentry","category-femleben","entry"],"yoast_head":"<!-- This site is optimized with the Yoast SEO plugin v21.0 - https:\/\/yoast.com\/wordpress\/plugins\/seo\/ -->\n<title>Schon witzig, wenn anno 2019 die S\u00dcDDEUTSCHE schreibt: &quot;Macht die D\u00f6rfer attraktiver!&quot; - Feminissima<\/title>\n<meta name=\"robots\" content=\"index, follow, max-snippet:-1, max-image-preview:large, max-video-preview:-1\" \/>\n<link rel=\"canonical\" href=\"https:\/\/feminissima.de\/index.php\/2019\/06\/23\/schon-witzig-wenn-anno-2019-die-suddeutsche-schreibt-macht-die-dorfer-attraktiver\/\" \/>\n<meta property=\"og:locale\" content=\"de_DE\" \/>\n<meta property=\"og:type\" content=\"article\" \/>\n<meta property=\"og:title\" content=\"Schon witzig, wenn anno 2019 die S\u00dcDDEUTSCHE schreibt: &quot;Macht die D\u00f6rfer attraktiver!&quot; - Feminissima\" \/>\n<meta property=\"og:description\" content=\"Moment mal&#8230; ??? Nachdem alle weggezogen sind. Auch der Westerwald nur noch eine Ansammlung von Schlaf-D\u00f6rfern aussterbender Gattung &#8230; Schon vor Jahrzehnten hat der Prozess begonnen. Willst du auf dem Land leben, brauchst Du ein Auto, ob Du willst oder nicht. Nur der Schulbus. Fr\u00fchmorgens und mittags. Tante Emma &#8211; L\u00e4dchen? L\u00e4ngst gestorben. Daf\u00fcr Supermarkt&hellip; Schon witzig, wenn anno 2019 die S\u00dcDDEUTSCHE schreibt: &#8222;Macht die D\u00f6rfer attraktiver!&#8220; weiterlesen\" \/>\n<meta property=\"og:url\" content=\"https:\/\/feminissima.de\/index.php\/2019\/06\/23\/schon-witzig-wenn-anno-2019-die-suddeutsche-schreibt-macht-die-dorfer-attraktiver\/\" \/>\n<meta property=\"og:site_name\" content=\"Feminissima\" \/>\n<meta property=\"article:published_time\" content=\"2019-06-23T15:05:10+00:00\" \/>\n<meta name=\"author\" content=\"fem\" \/>\n<meta name=\"twitter:card\" content=\"summary_large_image\" \/>\n<meta name=\"twitter:label1\" content=\"Verfasst von\" \/>\n\t<meta name=\"twitter:data1\" content=\"fem\" \/>\n\t<meta name=\"twitter:label2\" content=\"Gesch\u00e4tzte Lesezeit\" \/>\n\t<meta name=\"twitter:data2\" content=\"1\u00a0Minute\" \/>\n<script type=\"application\/ld+json\" class=\"yoast-schema-graph\">{\"@context\":\"https:\/\/schema.org\",\"@graph\":[{\"@type\":\"WebPage\",\"@id\":\"https:\/\/feminissima.de\/index.php\/2019\/06\/23\/schon-witzig-wenn-anno-2019-die-suddeutsche-schreibt-macht-die-dorfer-attraktiver\/\",\"url\":\"https:\/\/feminissima.de\/index.php\/2019\/06\/23\/schon-witzig-wenn-anno-2019-die-suddeutsche-schreibt-macht-die-dorfer-attraktiver\/\",\"name\":\"Schon witzig, wenn anno 2019 die S\u00dcDDEUTSCHE schreibt: \\\"Macht die D\u00f6rfer attraktiver!\\\" - Feminissima\",\"isPartOf\":{\"@id\":\"https:\/\/feminissima.de\/#website\"},\"datePublished\":\"2019-06-23T15:05:10+00:00\",\"dateModified\":\"2019-06-23T15:05:10+00:00\",\"author\":{\"@id\":\"https:\/\/feminissima.de\/#\/schema\/person\/5dea0fc707e9da59266a47da2f9a8210\"},\"breadcrumb\":{\"@id\":\"https:\/\/feminissima.de\/index.php\/2019\/06\/23\/schon-witzig-wenn-anno-2019-die-suddeutsche-schreibt-macht-die-dorfer-attraktiver\/#breadcrumb\"},\"inLanguage\":\"de\",\"potentialAction\":[{\"@type\":\"ReadAction\",\"target\":[\"https:\/\/feminissima.de\/index.php\/2019\/06\/23\/schon-witzig-wenn-anno-2019-die-suddeutsche-schreibt-macht-die-dorfer-attraktiver\/\"]}]},{\"@type\":\"BreadcrumbList\",\"@id\":\"https:\/\/feminissima.de\/index.php\/2019\/06\/23\/schon-witzig-wenn-anno-2019-die-suddeutsche-schreibt-macht-die-dorfer-attraktiver\/#breadcrumb\",\"itemListElement\":[{\"@type\":\"ListItem\",\"position\":1,\"name\":\"Startseite\",\"item\":\"https:\/\/feminissima.de\/\"},{\"@type\":\"ListItem\",\"position\":2,\"name\":\"Schon witzig, wenn anno 2019 die S\u00dcDDEUTSCHE schreibt: &#8222;Macht die D\u00f6rfer attraktiver!&#8220;\"}]},{\"@type\":\"WebSite\",\"@id\":\"https:\/\/feminissima.de\/#website\",\"url\":\"https:\/\/feminissima.de\/\",\"name\":\"Feminissima\",\"description\":\"\",\"potentialAction\":[{\"@type\":\"SearchAction\",\"target\":{\"@type\":\"EntryPoint\",\"urlTemplate\":\"https:\/\/feminissima.de\/?s={search_term_string}\"},\"query-input\":\"required name=search_term_string\"}],\"inLanguage\":\"de\"},{\"@type\":\"Person\",\"@id\":\"https:\/\/feminissima.de\/#\/schema\/person\/5dea0fc707e9da59266a47da2f9a8210\",\"name\":\"fem\",\"image\":{\"@type\":\"ImageObject\",\"inLanguage\":\"de\",\"@id\":\"https:\/\/feminissima.de\/#\/schema\/person\/image\/\",\"url\":\"https:\/\/secure.gravatar.com\/avatar\/892e878e26ee6e7c1689c0b5183da4949c35fb291d0554f021db478bb42e3226?s=96&d=mm&r=g\",\"contentUrl\":\"https:\/\/secure.gravatar.com\/avatar\/892e878e26ee6e7c1689c0b5183da4949c35fb291d0554f021db478bb42e3226?s=96&d=mm&r=g\",\"caption\":\"fem\"},\"url\":\"https:\/\/feminissima.de\/index.php\/author\/fem\/\"}]}<\/script>\n<!-- \/ Yoast SEO plugin. -->","yoast_head_json":{"title":"Schon witzig, wenn anno 2019 die S\u00dcDDEUTSCHE schreibt: \"Macht die D\u00f6rfer attraktiver!\" - Feminissima","robots":{"index":"index","follow":"follow","max-snippet":"max-snippet:-1","max-image-preview":"max-image-preview:large","max-video-preview":"max-video-preview:-1"},"canonical":"https:\/\/feminissima.de\/index.php\/2019\/06\/23\/schon-witzig-wenn-anno-2019-die-suddeutsche-schreibt-macht-die-dorfer-attraktiver\/","og_locale":"de_DE","og_type":"article","og_title":"Schon witzig, wenn anno 2019 die S\u00dcDDEUTSCHE schreibt: \"Macht die D\u00f6rfer attraktiver!\" - Feminissima","og_description":"Moment mal&#8230; ??? Nachdem alle weggezogen sind. Auch der Westerwald nur noch eine Ansammlung von Schlaf-D\u00f6rfern aussterbender Gattung &#8230; Schon vor Jahrzehnten hat der Prozess begonnen. Willst du auf dem Land leben, brauchst Du ein Auto, ob Du willst oder nicht. Nur der Schulbus. Fr\u00fchmorgens und mittags. Tante Emma &#8211; L\u00e4dchen? L\u00e4ngst gestorben. Daf\u00fcr Supermarkt&hellip; Schon witzig, wenn anno 2019 die S\u00dcDDEUTSCHE schreibt: &#8222;Macht die D\u00f6rfer attraktiver!&#8220; weiterlesen","og_url":"https:\/\/feminissima.de\/index.php\/2019\/06\/23\/schon-witzig-wenn-anno-2019-die-suddeutsche-schreibt-macht-die-dorfer-attraktiver\/","og_site_name":"Feminissima","article_published_time":"2019-06-23T15:05:10+00:00","author":"fem","twitter_card":"summary_large_image","twitter_misc":{"Verfasst von":"fem","Gesch\u00e4tzte Lesezeit":"1\u00a0Minute"},"schema":{"@context":"https:\/\/schema.org","@graph":[{"@type":"WebPage","@id":"https:\/\/feminissima.de\/index.php\/2019\/06\/23\/schon-witzig-wenn-anno-2019-die-suddeutsche-schreibt-macht-die-dorfer-attraktiver\/","url":"https:\/\/feminissima.de\/index.php\/2019\/06\/23\/schon-witzig-wenn-anno-2019-die-suddeutsche-schreibt-macht-die-dorfer-attraktiver\/","name":"Schon witzig, wenn anno 2019 die S\u00dcDDEUTSCHE schreibt: \"Macht die D\u00f6rfer attraktiver!\" - Feminissima","isPartOf":{"@id":"https:\/\/feminissima.de\/#website"},"datePublished":"2019-06-23T15:05:10+00:00","dateModified":"2019-06-23T15:05:10+00:00","author":{"@id":"https:\/\/feminissima.de\/#\/schema\/person\/5dea0fc707e9da59266a47da2f9a8210"},"breadcrumb":{"@id":"https:\/\/feminissima.de\/index.php\/2019\/06\/23\/schon-witzig-wenn-anno-2019-die-suddeutsche-schreibt-macht-die-dorfer-attraktiver\/#breadcrumb"},"inLanguage":"de","potentialAction":[{"@type":"ReadAction","target":["https:\/\/feminissima.de\/index.php\/2019\/06\/23\/schon-witzig-wenn-anno-2019-die-suddeutsche-schreibt-macht-die-dorfer-attraktiver\/"]}]},{"@type":"BreadcrumbList","@id":"https:\/\/feminissima.de\/index.php\/2019\/06\/23\/schon-witzig-wenn-anno-2019-die-suddeutsche-schreibt-macht-die-dorfer-attraktiver\/#breadcrumb","itemListElement":[{"@type":"ListItem","position":1,"name":"Startseite","item":"https:\/\/feminissima.de\/"},{"@type":"ListItem","position":2,"name":"Schon witzig, wenn anno 2019 die S\u00dcDDEUTSCHE schreibt: &#8222;Macht die D\u00f6rfer attraktiver!&#8220;"}]},{"@type":"WebSite","@id":"https:\/\/feminissima.de\/#website","url":"https:\/\/feminissima.de\/","name":"Feminissima","description":"","potentialAction":[{"@type":"SearchAction","target":{"@type":"EntryPoint","urlTemplate":"https:\/\/feminissima.de\/?s={search_term_string}"},"query-input":"required name=search_term_string"}],"inLanguage":"de"},{"@type":"Person","@id":"https:\/\/feminissima.de\/#\/schema\/person\/5dea0fc707e9da59266a47da2f9a8210","name":"fem","image":{"@type":"ImageObject","inLanguage":"de","@id":"https:\/\/feminissima.de\/#\/schema\/person\/image\/","url":"https:\/\/secure.gravatar.com\/avatar\/892e878e26ee6e7c1689c0b5183da4949c35fb291d0554f021db478bb42e3226?s=96&d=mm&r=g","contentUrl":"https:\/\/secure.gravatar.com\/avatar\/892e878e26ee6e7c1689c0b5183da4949c35fb291d0554f021db478bb42e3226?s=96&d=mm&r=g","caption":"fem"},"url":"https:\/\/feminissima.de\/index.php\/author\/fem\/"}]}},"jetpack_featured_media_url":"","_links":{"self":[{"href":"https:\/\/feminissima.de\/index.php\/wp-json\/wp\/v2\/posts\/87901","targetHints":{"allow":["GET"]}}],"collection":[{"href":"https:\/\/feminissima.de\/index.php\/wp-json\/wp\/v2\/posts"}],"about":[{"href":"https:\/\/feminissima.de\/index.php\/wp-json\/wp\/v2\/types\/post"}],"author":[{"embeddable":true,"href":"https:\/\/feminissima.de\/index.php\/wp-json\/wp\/v2\/users\/3"}],"replies":[{"embeddable":true,"href":"https:\/\/feminissima.de\/index.php\/wp-json\/wp\/v2\/comments?post=87901"}],"version-history":[{"count":0,"href":"https:\/\/feminissima.de\/index.php\/wp-json\/wp\/v2\/posts\/87901\/revisions"}],"wp:attachment":[{"href":"https:\/\/feminissima.de\/index.php\/wp-json\/wp\/v2\/media?parent=87901"}],"wp:term":[{"taxonomy":"category","embeddable":true,"href":"https:\/\/feminissima.de\/index.php\/wp-json\/wp\/v2\/categories?post=87901"},{"taxonomy":"post_tag","embeddable":true,"href":"https:\/\/feminissima.de\/index.php\/wp-json\/wp\/v2\/tags?post=87901"}],"curies":[{"name":"wp","href":"https:\/\/api.w.org\/{rel}","templated":true}]}}