{"id":87858,"date":"2019-06-22T04:05:47","date_gmt":"2019-06-22T02:05:47","guid":{"rendered":"http:\/\/www.feminissima.de\/?p=87858"},"modified":"2019-06-22T04:05:47","modified_gmt":"2019-06-22T02:05:47","slug":"oh-by-the-way-welcome-to-the-nightriders","status":"publish","type":"post","link":"https:\/\/feminissima.de\/index.php\/2019\/06\/22\/oh-by-the-way-welcome-to-the-nightriders\/","title":{"rendered":"Oh, by the way &#8211; welcome to the nightriders&#8230;"},"content":{"rendered":"<p>im alten, dann so gnadenlos und f\u00fcrchterlich gehackten Programm &#8211; damit auch Layout und alles..<br \/>\nhast du, wie sp\u00e4ter TWITTER es perfektionierte &#8211;<br \/>\nquasi jede Stunde gesehen, wer wann am meisten (fr\u00fcher) FEMINISSIMA.de gelesen hat.<br \/>\nVon den damaligen Zahlen k\u00f6nnen wir derzeit nur tr\u00e4umen.<br \/>\nDas Tollste war &#8211; die Leserinnen und Leser passten sich jeweils dem Schreib-Rhythmus von FEMIISSIMA.de an.<br \/>\nSchrieb sie mehr &#8222;night-life&#8220; &#8211; lasen die Lieben halt entspechend nachts&#8230;<br \/>\nweil es immer &#8211; jetzt ja auch &#8211; das bleibt auch so, bis auf Ausnahmen,<br \/>\ndirekt und live- geschrieben, spontan und direkt..<\/p>\n<p>3:04 &#8230;in der k\u00fcrzesten Nacht &#8211; bei Euch &#8211; hier auf Teneriffa siehst Du eigentlich keinen Unterschied&#8230; trotzdem &#8230;<br \/>\nDen l\u00e4ssigen und lakonischen (Schreib)-Stil von Berlin &#8230; noch nicht wieder gefunden.<br \/>\nAus Berlin ins Exil nach Teneriffa und nach 4 Jahren heulst Du dann Berlin nach&#8230;<br \/>\nWeil die wunderbare Unaufgeregtheit, die weitgehende Dauer-Liebensw\u00fcrdigkeit, die Hilfsbereitschaft hier Dir auf die Nerven geht und so &#8211; (&#8230;.he- hey.. ! ) (Ironie hoch..) weil Du ja an die so extrem schlechte Behandlung in Berlin gew\u00f6hnt warst..<br \/>\naber die andere Seite ist das Leben im Barfu\u00df-Modus&#8230; im Haus und anbei&#8230; ( Vom Strand ist gerade nicht die Rede..you know&#8230; weil da barfu\u00df ja eh.. falls der Lava-Sand nicht zu hei\u00df )<br \/>\nNie so hei\u00df, wie in Berlin und auch nicht so kalt&#8230;<\/p>\n<p>Aber die von la douce France importierte FETE DE LA MUSIC &#8230; nur in Berlin oder in toute l&#8217;Allemagne? mu\u00df gestern hinrei\u00dfend gewesen sein&#8230; Da l\u00e4sst es sich dann wieder mal nicht verdr\u00e4ngen&#8230; die Verkl\u00e4rung eines momentanen Heimweh-Dingens&#8230; es sind ja nicht allein die Musiken.. Es geh\u00f6ren ja auch die Menschen .. dazu&#8230; n&#8217;est-ce-pas..?<br \/>\nDas rechte Pack in Deutschland allerdings.. erkl\u00e4rt ne Menge vom Exil&#8230;<\/p>\n","protected":false},"excerpt":{"rendered":"<p>im alten, dann so gnadenlos und f\u00fcrchterlich gehackten Programm &#8211; damit auch Layout und alles.. hast du, wie sp\u00e4ter TWITTER es perfektionierte &#8211; quasi jede Stunde gesehen, wer wann am meisten (fr\u00fcher) FEMINISSIMA.de gelesen hat. Von den damaligen Zahlen k\u00f6nnen wir derzeit nur tr\u00e4umen. Das Tollste war &#8211; die Leserinnen und Leser passten sich jeweils&hellip; <a class=\"more-link\" href=\"https:\/\/feminissima.de\/index.php\/2019\/06\/22\/oh-by-the-way-welcome-to-the-nightriders\/\"><span class=\"screen-reader-text\">Oh, by the way &#8211; welcome to the nightriders&#8230;<\/span> weiterlesen<\/a><\/p>\n","protected":false},"author":3,"featured_media":0,"comment_status":"closed","ping_status":"closed","sticky":false,"template":"","format":"standard","meta":{"footnotes":""},"categories":[6],"tags":[],"class_list":["post-87858","post","type-post","status-publish","format-standard","hentry","category-femleben","entry"],"yoast_head":"<!-- This site is optimized with the Yoast SEO plugin v21.0 - https:\/\/yoast.com\/wordpress\/plugins\/seo\/ -->\n<title>Oh, by the way - welcome to the nightriders... - Feminissima<\/title>\n<meta name=\"robots\" content=\"index, follow, max-snippet:-1, max-image-preview:large, max-video-preview:-1\" \/>\n<link rel=\"canonical\" href=\"https:\/\/feminissima.de\/index.php\/2019\/06\/22\/oh-by-the-way-welcome-to-the-nightriders\/\" \/>\n<meta property=\"og:locale\" content=\"de_DE\" \/>\n<meta property=\"og:type\" content=\"article\" \/>\n<meta property=\"og:title\" content=\"Oh, by the way - welcome to the nightriders... - Feminissima\" \/>\n<meta property=\"og:description\" content=\"im alten, dann so gnadenlos und f\u00fcrchterlich gehackten Programm &#8211; damit auch Layout und alles.. hast du, wie sp\u00e4ter TWITTER es perfektionierte &#8211; quasi jede Stunde gesehen, wer wann am meisten (fr\u00fcher) FEMINISSIMA.de gelesen hat. Von den damaligen Zahlen k\u00f6nnen wir derzeit nur tr\u00e4umen. Das Tollste war &#8211; die Leserinnen und Leser passten sich jeweils&hellip; Oh, by the way &#8211; welcome to the nightriders&#8230; weiterlesen\" \/>\n<meta property=\"og:url\" content=\"https:\/\/feminissima.de\/index.php\/2019\/06\/22\/oh-by-the-way-welcome-to-the-nightriders\/\" \/>\n<meta property=\"og:site_name\" content=\"Feminissima\" \/>\n<meta property=\"article:published_time\" content=\"2019-06-22T02:05:47+00:00\" \/>\n<meta name=\"author\" content=\"fem\" \/>\n<meta name=\"twitter:card\" content=\"summary_large_image\" \/>\n<meta name=\"twitter:label1\" content=\"Verfasst von\" \/>\n\t<meta name=\"twitter:data1\" content=\"fem\" \/>\n\t<meta name=\"twitter:label2\" content=\"Gesch\u00e4tzte Lesezeit\" \/>\n\t<meta name=\"twitter:data2\" content=\"1\u00a0Minute\" \/>\n<script type=\"application\/ld+json\" class=\"yoast-schema-graph\">{\"@context\":\"https:\/\/schema.org\",\"@graph\":[{\"@type\":\"WebPage\",\"@id\":\"https:\/\/feminissima.de\/index.php\/2019\/06\/22\/oh-by-the-way-welcome-to-the-nightriders\/\",\"url\":\"https:\/\/feminissima.de\/index.php\/2019\/06\/22\/oh-by-the-way-welcome-to-the-nightriders\/\",\"name\":\"Oh, by the way - welcome to the nightriders... - Feminissima\",\"isPartOf\":{\"@id\":\"https:\/\/feminissima.de\/#website\"},\"datePublished\":\"2019-06-22T02:05:47+00:00\",\"dateModified\":\"2019-06-22T02:05:47+00:00\",\"author\":{\"@id\":\"https:\/\/feminissima.de\/#\/schema\/person\/5dea0fc707e9da59266a47da2f9a8210\"},\"breadcrumb\":{\"@id\":\"https:\/\/feminissima.de\/index.php\/2019\/06\/22\/oh-by-the-way-welcome-to-the-nightriders\/#breadcrumb\"},\"inLanguage\":\"de\",\"potentialAction\":[{\"@type\":\"ReadAction\",\"target\":[\"https:\/\/feminissima.de\/index.php\/2019\/06\/22\/oh-by-the-way-welcome-to-the-nightriders\/\"]}]},{\"@type\":\"BreadcrumbList\",\"@id\":\"https:\/\/feminissima.de\/index.php\/2019\/06\/22\/oh-by-the-way-welcome-to-the-nightriders\/#breadcrumb\",\"itemListElement\":[{\"@type\":\"ListItem\",\"position\":1,\"name\":\"Startseite\",\"item\":\"https:\/\/feminissima.de\/\"},{\"@type\":\"ListItem\",\"position\":2,\"name\":\"Oh, by the way &#8211; welcome to the nightriders&#8230;\"}]},{\"@type\":\"WebSite\",\"@id\":\"https:\/\/feminissima.de\/#website\",\"url\":\"https:\/\/feminissima.de\/\",\"name\":\"Feminissima\",\"description\":\"\",\"potentialAction\":[{\"@type\":\"SearchAction\",\"target\":{\"@type\":\"EntryPoint\",\"urlTemplate\":\"https:\/\/feminissima.de\/?s={search_term_string}\"},\"query-input\":\"required name=search_term_string\"}],\"inLanguage\":\"de\"},{\"@type\":\"Person\",\"@id\":\"https:\/\/feminissima.de\/#\/schema\/person\/5dea0fc707e9da59266a47da2f9a8210\",\"name\":\"fem\",\"image\":{\"@type\":\"ImageObject\",\"inLanguage\":\"de\",\"@id\":\"https:\/\/feminissima.de\/#\/schema\/person\/image\/\",\"url\":\"https:\/\/secure.gravatar.com\/avatar\/892e878e26ee6e7c1689c0b5183da4949c35fb291d0554f021db478bb42e3226?s=96&d=mm&r=g\",\"contentUrl\":\"https:\/\/secure.gravatar.com\/avatar\/892e878e26ee6e7c1689c0b5183da4949c35fb291d0554f021db478bb42e3226?s=96&d=mm&r=g\",\"caption\":\"fem\"},\"url\":\"https:\/\/feminissima.de\/index.php\/author\/fem\/\"}]}<\/script>\n<!-- \/ Yoast SEO plugin. -->","yoast_head_json":{"title":"Oh, by the way - welcome to the nightriders... - Feminissima","robots":{"index":"index","follow":"follow","max-snippet":"max-snippet:-1","max-image-preview":"max-image-preview:large","max-video-preview":"max-video-preview:-1"},"canonical":"https:\/\/feminissima.de\/index.php\/2019\/06\/22\/oh-by-the-way-welcome-to-the-nightriders\/","og_locale":"de_DE","og_type":"article","og_title":"Oh, by the way - welcome to the nightriders... - Feminissima","og_description":"im alten, dann so gnadenlos und f\u00fcrchterlich gehackten Programm &#8211; damit auch Layout und alles.. hast du, wie sp\u00e4ter TWITTER es perfektionierte &#8211; quasi jede Stunde gesehen, wer wann am meisten (fr\u00fcher) FEMINISSIMA.de gelesen hat. Von den damaligen Zahlen k\u00f6nnen wir derzeit nur tr\u00e4umen. Das Tollste war &#8211; die Leserinnen und Leser passten sich jeweils&hellip; Oh, by the way &#8211; welcome to the nightriders&#8230; weiterlesen","og_url":"https:\/\/feminissima.de\/index.php\/2019\/06\/22\/oh-by-the-way-welcome-to-the-nightriders\/","og_site_name":"Feminissima","article_published_time":"2019-06-22T02:05:47+00:00","author":"fem","twitter_card":"summary_large_image","twitter_misc":{"Verfasst von":"fem","Gesch\u00e4tzte Lesezeit":"1\u00a0Minute"},"schema":{"@context":"https:\/\/schema.org","@graph":[{"@type":"WebPage","@id":"https:\/\/feminissima.de\/index.php\/2019\/06\/22\/oh-by-the-way-welcome-to-the-nightriders\/","url":"https:\/\/feminissima.de\/index.php\/2019\/06\/22\/oh-by-the-way-welcome-to-the-nightriders\/","name":"Oh, by the way - welcome to the nightriders... - Feminissima","isPartOf":{"@id":"https:\/\/feminissima.de\/#website"},"datePublished":"2019-06-22T02:05:47+00:00","dateModified":"2019-06-22T02:05:47+00:00","author":{"@id":"https:\/\/feminissima.de\/#\/schema\/person\/5dea0fc707e9da59266a47da2f9a8210"},"breadcrumb":{"@id":"https:\/\/feminissima.de\/index.php\/2019\/06\/22\/oh-by-the-way-welcome-to-the-nightriders\/#breadcrumb"},"inLanguage":"de","potentialAction":[{"@type":"ReadAction","target":["https:\/\/feminissima.de\/index.php\/2019\/06\/22\/oh-by-the-way-welcome-to-the-nightriders\/"]}]},{"@type":"BreadcrumbList","@id":"https:\/\/feminissima.de\/index.php\/2019\/06\/22\/oh-by-the-way-welcome-to-the-nightriders\/#breadcrumb","itemListElement":[{"@type":"ListItem","position":1,"name":"Startseite","item":"https:\/\/feminissima.de\/"},{"@type":"ListItem","position":2,"name":"Oh, by the way &#8211; welcome to the nightriders&#8230;"}]},{"@type":"WebSite","@id":"https:\/\/feminissima.de\/#website","url":"https:\/\/feminissima.de\/","name":"Feminissima","description":"","potentialAction":[{"@type":"SearchAction","target":{"@type":"EntryPoint","urlTemplate":"https:\/\/feminissima.de\/?s={search_term_string}"},"query-input":"required name=search_term_string"}],"inLanguage":"de"},{"@type":"Person","@id":"https:\/\/feminissima.de\/#\/schema\/person\/5dea0fc707e9da59266a47da2f9a8210","name":"fem","image":{"@type":"ImageObject","inLanguage":"de","@id":"https:\/\/feminissima.de\/#\/schema\/person\/image\/","url":"https:\/\/secure.gravatar.com\/avatar\/892e878e26ee6e7c1689c0b5183da4949c35fb291d0554f021db478bb42e3226?s=96&d=mm&r=g","contentUrl":"https:\/\/secure.gravatar.com\/avatar\/892e878e26ee6e7c1689c0b5183da4949c35fb291d0554f021db478bb42e3226?s=96&d=mm&r=g","caption":"fem"},"url":"https:\/\/feminissima.de\/index.php\/author\/fem\/"}]}},"jetpack_featured_media_url":"","_links":{"self":[{"href":"https:\/\/feminissima.de\/index.php\/wp-json\/wp\/v2\/posts\/87858","targetHints":{"allow":["GET"]}}],"collection":[{"href":"https:\/\/feminissima.de\/index.php\/wp-json\/wp\/v2\/posts"}],"about":[{"href":"https:\/\/feminissima.de\/index.php\/wp-json\/wp\/v2\/types\/post"}],"author":[{"embeddable":true,"href":"https:\/\/feminissima.de\/index.php\/wp-json\/wp\/v2\/users\/3"}],"replies":[{"embeddable":true,"href":"https:\/\/feminissima.de\/index.php\/wp-json\/wp\/v2\/comments?post=87858"}],"version-history":[{"count":0,"href":"https:\/\/feminissima.de\/index.php\/wp-json\/wp\/v2\/posts\/87858\/revisions"}],"wp:attachment":[{"href":"https:\/\/feminissima.de\/index.php\/wp-json\/wp\/v2\/media?parent=87858"}],"wp:term":[{"taxonomy":"category","embeddable":true,"href":"https:\/\/feminissima.de\/index.php\/wp-json\/wp\/v2\/categories?post=87858"},{"taxonomy":"post_tag","embeddable":true,"href":"https:\/\/feminissima.de\/index.php\/wp-json\/wp\/v2\/tags?post=87858"}],"curies":[{"name":"wp","href":"https:\/\/api.w.org\/{rel}","templated":true}]}}