{"id":87835,"date":"2019-06-21T12:58:53","date_gmt":"2019-06-21T10:58:53","guid":{"rendered":"http:\/\/www.feminissima.de\/?p=87835"},"modified":"2019-06-21T12:58:53","modified_gmt":"2019-06-21T10:58:53","slug":"was-wurde-aus-dem-verlag-artemiswinkler-anfrage-am-17-6-bei-der-schwabenverlag-ag","status":"publish","type":"post","link":"https:\/\/feminissima.de\/index.php\/2019\/06\/21\/was-wurde-aus-dem-verlag-artemiswinkler-anfrage-am-17-6-bei-der-schwabenverlag-ag\/","title":{"rendered":"Was wurde aus dem Verlag ARTEMIS&#038;WINKLER? ANFRAGE am 17. 6. bei der SCHWABENVERLAG AG"},"content":{"rendered":"<p>DIE ANTWORT KAM POSTWENDEND &#8211;<\/p>\n<p>Voil\u00e0: Artemis und Winkler geh\u00f6rt zum Bibliografischen Institut.<\/p>\n<p>Das Bibliographische Institut ist ein deutscher Verlag mit Sitz in Berlin, der zur Unternehmensgruppe Cornelsen geh\u00f6rt.<\/p>\n<p>Fusion und Gegenwart[<\/p>\n<p>Nach der Wende erfolgte 1990 die Umwandlung des ostdeutschen Verlags in die Bibliographisches Institut &#038; Verlag Enzyklop\u00e4die GmbH, 1991 die \u00dcbernahme derselben durch die Bibliographisches Institut &#038; F. A. Brockhaus AG. Im Jahr 2003 beteiligte sich die Verlagsgruppe am PAETEC Schulbuchverlag, der seit 2009 als Duden Schulbuchverlag firmiert. 2004 wurde der Harenberg Kalender- und Lexikonverlag \u00fcbernommen. Ende 2008 zog sich das Bibliographische Institut mit den Marken Duden und Meyers aus dem Bereich lexikalischer Nachschlagewerke zur\u00fcck und trennte sich von F. A. Brockhaus AG. Der Brockhaus-Verlag ging in den Besitz der Wissenmedia GmbH \u00fcber. Die Brockhaus-Markenrechte wurden verkauft.[1] Im Fr\u00fchjahr 2009 erwarb die Cornelsen Verlagsgruppe die Mehrheitsanteile am Verlag Bibliographisches Institut von der Langenscheidt KG und der Familie Brockhaus.<\/p>\n<p>Nachdem die letzten Kleinaktion\u00e4re abgefunden waren, wurde das Unternehmen 2010 in eine Gesellschaft mit beschr\u00e4nkter Haftung (GmbH) umgewandelt. Der verbliebene Teil des Unternehmens wird bis heute als Bibliographisches Institut GmbH fortgef\u00fchrt. 2011 b\u00fcndelte der Verlag u. a. die Marken Duden, Meyers, Artemis &#038; Winkler Verlag und Sauerl\u00e4nder.[2]<\/p>\n<p>Mit Dank f\u00fcr Ihre M\u00fche und verbunden in Ihrem Engagement zugunsten guter Literatur gr\u00fc\u00dft Sie freundlich<\/p>\n<p>Ihre<\/p>\n<p>Claudia Lueg<\/p>\n<p>Verlagsgruppe Patmos<br \/>\nProgrammleitung Religion\/Spiritualit\u00e4t<br \/>\nTelefon (0711) 4406-160 \u00b7 Fax (0711) 4406-177<br \/>\nE-Mail: claudia.lueg@verlagsgruppe-patmos.de<\/p>\n<p> Verlagsgruppe Patmos<\/p>\n<p>Verlagsgruppe Patmos in der Schwabenverlag AG<br \/>\nSenefelderstra\u00dfe 12 \u00b7 73760 Ostfildern<br \/>\nTelefon (0711) 4406-0 \u00b7 Fax (0711) 4406-174<br \/>\nSitz der Gesellschaft: Ostfildern-Ruit<br \/>\nHandelsregister Stuttgart HRB 210919<br \/>\nVorstand: Ulrich Peters<br \/>\nVorsitzender des Aufsichtsrats: Dr. Clemens Stroppel<br \/>\nwww.verlagsgruppe-patmos.de<\/p>\n<p>Hintergrund &#8211; einfach ein wenig weiter runterscrollen. Die Einspeisung der live-Texte in die Rubriken, so wie fr\u00fcher, l\u00e4sst die Texte verschwinden.<br \/>\nKlar, schaut auch auf jeden Fall  gern in die Rubriken, die Euch interessiere. Aber die 332 Seiten der LIVE-SITE &#8211; hat wohl doch mehr AKTUELLES \u00fcber die Jahre zu bieten.<br \/>\nDenn &#8211; um es zu wiederholen :<br \/>\nZuletzt mu\u00dfte FEMINSSIMA.de so krass zusammengeflickt werden, nach einem Horror-Attack, dass nicht nur alle Fotos weg sind, sondern auch ne Menge Texte. Nun unter live text &#8230;na, wenn Du Zeit hast&#8230;<br \/>\nAnsonsten &#8211; die Rubriken &#8211; wie ein Archiv &#8211; seit 2002 &#8211;<br \/>\nWer interessiert ist, mu\u00df sich halt ein wenig bewegen.. )) ..<br \/>\nUnd so richtig fit mkit dem most modern WORDPRESS sind wir auch noch nicht&#8230;Denn zuvor ein anderes Programm. Aber WORDPRESS ist super und angriffs-restistent, wie all die Angriffe zeigen&#8230;die WORDPRESS aufgelistet hat. Leider allerdings ohne Herkunft der Angreifer..<\/p>\n","protected":false},"excerpt":{"rendered":"<p>DIE ANTWORT KAM POSTWENDEND &#8211; Voil\u00e0: Artemis und Winkler geh\u00f6rt zum Bibliografischen Institut. Das Bibliographische Institut ist ein deutscher Verlag mit Sitz in Berlin, der zur Unternehmensgruppe Cornelsen geh\u00f6rt. Fusion und Gegenwart[ Nach der Wende erfolgte 1990 die Umwandlung des ostdeutschen Verlags in die Bibliographisches Institut &#038; Verlag Enzyklop\u00e4die GmbH, 1991 die \u00dcbernahme derselben durch&hellip; <a class=\"more-link\" href=\"https:\/\/feminissima.de\/index.php\/2019\/06\/21\/was-wurde-aus-dem-verlag-artemiswinkler-anfrage-am-17-6-bei-der-schwabenverlag-ag\/\"><span class=\"screen-reader-text\">Was wurde aus dem Verlag ARTEMIS&#038;WINKLER? ANFRAGE am 17. 6. bei der SCHWABENVERLAG AG<\/span> weiterlesen<\/a><\/p>\n","protected":false},"author":3,"featured_media":0,"comment_status":"closed","ping_status":"closed","sticky":false,"template":"","format":"standard","meta":{"footnotes":""},"categories":[6],"tags":[],"class_list":["post-87835","post","type-post","status-publish","format-standard","hentry","category-femleben","entry"],"yoast_head":"<!-- This site is optimized with the Yoast SEO plugin v21.0 - https:\/\/yoast.com\/wordpress\/plugins\/seo\/ -->\n<title>Was wurde aus dem Verlag ARTEMIS&amp;WINKLER? ANFRAGE am 17. 6. bei der SCHWABENVERLAG AG - Feminissima<\/title>\n<meta name=\"robots\" content=\"index, follow, max-snippet:-1, max-image-preview:large, max-video-preview:-1\" \/>\n<link rel=\"canonical\" href=\"https:\/\/feminissima.de\/index.php\/2019\/06\/21\/was-wurde-aus-dem-verlag-artemiswinkler-anfrage-am-17-6-bei-der-schwabenverlag-ag\/\" \/>\n<meta property=\"og:locale\" content=\"de_DE\" \/>\n<meta property=\"og:type\" content=\"article\" \/>\n<meta property=\"og:title\" content=\"Was wurde aus dem Verlag ARTEMIS&amp;WINKLER? ANFRAGE am 17. 6. bei der SCHWABENVERLAG AG - Feminissima\" \/>\n<meta property=\"og:description\" content=\"DIE ANTWORT KAM POSTWENDEND &#8211; Voil\u00e0: Artemis und Winkler geh\u00f6rt zum Bibliografischen Institut. Das Bibliographische Institut ist ein deutscher Verlag mit Sitz in Berlin, der zur Unternehmensgruppe Cornelsen geh\u00f6rt. Fusion und Gegenwart[ Nach der Wende erfolgte 1990 die Umwandlung des ostdeutschen Verlags in die Bibliographisches Institut &#038; Verlag Enzyklop\u00e4die GmbH, 1991 die \u00dcbernahme derselben durch&hellip; Was wurde aus dem Verlag ARTEMIS&#038;WINKLER? ANFRAGE am 17. 6. bei der SCHWABENVERLAG AG weiterlesen\" \/>\n<meta property=\"og:url\" content=\"https:\/\/feminissima.de\/index.php\/2019\/06\/21\/was-wurde-aus-dem-verlag-artemiswinkler-anfrage-am-17-6-bei-der-schwabenverlag-ag\/\" \/>\n<meta property=\"og:site_name\" content=\"Feminissima\" \/>\n<meta property=\"article:published_time\" content=\"2019-06-21T10:58:53+00:00\" \/>\n<meta name=\"author\" content=\"fem\" \/>\n<meta name=\"twitter:card\" content=\"summary_large_image\" \/>\n<meta name=\"twitter:label1\" content=\"Verfasst von\" \/>\n\t<meta name=\"twitter:data1\" content=\"fem\" \/>\n\t<meta name=\"twitter:label2\" content=\"Gesch\u00e4tzte Lesezeit\" \/>\n\t<meta name=\"twitter:data2\" content=\"2\u00a0Minuten\" \/>\n<script type=\"application\/ld+json\" class=\"yoast-schema-graph\">{\"@context\":\"https:\/\/schema.org\",\"@graph\":[{\"@type\":\"WebPage\",\"@id\":\"https:\/\/feminissima.de\/index.php\/2019\/06\/21\/was-wurde-aus-dem-verlag-artemiswinkler-anfrage-am-17-6-bei-der-schwabenverlag-ag\/\",\"url\":\"https:\/\/feminissima.de\/index.php\/2019\/06\/21\/was-wurde-aus-dem-verlag-artemiswinkler-anfrage-am-17-6-bei-der-schwabenverlag-ag\/\",\"name\":\"Was wurde aus dem Verlag ARTEMIS&WINKLER? ANFRAGE am 17. 6. bei der SCHWABENVERLAG AG - Feminissima\",\"isPartOf\":{\"@id\":\"https:\/\/feminissima.de\/#website\"},\"datePublished\":\"2019-06-21T10:58:53+00:00\",\"dateModified\":\"2019-06-21T10:58:53+00:00\",\"author\":{\"@id\":\"https:\/\/feminissima.de\/#\/schema\/person\/5dea0fc707e9da59266a47da2f9a8210\"},\"breadcrumb\":{\"@id\":\"https:\/\/feminissima.de\/index.php\/2019\/06\/21\/was-wurde-aus-dem-verlag-artemiswinkler-anfrage-am-17-6-bei-der-schwabenverlag-ag\/#breadcrumb\"},\"inLanguage\":\"de\",\"potentialAction\":[{\"@type\":\"ReadAction\",\"target\":[\"https:\/\/feminissima.de\/index.php\/2019\/06\/21\/was-wurde-aus-dem-verlag-artemiswinkler-anfrage-am-17-6-bei-der-schwabenverlag-ag\/\"]}]},{\"@type\":\"BreadcrumbList\",\"@id\":\"https:\/\/feminissima.de\/index.php\/2019\/06\/21\/was-wurde-aus-dem-verlag-artemiswinkler-anfrage-am-17-6-bei-der-schwabenverlag-ag\/#breadcrumb\",\"itemListElement\":[{\"@type\":\"ListItem\",\"position\":1,\"name\":\"Startseite\",\"item\":\"https:\/\/feminissima.de\/\"},{\"@type\":\"ListItem\",\"position\":2,\"name\":\"Was wurde aus dem Verlag ARTEMIS&#038;WINKLER? ANFRAGE am 17. 6. bei der SCHWABENVERLAG AG\"}]},{\"@type\":\"WebSite\",\"@id\":\"https:\/\/feminissima.de\/#website\",\"url\":\"https:\/\/feminissima.de\/\",\"name\":\"Feminissima\",\"description\":\"\",\"potentialAction\":[{\"@type\":\"SearchAction\",\"target\":{\"@type\":\"EntryPoint\",\"urlTemplate\":\"https:\/\/feminissima.de\/?s={search_term_string}\"},\"query-input\":\"required name=search_term_string\"}],\"inLanguage\":\"de\"},{\"@type\":\"Person\",\"@id\":\"https:\/\/feminissima.de\/#\/schema\/person\/5dea0fc707e9da59266a47da2f9a8210\",\"name\":\"fem\",\"image\":{\"@type\":\"ImageObject\",\"inLanguage\":\"de\",\"@id\":\"https:\/\/feminissima.de\/#\/schema\/person\/image\/\",\"url\":\"https:\/\/secure.gravatar.com\/avatar\/892e878e26ee6e7c1689c0b5183da4949c35fb291d0554f021db478bb42e3226?s=96&d=mm&r=g\",\"contentUrl\":\"https:\/\/secure.gravatar.com\/avatar\/892e878e26ee6e7c1689c0b5183da4949c35fb291d0554f021db478bb42e3226?s=96&d=mm&r=g\",\"caption\":\"fem\"},\"url\":\"https:\/\/feminissima.de\/index.php\/author\/fem\/\"}]}<\/script>\n<!-- \/ Yoast SEO plugin. -->","yoast_head_json":{"title":"Was wurde aus dem Verlag ARTEMIS&WINKLER? ANFRAGE am 17. 6. bei der SCHWABENVERLAG AG - Feminissima","robots":{"index":"index","follow":"follow","max-snippet":"max-snippet:-1","max-image-preview":"max-image-preview:large","max-video-preview":"max-video-preview:-1"},"canonical":"https:\/\/feminissima.de\/index.php\/2019\/06\/21\/was-wurde-aus-dem-verlag-artemiswinkler-anfrage-am-17-6-bei-der-schwabenverlag-ag\/","og_locale":"de_DE","og_type":"article","og_title":"Was wurde aus dem Verlag ARTEMIS&WINKLER? ANFRAGE am 17. 6. bei der SCHWABENVERLAG AG - Feminissima","og_description":"DIE ANTWORT KAM POSTWENDEND &#8211; Voil\u00e0: Artemis und Winkler geh\u00f6rt zum Bibliografischen Institut. Das Bibliographische Institut ist ein deutscher Verlag mit Sitz in Berlin, der zur Unternehmensgruppe Cornelsen geh\u00f6rt. Fusion und Gegenwart[ Nach der Wende erfolgte 1990 die Umwandlung des ostdeutschen Verlags in die Bibliographisches Institut &#038; Verlag Enzyklop\u00e4die GmbH, 1991 die \u00dcbernahme derselben durch&hellip; Was wurde aus dem Verlag ARTEMIS&#038;WINKLER? ANFRAGE am 17. 6. bei der SCHWABENVERLAG AG weiterlesen","og_url":"https:\/\/feminissima.de\/index.php\/2019\/06\/21\/was-wurde-aus-dem-verlag-artemiswinkler-anfrage-am-17-6-bei-der-schwabenverlag-ag\/","og_site_name":"Feminissima","article_published_time":"2019-06-21T10:58:53+00:00","author":"fem","twitter_card":"summary_large_image","twitter_misc":{"Verfasst von":"fem","Gesch\u00e4tzte Lesezeit":"2\u00a0Minuten"},"schema":{"@context":"https:\/\/schema.org","@graph":[{"@type":"WebPage","@id":"https:\/\/feminissima.de\/index.php\/2019\/06\/21\/was-wurde-aus-dem-verlag-artemiswinkler-anfrage-am-17-6-bei-der-schwabenverlag-ag\/","url":"https:\/\/feminissima.de\/index.php\/2019\/06\/21\/was-wurde-aus-dem-verlag-artemiswinkler-anfrage-am-17-6-bei-der-schwabenverlag-ag\/","name":"Was wurde aus dem Verlag ARTEMIS&WINKLER? ANFRAGE am 17. 6. bei der SCHWABENVERLAG AG - Feminissima","isPartOf":{"@id":"https:\/\/feminissima.de\/#website"},"datePublished":"2019-06-21T10:58:53+00:00","dateModified":"2019-06-21T10:58:53+00:00","author":{"@id":"https:\/\/feminissima.de\/#\/schema\/person\/5dea0fc707e9da59266a47da2f9a8210"},"breadcrumb":{"@id":"https:\/\/feminissima.de\/index.php\/2019\/06\/21\/was-wurde-aus-dem-verlag-artemiswinkler-anfrage-am-17-6-bei-der-schwabenverlag-ag\/#breadcrumb"},"inLanguage":"de","potentialAction":[{"@type":"ReadAction","target":["https:\/\/feminissima.de\/index.php\/2019\/06\/21\/was-wurde-aus-dem-verlag-artemiswinkler-anfrage-am-17-6-bei-der-schwabenverlag-ag\/"]}]},{"@type":"BreadcrumbList","@id":"https:\/\/feminissima.de\/index.php\/2019\/06\/21\/was-wurde-aus-dem-verlag-artemiswinkler-anfrage-am-17-6-bei-der-schwabenverlag-ag\/#breadcrumb","itemListElement":[{"@type":"ListItem","position":1,"name":"Startseite","item":"https:\/\/feminissima.de\/"},{"@type":"ListItem","position":2,"name":"Was wurde aus dem Verlag ARTEMIS&#038;WINKLER? ANFRAGE am 17. 6. bei der SCHWABENVERLAG AG"}]},{"@type":"WebSite","@id":"https:\/\/feminissima.de\/#website","url":"https:\/\/feminissima.de\/","name":"Feminissima","description":"","potentialAction":[{"@type":"SearchAction","target":{"@type":"EntryPoint","urlTemplate":"https:\/\/feminissima.de\/?s={search_term_string}"},"query-input":"required name=search_term_string"}],"inLanguage":"de"},{"@type":"Person","@id":"https:\/\/feminissima.de\/#\/schema\/person\/5dea0fc707e9da59266a47da2f9a8210","name":"fem","image":{"@type":"ImageObject","inLanguage":"de","@id":"https:\/\/feminissima.de\/#\/schema\/person\/image\/","url":"https:\/\/secure.gravatar.com\/avatar\/892e878e26ee6e7c1689c0b5183da4949c35fb291d0554f021db478bb42e3226?s=96&d=mm&r=g","contentUrl":"https:\/\/secure.gravatar.com\/avatar\/892e878e26ee6e7c1689c0b5183da4949c35fb291d0554f021db478bb42e3226?s=96&d=mm&r=g","caption":"fem"},"url":"https:\/\/feminissima.de\/index.php\/author\/fem\/"}]}},"jetpack_featured_media_url":"","_links":{"self":[{"href":"https:\/\/feminissima.de\/index.php\/wp-json\/wp\/v2\/posts\/87835","targetHints":{"allow":["GET"]}}],"collection":[{"href":"https:\/\/feminissima.de\/index.php\/wp-json\/wp\/v2\/posts"}],"about":[{"href":"https:\/\/feminissima.de\/index.php\/wp-json\/wp\/v2\/types\/post"}],"author":[{"embeddable":true,"href":"https:\/\/feminissima.de\/index.php\/wp-json\/wp\/v2\/users\/3"}],"replies":[{"embeddable":true,"href":"https:\/\/feminissima.de\/index.php\/wp-json\/wp\/v2\/comments?post=87835"}],"version-history":[{"count":0,"href":"https:\/\/feminissima.de\/index.php\/wp-json\/wp\/v2\/posts\/87835\/revisions"}],"wp:attachment":[{"href":"https:\/\/feminissima.de\/index.php\/wp-json\/wp\/v2\/media?parent=87835"}],"wp:term":[{"taxonomy":"category","embeddable":true,"href":"https:\/\/feminissima.de\/index.php\/wp-json\/wp\/v2\/categories?post=87835"},{"taxonomy":"post_tag","embeddable":true,"href":"https:\/\/feminissima.de\/index.php\/wp-json\/wp\/v2\/tags?post=87835"}],"curies":[{"name":"wp","href":"https:\/\/api.w.org\/{rel}","templated":true}]}}