{"id":87818,"date":"2019-06-21T11:53:39","date_gmt":"2019-06-21T09:53:39","guid":{"rendered":"http:\/\/www.feminissima.de\/?p=87818"},"modified":"2019-06-21T11:53:39","modified_gmt":"2019-06-21T09:53:39","slug":"moment-wie-heist-noch-mal-schnell-der-deutsche-verkehrsminister","status":"publish","type":"post","link":"https:\/\/feminissima.de\/index.php\/2019\/06\/21\/moment-wie-heist-noch-mal-schnell-der-deutsche-verkehrsminister\/","title":{"rendered":"Moment, wie hei\u00dft noch mal schnell der deutsche VERKEHRSMINISTER..?"},"content":{"rendered":"<p>Ach so ja &#8211; zum VERGESSEN..! Der Andy.<br \/>\nAllein in der Politik darfst Du Mist ohne Ende verzapfen, Geld ohne Ende verbrennnen und verprassen, (das MAUT-DING!! ) ohne, dass es IRGENDEINE Konsequenz h\u00e4tte.<br \/>\nIn der Privatwirtschaft w\u00e4re dieser Scheuer (bei Twitter oft das Wortspiel mit bescheuert, claro&#8230;aber zu offensichtlich, oder.. ) schon l\u00e4ngst fristlos gefeuert worden!<\/p>\n<p>Und jetzt sollst du unge\u00fcbt Motorrad fahren d\u00fcrfen&#8230;.<br \/>\nSetzt diesen unf\u00e4higen Mann doch bitte-bitte-endlich ab..!!<\/p>\n<p>GENIAL &#8211; &#8220; AUS DIE MAUT&#8220; &#8211; schrieb KRAUTREPORTER am 19.Juni&#8230;<\/p>\n","protected":false},"excerpt":{"rendered":"<p>Ach so ja &#8211; zum VERGESSEN..! Der Andy. Allein in der Politik darfst Du Mist ohne Ende verzapfen, Geld ohne Ende verbrennnen und verprassen, (das MAUT-DING!! ) ohne, dass es IRGENDEINE Konsequenz h\u00e4tte. In der Privatwirtschaft w\u00e4re dieser Scheuer (bei Twitter oft das Wortspiel mit bescheuert, claro&#8230;aber zu offensichtlich, oder.. ) schon l\u00e4ngst fristlos gefeuert&hellip; <a class=\"more-link\" href=\"https:\/\/feminissima.de\/index.php\/2019\/06\/21\/moment-wie-heist-noch-mal-schnell-der-deutsche-verkehrsminister\/\"><span class=\"screen-reader-text\">Moment, wie hei\u00dft noch mal schnell der deutsche VERKEHRSMINISTER..?<\/span> weiterlesen<\/a><\/p>\n","protected":false},"author":3,"featured_media":0,"comment_status":"closed","ping_status":"closed","sticky":false,"template":"","format":"standard","meta":{"footnotes":""},"categories":[6,14],"tags":[],"class_list":["post-87818","post","type-post","status-publish","format-standard","hentry","category-femleben","category-fempolitik","entry"],"yoast_head":"<!-- This site is optimized with the Yoast SEO plugin v21.0 - https:\/\/yoast.com\/wordpress\/plugins\/seo\/ -->\n<title>Moment, wie hei\u00dft noch mal schnell der deutsche VERKEHRSMINISTER..? - Feminissima<\/title>\n<meta name=\"robots\" content=\"index, follow, max-snippet:-1, max-image-preview:large, max-video-preview:-1\" \/>\n<link rel=\"canonical\" href=\"https:\/\/feminissima.de\/index.php\/2019\/06\/21\/moment-wie-heist-noch-mal-schnell-der-deutsche-verkehrsminister\/\" \/>\n<meta property=\"og:locale\" content=\"de_DE\" \/>\n<meta property=\"og:type\" content=\"article\" \/>\n<meta property=\"og:title\" content=\"Moment, wie hei\u00dft noch mal schnell der deutsche VERKEHRSMINISTER..? - Feminissima\" \/>\n<meta property=\"og:description\" content=\"Ach so ja &#8211; zum VERGESSEN..! Der Andy. Allein in der Politik darfst Du Mist ohne Ende verzapfen, Geld ohne Ende verbrennnen und verprassen, (das MAUT-DING!! ) ohne, dass es IRGENDEINE Konsequenz h\u00e4tte. In der Privatwirtschaft w\u00e4re dieser Scheuer (bei Twitter oft das Wortspiel mit bescheuert, claro&#8230;aber zu offensichtlich, oder.. ) schon l\u00e4ngst fristlos gefeuert&hellip; Moment, wie hei\u00dft noch mal schnell der deutsche VERKEHRSMINISTER..? weiterlesen\" \/>\n<meta property=\"og:url\" content=\"https:\/\/feminissima.de\/index.php\/2019\/06\/21\/moment-wie-heist-noch-mal-schnell-der-deutsche-verkehrsminister\/\" \/>\n<meta property=\"og:site_name\" content=\"Feminissima\" \/>\n<meta property=\"article:published_time\" content=\"2019-06-21T09:53:39+00:00\" \/>\n<meta name=\"author\" content=\"fem\" \/>\n<meta name=\"twitter:card\" content=\"summary_large_image\" \/>\n<meta name=\"twitter:label1\" content=\"Verfasst von\" \/>\n\t<meta name=\"twitter:data1\" content=\"fem\" \/>\n<script type=\"application\/ld+json\" class=\"yoast-schema-graph\">{\"@context\":\"https:\/\/schema.org\",\"@graph\":[{\"@type\":\"WebPage\",\"@id\":\"https:\/\/feminissima.de\/index.php\/2019\/06\/21\/moment-wie-heist-noch-mal-schnell-der-deutsche-verkehrsminister\/\",\"url\":\"https:\/\/feminissima.de\/index.php\/2019\/06\/21\/moment-wie-heist-noch-mal-schnell-der-deutsche-verkehrsminister\/\",\"name\":\"Moment, wie hei\u00dft noch mal schnell der deutsche VERKEHRSMINISTER..? - Feminissima\",\"isPartOf\":{\"@id\":\"https:\/\/feminissima.de\/#website\"},\"datePublished\":\"2019-06-21T09:53:39+00:00\",\"dateModified\":\"2019-06-21T09:53:39+00:00\",\"author\":{\"@id\":\"https:\/\/feminissima.de\/#\/schema\/person\/5dea0fc707e9da59266a47da2f9a8210\"},\"breadcrumb\":{\"@id\":\"https:\/\/feminissima.de\/index.php\/2019\/06\/21\/moment-wie-heist-noch-mal-schnell-der-deutsche-verkehrsminister\/#breadcrumb\"},\"inLanguage\":\"de\",\"potentialAction\":[{\"@type\":\"ReadAction\",\"target\":[\"https:\/\/feminissima.de\/index.php\/2019\/06\/21\/moment-wie-heist-noch-mal-schnell-der-deutsche-verkehrsminister\/\"]}]},{\"@type\":\"BreadcrumbList\",\"@id\":\"https:\/\/feminissima.de\/index.php\/2019\/06\/21\/moment-wie-heist-noch-mal-schnell-der-deutsche-verkehrsminister\/#breadcrumb\",\"itemListElement\":[{\"@type\":\"ListItem\",\"position\":1,\"name\":\"Startseite\",\"item\":\"https:\/\/feminissima.de\/\"},{\"@type\":\"ListItem\",\"position\":2,\"name\":\"Moment, wie hei\u00dft noch mal schnell der deutsche VERKEHRSMINISTER..?\"}]},{\"@type\":\"WebSite\",\"@id\":\"https:\/\/feminissima.de\/#website\",\"url\":\"https:\/\/feminissima.de\/\",\"name\":\"Feminissima\",\"description\":\"\",\"potentialAction\":[{\"@type\":\"SearchAction\",\"target\":{\"@type\":\"EntryPoint\",\"urlTemplate\":\"https:\/\/feminissima.de\/?s={search_term_string}\"},\"query-input\":\"required name=search_term_string\"}],\"inLanguage\":\"de\"},{\"@type\":\"Person\",\"@id\":\"https:\/\/feminissima.de\/#\/schema\/person\/5dea0fc707e9da59266a47da2f9a8210\",\"name\":\"fem\",\"image\":{\"@type\":\"ImageObject\",\"inLanguage\":\"de\",\"@id\":\"https:\/\/feminissima.de\/#\/schema\/person\/image\/\",\"url\":\"https:\/\/secure.gravatar.com\/avatar\/892e878e26ee6e7c1689c0b5183da4949c35fb291d0554f021db478bb42e3226?s=96&d=mm&r=g\",\"contentUrl\":\"https:\/\/secure.gravatar.com\/avatar\/892e878e26ee6e7c1689c0b5183da4949c35fb291d0554f021db478bb42e3226?s=96&d=mm&r=g\",\"caption\":\"fem\"},\"url\":\"https:\/\/feminissima.de\/index.php\/author\/fem\/\"}]}<\/script>\n<!-- \/ Yoast SEO plugin. -->","yoast_head_json":{"title":"Moment, wie hei\u00dft noch mal schnell der deutsche VERKEHRSMINISTER..? - Feminissima","robots":{"index":"index","follow":"follow","max-snippet":"max-snippet:-1","max-image-preview":"max-image-preview:large","max-video-preview":"max-video-preview:-1"},"canonical":"https:\/\/feminissima.de\/index.php\/2019\/06\/21\/moment-wie-heist-noch-mal-schnell-der-deutsche-verkehrsminister\/","og_locale":"de_DE","og_type":"article","og_title":"Moment, wie hei\u00dft noch mal schnell der deutsche VERKEHRSMINISTER..? - Feminissima","og_description":"Ach so ja &#8211; zum VERGESSEN..! Der Andy. Allein in der Politik darfst Du Mist ohne Ende verzapfen, Geld ohne Ende verbrennnen und verprassen, (das MAUT-DING!! ) ohne, dass es IRGENDEINE Konsequenz h\u00e4tte. In der Privatwirtschaft w\u00e4re dieser Scheuer (bei Twitter oft das Wortspiel mit bescheuert, claro&#8230;aber zu offensichtlich, oder.. ) schon l\u00e4ngst fristlos gefeuert&hellip; Moment, wie hei\u00dft noch mal schnell der deutsche VERKEHRSMINISTER..? weiterlesen","og_url":"https:\/\/feminissima.de\/index.php\/2019\/06\/21\/moment-wie-heist-noch-mal-schnell-der-deutsche-verkehrsminister\/","og_site_name":"Feminissima","article_published_time":"2019-06-21T09:53:39+00:00","author":"fem","twitter_card":"summary_large_image","twitter_misc":{"Verfasst von":"fem"},"schema":{"@context":"https:\/\/schema.org","@graph":[{"@type":"WebPage","@id":"https:\/\/feminissima.de\/index.php\/2019\/06\/21\/moment-wie-heist-noch-mal-schnell-der-deutsche-verkehrsminister\/","url":"https:\/\/feminissima.de\/index.php\/2019\/06\/21\/moment-wie-heist-noch-mal-schnell-der-deutsche-verkehrsminister\/","name":"Moment, wie hei\u00dft noch mal schnell der deutsche VERKEHRSMINISTER..? - Feminissima","isPartOf":{"@id":"https:\/\/feminissima.de\/#website"},"datePublished":"2019-06-21T09:53:39+00:00","dateModified":"2019-06-21T09:53:39+00:00","author":{"@id":"https:\/\/feminissima.de\/#\/schema\/person\/5dea0fc707e9da59266a47da2f9a8210"},"breadcrumb":{"@id":"https:\/\/feminissima.de\/index.php\/2019\/06\/21\/moment-wie-heist-noch-mal-schnell-der-deutsche-verkehrsminister\/#breadcrumb"},"inLanguage":"de","potentialAction":[{"@type":"ReadAction","target":["https:\/\/feminissima.de\/index.php\/2019\/06\/21\/moment-wie-heist-noch-mal-schnell-der-deutsche-verkehrsminister\/"]}]},{"@type":"BreadcrumbList","@id":"https:\/\/feminissima.de\/index.php\/2019\/06\/21\/moment-wie-heist-noch-mal-schnell-der-deutsche-verkehrsminister\/#breadcrumb","itemListElement":[{"@type":"ListItem","position":1,"name":"Startseite","item":"https:\/\/feminissima.de\/"},{"@type":"ListItem","position":2,"name":"Moment, wie hei\u00dft noch mal schnell der deutsche VERKEHRSMINISTER..?"}]},{"@type":"WebSite","@id":"https:\/\/feminissima.de\/#website","url":"https:\/\/feminissima.de\/","name":"Feminissima","description":"","potentialAction":[{"@type":"SearchAction","target":{"@type":"EntryPoint","urlTemplate":"https:\/\/feminissima.de\/?s={search_term_string}"},"query-input":"required name=search_term_string"}],"inLanguage":"de"},{"@type":"Person","@id":"https:\/\/feminissima.de\/#\/schema\/person\/5dea0fc707e9da59266a47da2f9a8210","name":"fem","image":{"@type":"ImageObject","inLanguage":"de","@id":"https:\/\/feminissima.de\/#\/schema\/person\/image\/","url":"https:\/\/secure.gravatar.com\/avatar\/892e878e26ee6e7c1689c0b5183da4949c35fb291d0554f021db478bb42e3226?s=96&d=mm&r=g","contentUrl":"https:\/\/secure.gravatar.com\/avatar\/892e878e26ee6e7c1689c0b5183da4949c35fb291d0554f021db478bb42e3226?s=96&d=mm&r=g","caption":"fem"},"url":"https:\/\/feminissima.de\/index.php\/author\/fem\/"}]}},"jetpack_featured_media_url":"","_links":{"self":[{"href":"https:\/\/feminissima.de\/index.php\/wp-json\/wp\/v2\/posts\/87818","targetHints":{"allow":["GET"]}}],"collection":[{"href":"https:\/\/feminissima.de\/index.php\/wp-json\/wp\/v2\/posts"}],"about":[{"href":"https:\/\/feminissima.de\/index.php\/wp-json\/wp\/v2\/types\/post"}],"author":[{"embeddable":true,"href":"https:\/\/feminissima.de\/index.php\/wp-json\/wp\/v2\/users\/3"}],"replies":[{"embeddable":true,"href":"https:\/\/feminissima.de\/index.php\/wp-json\/wp\/v2\/comments?post=87818"}],"version-history":[{"count":0,"href":"https:\/\/feminissima.de\/index.php\/wp-json\/wp\/v2\/posts\/87818\/revisions"}],"wp:attachment":[{"href":"https:\/\/feminissima.de\/index.php\/wp-json\/wp\/v2\/media?parent=87818"}],"wp:term":[{"taxonomy":"category","embeddable":true,"href":"https:\/\/feminissima.de\/index.php\/wp-json\/wp\/v2\/categories?post=87818"},{"taxonomy":"post_tag","embeddable":true,"href":"https:\/\/feminissima.de\/index.php\/wp-json\/wp\/v2\/tags?post=87818"}],"curies":[{"name":"wp","href":"https:\/\/api.w.org\/{rel}","templated":true}]}}