{"id":87793,"date":"2019-06-20T10:28:26","date_gmt":"2019-06-20T08:28:26","guid":{"rendered":"http:\/\/www.feminissima.de\/?p=87793"},"modified":"2019-06-20T10:28:26","modified_gmt":"2019-06-20T08:28:26","slug":"unser-star-war-gestern-abend-die-ard","status":"publish","type":"post","link":"https:\/\/feminissima.de\/index.php\/2019\/06\/20\/unser-star-war-gestern-abend-die-ard\/","title":{"rendered":"ARD war gestern Abend  unser STAR"},"content":{"rendered":"<p>hi, moin, willkommen, Bonjour, welcome &#038; Buenas Dias &#8211;<br \/>\nupdate 9 Uhr 56 &#8211; local time auf Teneriffa. Und die Hitze kriecht in die Poren&#8230; Es wird wieder hei\u00df heute. Aber angenehm&#8230; ..Gleich mehr, hold on..mal saven. Hier dauernd Abst\u00fcrze. That&#8217;s no fun!<\/p>\n<p>Ja, zwar den Anfang von &#8222;IM NETZ&#8220; verpasst  (&#8222;MittwochFilm&#8220; ) &#8211; aber der Sinn ergab sich im Verlauf des vor allem dank Super-Besetzung &#8230; keine Sekunde &#8222;Lcangeweile&#8220; oder was anderes gleichzeitg machen&#8230;Das Ende pfiffig&#8230; Chrissie, schau doch mal nach, wie die k\u00f6stliche Schauspielerin hei\u00dft, die wir seit &#8222;MORD MIT AUSSICHT&#8220; kennen, und nat\u00fcrlich all den Wiederholungen&#8230; Und der Wolfram..\u00e4h&#8230;den wir als Kommissar aus dem Frankfurter TATORT kennen, kam smart (im alten Sinn des Wortes) und nicht uncharmant &#8230; r\u00fcber&#8230;Alles in allem wirkte der Film trotz oder gerade wegen seiner Absurdit\u00e4t (&#8222;Identit\u00e4t geklaut) augenzwinkernd&#8230; parodisierend&#8230;. Note 1-&#8230;..<\/p>\n<p>Erstmals das neue Format von MAISCHBERGER gesehen!. WOW!<br \/>\nWer immer die Idee zu dem completamente neuen Konzept hatte &#8211; : GENIAL! Auch, dass endlich wieder Zuschauer im Studio &#8211; ! Das nun vor allem journalistische Format &#8211; &#8222;Themen der Woche&#8220; &#8211; mit 3 Journalisten live im Studio &#8211; die ihre Statements jeweils zu einem Thema abgeben, bzw. diskutieren durften, aber nie zu lang &#8211; und Einzelg\u00e4ste &#8230;. von begrenzter Zeit-Unit. Sandra MAISCHBERGER konnte endlich wieder ihr eigentliches Talent zeigen &#8211; Journalisch zu sein&#8230; Erstmals MERZ sogar als teil-witzig empfunden&#8230;. zugleich sein Denk-Muster (rechter Fl\u00fcgel der CDU) dabei l\u00e4ssig noch einmal&#8230;aufgetan&#8230; Doch&#8230; Ob Klimakrise, ob K\u00fckenMorden, ob MENSCHENMORD von Rechtsradikalen&#8230;. Eine angenehme, kurzweilige Sendung, die eigentlich &#8222;wie im Nu&#8220; rum war. Besseres kannst du ja kaum&#8230;von ner Sendung sagen, oder?<\/p>\n<p>Doch PLUSMINUS &#8211; das Verbraucher- &#038; Wirtschaftsmagazin der ARD, dieses mal aus Hamburg war der eigentliche Kn\u00fcller.<br \/>\nEnth\u00fcllungen &#8230;. knallhart. Wie die Patienten ver&#8230;(pardon) &#8211; arscht werden, als erfolgreiches weiteres Nepp-Gesch\u00e4ftsmodell&#8230;!www.plusminus.de ..<\/p>\n","protected":false},"excerpt":{"rendered":"<p>hi, moin, willkommen, Bonjour, welcome &#038; Buenas Dias &#8211; update 9 Uhr 56 &#8211; local time auf Teneriffa. Und die Hitze kriecht in die Poren&#8230; Es wird wieder hei\u00df heute. Aber angenehm&#8230; ..Gleich mehr, hold on..mal saven. Hier dauernd Abst\u00fcrze. That&#8217;s no fun! Ja, zwar den Anfang von &#8222;IM NETZ&#8220; verpasst (&#8222;MittwochFilm&#8220; ) &#8211; aber&hellip; <a class=\"more-link\" href=\"https:\/\/feminissima.de\/index.php\/2019\/06\/20\/unser-star-war-gestern-abend-die-ard\/\"><span class=\"screen-reader-text\">ARD war gestern Abend  unser STAR<\/span> weiterlesen<\/a><\/p>\n","protected":false},"author":3,"featured_media":0,"comment_status":"closed","ping_status":"closed","sticky":false,"template":"","format":"standard","meta":{"footnotes":""},"categories":[6],"tags":[],"class_list":["post-87793","post","type-post","status-publish","format-standard","hentry","category-femleben","entry"],"yoast_head":"<!-- This site is optimized with the Yoast SEO plugin v21.0 - https:\/\/yoast.com\/wordpress\/plugins\/seo\/ -->\n<title>ARD war gestern Abend unser STAR - Feminissima<\/title>\n<meta name=\"robots\" content=\"index, follow, max-snippet:-1, max-image-preview:large, max-video-preview:-1\" \/>\n<link rel=\"canonical\" href=\"https:\/\/feminissima.de\/index.php\/2019\/06\/20\/unser-star-war-gestern-abend-die-ard\/\" \/>\n<meta property=\"og:locale\" content=\"de_DE\" \/>\n<meta property=\"og:type\" content=\"article\" \/>\n<meta property=\"og:title\" content=\"ARD war gestern Abend unser STAR - Feminissima\" \/>\n<meta property=\"og:description\" content=\"hi, moin, willkommen, Bonjour, welcome &#038; Buenas Dias &#8211; update 9 Uhr 56 &#8211; local time auf Teneriffa. Und die Hitze kriecht in die Poren&#8230; Es wird wieder hei\u00df heute. Aber angenehm&#8230; ..Gleich mehr, hold on..mal saven. Hier dauernd Abst\u00fcrze. That&#8217;s no fun! Ja, zwar den Anfang von &#8222;IM NETZ&#8220; verpasst (&#8222;MittwochFilm&#8220; ) &#8211; aber&hellip; ARD war gestern Abend unser STAR weiterlesen\" \/>\n<meta property=\"og:url\" content=\"https:\/\/feminissima.de\/index.php\/2019\/06\/20\/unser-star-war-gestern-abend-die-ard\/\" \/>\n<meta property=\"og:site_name\" content=\"Feminissima\" \/>\n<meta property=\"article:published_time\" content=\"2019-06-20T08:28:26+00:00\" \/>\n<meta name=\"author\" content=\"fem\" \/>\n<meta name=\"twitter:card\" content=\"summary_large_image\" \/>\n<meta name=\"twitter:label1\" content=\"Verfasst von\" \/>\n\t<meta name=\"twitter:data1\" content=\"fem\" \/>\n\t<meta name=\"twitter:label2\" content=\"Gesch\u00e4tzte Lesezeit\" \/>\n\t<meta name=\"twitter:data2\" content=\"2\u00a0Minuten\" \/>\n<script type=\"application\/ld+json\" class=\"yoast-schema-graph\">{\"@context\":\"https:\/\/schema.org\",\"@graph\":[{\"@type\":\"WebPage\",\"@id\":\"https:\/\/feminissima.de\/index.php\/2019\/06\/20\/unser-star-war-gestern-abend-die-ard\/\",\"url\":\"https:\/\/feminissima.de\/index.php\/2019\/06\/20\/unser-star-war-gestern-abend-die-ard\/\",\"name\":\"ARD war gestern Abend unser STAR - Feminissima\",\"isPartOf\":{\"@id\":\"https:\/\/feminissima.de\/#website\"},\"datePublished\":\"2019-06-20T08:28:26+00:00\",\"dateModified\":\"2019-06-20T08:28:26+00:00\",\"author\":{\"@id\":\"https:\/\/feminissima.de\/#\/schema\/person\/5dea0fc707e9da59266a47da2f9a8210\"},\"breadcrumb\":{\"@id\":\"https:\/\/feminissima.de\/index.php\/2019\/06\/20\/unser-star-war-gestern-abend-die-ard\/#breadcrumb\"},\"inLanguage\":\"de\",\"potentialAction\":[{\"@type\":\"ReadAction\",\"target\":[\"https:\/\/feminissima.de\/index.php\/2019\/06\/20\/unser-star-war-gestern-abend-die-ard\/\"]}]},{\"@type\":\"BreadcrumbList\",\"@id\":\"https:\/\/feminissima.de\/index.php\/2019\/06\/20\/unser-star-war-gestern-abend-die-ard\/#breadcrumb\",\"itemListElement\":[{\"@type\":\"ListItem\",\"position\":1,\"name\":\"Startseite\",\"item\":\"https:\/\/feminissima.de\/\"},{\"@type\":\"ListItem\",\"position\":2,\"name\":\"ARD war gestern Abend unser STAR\"}]},{\"@type\":\"WebSite\",\"@id\":\"https:\/\/feminissima.de\/#website\",\"url\":\"https:\/\/feminissima.de\/\",\"name\":\"Feminissima\",\"description\":\"\",\"potentialAction\":[{\"@type\":\"SearchAction\",\"target\":{\"@type\":\"EntryPoint\",\"urlTemplate\":\"https:\/\/feminissima.de\/?s={search_term_string}\"},\"query-input\":\"required name=search_term_string\"}],\"inLanguage\":\"de\"},{\"@type\":\"Person\",\"@id\":\"https:\/\/feminissima.de\/#\/schema\/person\/5dea0fc707e9da59266a47da2f9a8210\",\"name\":\"fem\",\"image\":{\"@type\":\"ImageObject\",\"inLanguage\":\"de\",\"@id\":\"https:\/\/feminissima.de\/#\/schema\/person\/image\/\",\"url\":\"https:\/\/secure.gravatar.com\/avatar\/892e878e26ee6e7c1689c0b5183da4949c35fb291d0554f021db478bb42e3226?s=96&d=mm&r=g\",\"contentUrl\":\"https:\/\/secure.gravatar.com\/avatar\/892e878e26ee6e7c1689c0b5183da4949c35fb291d0554f021db478bb42e3226?s=96&d=mm&r=g\",\"caption\":\"fem\"},\"url\":\"https:\/\/feminissima.de\/index.php\/author\/fem\/\"}]}<\/script>\n<!-- \/ Yoast SEO plugin. -->","yoast_head_json":{"title":"ARD war gestern Abend unser STAR - Feminissima","robots":{"index":"index","follow":"follow","max-snippet":"max-snippet:-1","max-image-preview":"max-image-preview:large","max-video-preview":"max-video-preview:-1"},"canonical":"https:\/\/feminissima.de\/index.php\/2019\/06\/20\/unser-star-war-gestern-abend-die-ard\/","og_locale":"de_DE","og_type":"article","og_title":"ARD war gestern Abend unser STAR - Feminissima","og_description":"hi, moin, willkommen, Bonjour, welcome &#038; Buenas Dias &#8211; update 9 Uhr 56 &#8211; local time auf Teneriffa. Und die Hitze kriecht in die Poren&#8230; Es wird wieder hei\u00df heute. Aber angenehm&#8230; ..Gleich mehr, hold on..mal saven. Hier dauernd Abst\u00fcrze. That&#8217;s no fun! Ja, zwar den Anfang von &#8222;IM NETZ&#8220; verpasst (&#8222;MittwochFilm&#8220; ) &#8211; aber&hellip; ARD war gestern Abend unser STAR weiterlesen","og_url":"https:\/\/feminissima.de\/index.php\/2019\/06\/20\/unser-star-war-gestern-abend-die-ard\/","og_site_name":"Feminissima","article_published_time":"2019-06-20T08:28:26+00:00","author":"fem","twitter_card":"summary_large_image","twitter_misc":{"Verfasst von":"fem","Gesch\u00e4tzte Lesezeit":"2\u00a0Minuten"},"schema":{"@context":"https:\/\/schema.org","@graph":[{"@type":"WebPage","@id":"https:\/\/feminissima.de\/index.php\/2019\/06\/20\/unser-star-war-gestern-abend-die-ard\/","url":"https:\/\/feminissima.de\/index.php\/2019\/06\/20\/unser-star-war-gestern-abend-die-ard\/","name":"ARD war gestern Abend unser STAR - Feminissima","isPartOf":{"@id":"https:\/\/feminissima.de\/#website"},"datePublished":"2019-06-20T08:28:26+00:00","dateModified":"2019-06-20T08:28:26+00:00","author":{"@id":"https:\/\/feminissima.de\/#\/schema\/person\/5dea0fc707e9da59266a47da2f9a8210"},"breadcrumb":{"@id":"https:\/\/feminissima.de\/index.php\/2019\/06\/20\/unser-star-war-gestern-abend-die-ard\/#breadcrumb"},"inLanguage":"de","potentialAction":[{"@type":"ReadAction","target":["https:\/\/feminissima.de\/index.php\/2019\/06\/20\/unser-star-war-gestern-abend-die-ard\/"]}]},{"@type":"BreadcrumbList","@id":"https:\/\/feminissima.de\/index.php\/2019\/06\/20\/unser-star-war-gestern-abend-die-ard\/#breadcrumb","itemListElement":[{"@type":"ListItem","position":1,"name":"Startseite","item":"https:\/\/feminissima.de\/"},{"@type":"ListItem","position":2,"name":"ARD war gestern Abend unser STAR"}]},{"@type":"WebSite","@id":"https:\/\/feminissima.de\/#website","url":"https:\/\/feminissima.de\/","name":"Feminissima","description":"","potentialAction":[{"@type":"SearchAction","target":{"@type":"EntryPoint","urlTemplate":"https:\/\/feminissima.de\/?s={search_term_string}"},"query-input":"required name=search_term_string"}],"inLanguage":"de"},{"@type":"Person","@id":"https:\/\/feminissima.de\/#\/schema\/person\/5dea0fc707e9da59266a47da2f9a8210","name":"fem","image":{"@type":"ImageObject","inLanguage":"de","@id":"https:\/\/feminissima.de\/#\/schema\/person\/image\/","url":"https:\/\/secure.gravatar.com\/avatar\/892e878e26ee6e7c1689c0b5183da4949c35fb291d0554f021db478bb42e3226?s=96&d=mm&r=g","contentUrl":"https:\/\/secure.gravatar.com\/avatar\/892e878e26ee6e7c1689c0b5183da4949c35fb291d0554f021db478bb42e3226?s=96&d=mm&r=g","caption":"fem"},"url":"https:\/\/feminissima.de\/index.php\/author\/fem\/"}]}},"jetpack_featured_media_url":"","_links":{"self":[{"href":"https:\/\/feminissima.de\/index.php\/wp-json\/wp\/v2\/posts\/87793","targetHints":{"allow":["GET"]}}],"collection":[{"href":"https:\/\/feminissima.de\/index.php\/wp-json\/wp\/v2\/posts"}],"about":[{"href":"https:\/\/feminissima.de\/index.php\/wp-json\/wp\/v2\/types\/post"}],"author":[{"embeddable":true,"href":"https:\/\/feminissima.de\/index.php\/wp-json\/wp\/v2\/users\/3"}],"replies":[{"embeddable":true,"href":"https:\/\/feminissima.de\/index.php\/wp-json\/wp\/v2\/comments?post=87793"}],"version-history":[{"count":0,"href":"https:\/\/feminissima.de\/index.php\/wp-json\/wp\/v2\/posts\/87793\/revisions"}],"wp:attachment":[{"href":"https:\/\/feminissima.de\/index.php\/wp-json\/wp\/v2\/media?parent=87793"}],"wp:term":[{"taxonomy":"category","embeddable":true,"href":"https:\/\/feminissima.de\/index.php\/wp-json\/wp\/v2\/categories?post=87793"},{"taxonomy":"post_tag","embeddable":true,"href":"https:\/\/feminissima.de\/index.php\/wp-json\/wp\/v2\/tags?post=87793"}],"curies":[{"name":"wp","href":"https:\/\/api.w.org\/{rel}","templated":true}]}}