{"id":87740,"date":"2019-06-18T21:30:46","date_gmt":"2019-06-18T19:30:46","guid":{"rendered":"http:\/\/www.feminissima.de\/?p=87740"},"modified":"2019-06-18T21:30:46","modified_gmt":"2019-06-18T19:30:46","slug":"aber-doch-ruft-dauerpraktikantin-chrissy-da-sind-doch-die-grunen","status":"publish","type":"post","link":"https:\/\/feminissima.de\/index.php\/2019\/06\/18\/aber-doch-ruft-dauerpraktikantin-chrissy-da-sind-doch-die-grunen\/","title":{"rendered":"Aber doch! ruft Dauerpraktikantin &#8211; Chrissy : &#8222;Da sind doch die Gr\u00fcnen!"},"content":{"rendered":"<p>Sie k\u00f6nnten sofort MERKEL abl\u00f6sen. Neues Leben.Neuer Schwung. Alles vergessen. Von damals. 2005 &#8211; als die GR\u00dcNEN in der REGIERUNG mit SCHR\u00d6DER,SPD, wir ihnen allen auf den Leim gegangen, nach der viel zu langen KOHL-ZEIT &#8211; was haben sie uns gebracht  &#8211; UNVORSTELLBAR- den RIESEN-VERRAT!! Namens HARTZ IV<\/p>\n<p>Man k\u00f6nnte l\u00e4ssig: &#8222;Think twice!&#8220;<br \/>\nAber nichts ist, wie es bleibt.<br \/>\nNun zittert also Merkel erstmals \u00f6ffentlich.<br \/>\nUnd die jetzigen GR\u00dcNEN k\u00f6nnten die ENKEL der von damals sein.<br \/>\nBesser GR\u00dcN now, als ULTRA-RECHTS und die GroKo des Dahinsiechens.<\/p>\n<p>Habt nen ertr\u00e4glichen GER-Abend&#8230; Saludos de Tenerife -20:33 local time.<\/p>\n<p>Wir sehn uns.. culy &#038; truly  &#8211; naja&#8230;:)) <\/p>\n","protected":false},"excerpt":{"rendered":"<p>Sie k\u00f6nnten sofort MERKEL abl\u00f6sen. Neues Leben.Neuer Schwung. Alles vergessen. Von damals. 2005 &#8211; als die GR\u00dcNEN in der REGIERUNG mit SCHR\u00d6DER,SPD, wir ihnen allen auf den Leim gegangen, nach der viel zu langen KOHL-ZEIT &#8211; was haben sie uns gebracht &#8211; UNVORSTELLBAR- den RIESEN-VERRAT!! Namens HARTZ IV Man k\u00f6nnte l\u00e4ssig: &#8222;Think twice!&#8220; Aber nichts&hellip; <a class=\"more-link\" href=\"https:\/\/feminissima.de\/index.php\/2019\/06\/18\/aber-doch-ruft-dauerpraktikantin-chrissy-da-sind-doch-die-grunen\/\"><span class=\"screen-reader-text\">Aber doch! ruft Dauerpraktikantin &#8211; Chrissy : &#8222;Da sind doch die Gr\u00fcnen!<\/span> weiterlesen<\/a><\/p>\n","protected":false},"author":3,"featured_media":0,"comment_status":"closed","ping_status":"closed","sticky":false,"template":"","format":"standard","meta":{"footnotes":""},"categories":[6],"tags":[],"class_list":["post-87740","post","type-post","status-publish","format-standard","hentry","category-femleben","entry"],"yoast_head":"<!-- This site is optimized with the Yoast SEO plugin v21.0 - https:\/\/yoast.com\/wordpress\/plugins\/seo\/ -->\n<title>Aber doch! ruft Dauerpraktikantin - Chrissy : &quot;Da sind doch die Gr\u00fcnen! - Feminissima<\/title>\n<meta name=\"robots\" content=\"index, follow, max-snippet:-1, max-image-preview:large, max-video-preview:-1\" \/>\n<link rel=\"canonical\" href=\"https:\/\/feminissima.de\/index.php\/2019\/06\/18\/aber-doch-ruft-dauerpraktikantin-chrissy-da-sind-doch-die-grunen\/\" \/>\n<meta property=\"og:locale\" content=\"de_DE\" \/>\n<meta property=\"og:type\" content=\"article\" \/>\n<meta property=\"og:title\" content=\"Aber doch! ruft Dauerpraktikantin - Chrissy : &quot;Da sind doch die Gr\u00fcnen! - Feminissima\" \/>\n<meta property=\"og:description\" content=\"Sie k\u00f6nnten sofort MERKEL abl\u00f6sen. Neues Leben.Neuer Schwung. Alles vergessen. Von damals. 2005 &#8211; als die GR\u00dcNEN in der REGIERUNG mit SCHR\u00d6DER,SPD, wir ihnen allen auf den Leim gegangen, nach der viel zu langen KOHL-ZEIT &#8211; was haben sie uns gebracht &#8211; UNVORSTELLBAR- den RIESEN-VERRAT!! Namens HARTZ IV Man k\u00f6nnte l\u00e4ssig: &#8222;Think twice!&#8220; Aber nichts&hellip; Aber doch! ruft Dauerpraktikantin &#8211; Chrissy : &#8222;Da sind doch die Gr\u00fcnen! weiterlesen\" \/>\n<meta property=\"og:url\" content=\"https:\/\/feminissima.de\/index.php\/2019\/06\/18\/aber-doch-ruft-dauerpraktikantin-chrissy-da-sind-doch-die-grunen\/\" \/>\n<meta property=\"og:site_name\" content=\"Feminissima\" \/>\n<meta property=\"article:published_time\" content=\"2019-06-18T19:30:46+00:00\" \/>\n<meta name=\"author\" content=\"fem\" \/>\n<meta name=\"twitter:card\" content=\"summary_large_image\" \/>\n<meta name=\"twitter:label1\" content=\"Verfasst von\" \/>\n\t<meta name=\"twitter:data1\" content=\"fem\" \/>\n\t<meta name=\"twitter:label2\" content=\"Gesch\u00e4tzte Lesezeit\" \/>\n\t<meta name=\"twitter:data2\" content=\"1\u00a0Minute\" \/>\n<script type=\"application\/ld+json\" class=\"yoast-schema-graph\">{\"@context\":\"https:\/\/schema.org\",\"@graph\":[{\"@type\":\"WebPage\",\"@id\":\"https:\/\/feminissima.de\/index.php\/2019\/06\/18\/aber-doch-ruft-dauerpraktikantin-chrissy-da-sind-doch-die-grunen\/\",\"url\":\"https:\/\/feminissima.de\/index.php\/2019\/06\/18\/aber-doch-ruft-dauerpraktikantin-chrissy-da-sind-doch-die-grunen\/\",\"name\":\"Aber doch! ruft Dauerpraktikantin - Chrissy : \\\"Da sind doch die Gr\u00fcnen! - Feminissima\",\"isPartOf\":{\"@id\":\"https:\/\/feminissima.de\/#website\"},\"datePublished\":\"2019-06-18T19:30:46+00:00\",\"dateModified\":\"2019-06-18T19:30:46+00:00\",\"author\":{\"@id\":\"https:\/\/feminissima.de\/#\/schema\/person\/5dea0fc707e9da59266a47da2f9a8210\"},\"breadcrumb\":{\"@id\":\"https:\/\/feminissima.de\/index.php\/2019\/06\/18\/aber-doch-ruft-dauerpraktikantin-chrissy-da-sind-doch-die-grunen\/#breadcrumb\"},\"inLanguage\":\"de\",\"potentialAction\":[{\"@type\":\"ReadAction\",\"target\":[\"https:\/\/feminissima.de\/index.php\/2019\/06\/18\/aber-doch-ruft-dauerpraktikantin-chrissy-da-sind-doch-die-grunen\/\"]}]},{\"@type\":\"BreadcrumbList\",\"@id\":\"https:\/\/feminissima.de\/index.php\/2019\/06\/18\/aber-doch-ruft-dauerpraktikantin-chrissy-da-sind-doch-die-grunen\/#breadcrumb\",\"itemListElement\":[{\"@type\":\"ListItem\",\"position\":1,\"name\":\"Startseite\",\"item\":\"https:\/\/feminissima.de\/\"},{\"@type\":\"ListItem\",\"position\":2,\"name\":\"Aber doch! ruft Dauerpraktikantin &#8211; Chrissy : &#8222;Da sind doch die Gr\u00fcnen!\"}]},{\"@type\":\"WebSite\",\"@id\":\"https:\/\/feminissima.de\/#website\",\"url\":\"https:\/\/feminissima.de\/\",\"name\":\"Feminissima\",\"description\":\"\",\"potentialAction\":[{\"@type\":\"SearchAction\",\"target\":{\"@type\":\"EntryPoint\",\"urlTemplate\":\"https:\/\/feminissima.de\/?s={search_term_string}\"},\"query-input\":\"required name=search_term_string\"}],\"inLanguage\":\"de\"},{\"@type\":\"Person\",\"@id\":\"https:\/\/feminissima.de\/#\/schema\/person\/5dea0fc707e9da59266a47da2f9a8210\",\"name\":\"fem\",\"image\":{\"@type\":\"ImageObject\",\"inLanguage\":\"de\",\"@id\":\"https:\/\/feminissima.de\/#\/schema\/person\/image\/\",\"url\":\"https:\/\/secure.gravatar.com\/avatar\/892e878e26ee6e7c1689c0b5183da4949c35fb291d0554f021db478bb42e3226?s=96&d=mm&r=g\",\"contentUrl\":\"https:\/\/secure.gravatar.com\/avatar\/892e878e26ee6e7c1689c0b5183da4949c35fb291d0554f021db478bb42e3226?s=96&d=mm&r=g\",\"caption\":\"fem\"},\"url\":\"https:\/\/feminissima.de\/index.php\/author\/fem\/\"}]}<\/script>\n<!-- \/ Yoast SEO plugin. -->","yoast_head_json":{"title":"Aber doch! ruft Dauerpraktikantin - Chrissy : \"Da sind doch die Gr\u00fcnen! - Feminissima","robots":{"index":"index","follow":"follow","max-snippet":"max-snippet:-1","max-image-preview":"max-image-preview:large","max-video-preview":"max-video-preview:-1"},"canonical":"https:\/\/feminissima.de\/index.php\/2019\/06\/18\/aber-doch-ruft-dauerpraktikantin-chrissy-da-sind-doch-die-grunen\/","og_locale":"de_DE","og_type":"article","og_title":"Aber doch! ruft Dauerpraktikantin - Chrissy : \"Da sind doch die Gr\u00fcnen! - Feminissima","og_description":"Sie k\u00f6nnten sofort MERKEL abl\u00f6sen. Neues Leben.Neuer Schwung. Alles vergessen. Von damals. 2005 &#8211; als die GR\u00dcNEN in der REGIERUNG mit SCHR\u00d6DER,SPD, wir ihnen allen auf den Leim gegangen, nach der viel zu langen KOHL-ZEIT &#8211; was haben sie uns gebracht &#8211; UNVORSTELLBAR- den RIESEN-VERRAT!! Namens HARTZ IV Man k\u00f6nnte l\u00e4ssig: &#8222;Think twice!&#8220; Aber nichts&hellip; Aber doch! ruft Dauerpraktikantin &#8211; Chrissy : &#8222;Da sind doch die Gr\u00fcnen! weiterlesen","og_url":"https:\/\/feminissima.de\/index.php\/2019\/06\/18\/aber-doch-ruft-dauerpraktikantin-chrissy-da-sind-doch-die-grunen\/","og_site_name":"Feminissima","article_published_time":"2019-06-18T19:30:46+00:00","author":"fem","twitter_card":"summary_large_image","twitter_misc":{"Verfasst von":"fem","Gesch\u00e4tzte Lesezeit":"1\u00a0Minute"},"schema":{"@context":"https:\/\/schema.org","@graph":[{"@type":"WebPage","@id":"https:\/\/feminissima.de\/index.php\/2019\/06\/18\/aber-doch-ruft-dauerpraktikantin-chrissy-da-sind-doch-die-grunen\/","url":"https:\/\/feminissima.de\/index.php\/2019\/06\/18\/aber-doch-ruft-dauerpraktikantin-chrissy-da-sind-doch-die-grunen\/","name":"Aber doch! ruft Dauerpraktikantin - Chrissy : \"Da sind doch die Gr\u00fcnen! - Feminissima","isPartOf":{"@id":"https:\/\/feminissima.de\/#website"},"datePublished":"2019-06-18T19:30:46+00:00","dateModified":"2019-06-18T19:30:46+00:00","author":{"@id":"https:\/\/feminissima.de\/#\/schema\/person\/5dea0fc707e9da59266a47da2f9a8210"},"breadcrumb":{"@id":"https:\/\/feminissima.de\/index.php\/2019\/06\/18\/aber-doch-ruft-dauerpraktikantin-chrissy-da-sind-doch-die-grunen\/#breadcrumb"},"inLanguage":"de","potentialAction":[{"@type":"ReadAction","target":["https:\/\/feminissima.de\/index.php\/2019\/06\/18\/aber-doch-ruft-dauerpraktikantin-chrissy-da-sind-doch-die-grunen\/"]}]},{"@type":"BreadcrumbList","@id":"https:\/\/feminissima.de\/index.php\/2019\/06\/18\/aber-doch-ruft-dauerpraktikantin-chrissy-da-sind-doch-die-grunen\/#breadcrumb","itemListElement":[{"@type":"ListItem","position":1,"name":"Startseite","item":"https:\/\/feminissima.de\/"},{"@type":"ListItem","position":2,"name":"Aber doch! ruft Dauerpraktikantin &#8211; Chrissy : &#8222;Da sind doch die Gr\u00fcnen!"}]},{"@type":"WebSite","@id":"https:\/\/feminissima.de\/#website","url":"https:\/\/feminissima.de\/","name":"Feminissima","description":"","potentialAction":[{"@type":"SearchAction","target":{"@type":"EntryPoint","urlTemplate":"https:\/\/feminissima.de\/?s={search_term_string}"},"query-input":"required name=search_term_string"}],"inLanguage":"de"},{"@type":"Person","@id":"https:\/\/feminissima.de\/#\/schema\/person\/5dea0fc707e9da59266a47da2f9a8210","name":"fem","image":{"@type":"ImageObject","inLanguage":"de","@id":"https:\/\/feminissima.de\/#\/schema\/person\/image\/","url":"https:\/\/secure.gravatar.com\/avatar\/892e878e26ee6e7c1689c0b5183da4949c35fb291d0554f021db478bb42e3226?s=96&d=mm&r=g","contentUrl":"https:\/\/secure.gravatar.com\/avatar\/892e878e26ee6e7c1689c0b5183da4949c35fb291d0554f021db478bb42e3226?s=96&d=mm&r=g","caption":"fem"},"url":"https:\/\/feminissima.de\/index.php\/author\/fem\/"}]}},"jetpack_featured_media_url":"","_links":{"self":[{"href":"https:\/\/feminissima.de\/index.php\/wp-json\/wp\/v2\/posts\/87740","targetHints":{"allow":["GET"]}}],"collection":[{"href":"https:\/\/feminissima.de\/index.php\/wp-json\/wp\/v2\/posts"}],"about":[{"href":"https:\/\/feminissima.de\/index.php\/wp-json\/wp\/v2\/types\/post"}],"author":[{"embeddable":true,"href":"https:\/\/feminissima.de\/index.php\/wp-json\/wp\/v2\/users\/3"}],"replies":[{"embeddable":true,"href":"https:\/\/feminissima.de\/index.php\/wp-json\/wp\/v2\/comments?post=87740"}],"version-history":[{"count":0,"href":"https:\/\/feminissima.de\/index.php\/wp-json\/wp\/v2\/posts\/87740\/revisions"}],"wp:attachment":[{"href":"https:\/\/feminissima.de\/index.php\/wp-json\/wp\/v2\/media?parent=87740"}],"wp:term":[{"taxonomy":"category","embeddable":true,"href":"https:\/\/feminissima.de\/index.php\/wp-json\/wp\/v2\/categories?post=87740"},{"taxonomy":"post_tag","embeddable":true,"href":"https:\/\/feminissima.de\/index.php\/wp-json\/wp\/v2\/tags?post=87740"}],"curies":[{"name":"wp","href":"https:\/\/api.w.org\/{rel}","templated":true}]}}