{"id":87711,"date":"2019-06-18T03:42:34","date_gmt":"2019-06-18T01:42:34","guid":{"rendered":"http:\/\/www.feminissima.de\/?p=87711"},"modified":"2019-06-18T03:42:34","modified_gmt":"2019-06-18T01:42:34","slug":"auswandern-ist-sich-zu-entwurzeln-es-wird-dir-erst-spater-deutlich","status":"publish","type":"post","link":"https:\/\/feminissima.de\/index.php\/2019\/06\/18\/auswandern-ist-sich-zu-entwurzeln-es-wird-dir-erst-spater-deutlich\/","title":{"rendered":"Auswandern &#8211; ist, sich zu entwurzeln&#8230; Es wird Dir erst sp\u00e4ter deutlich&#8230;"},"content":{"rendered":"<p>Wenn nicht nur die Kreativit\u00e4t sich vertsch\u00fcsst, in den Tagen des Konfliktlosen auf einer Ferieninsel im Atlantik. Die Emp\u00f6rung fehlt. Und doch &#8230;das Andere hat dich ja seit Jahren gereizt. Aber Zwischenstationen, genannt Ferien, l\u00e4ngere Aufenthalte mit R\u00fcckkehr-Ticket &#8230; der Hang zum Verkl\u00e4ren&#8230; das gr\u00fcne Gras&#8230; oder die braune Erde der Vulkan-Insel&#8230; Alles anders als dann wirklich &#8211; ciao! Alemania..<br \/>\nAlles \u00fcberall besser, als dort, wo du gerade bist.. ? .. Krisen als Sucht ? Die Ruhe t\u00f6dlich ? Oh dears!<br \/>\nIm September 2015&#8230; gings los.<br \/>\nSeither auf der Insel &#8230;Moment&#8230; 3x umgezogen&#8230; Aber nun seit fast 3 Jahren in einem Haus &#8211; is my castle, solo, und so weitl\u00e4ufig&#8230; dass du st\u00e4ndig irgendetwas suchst&#8230;<br \/>\nOder Dir . wie von ungef\u00e4hr ein Buch &#8211; zwischen all den vielen, die in Umzugskisten ihren Weg in einem Schiffsleib..\u00fcber den Atlantik schipperten, von Berlin aus &#8211; l\u00e4uft Dir ein Buch \u00fcber den Weg&#8230; BREITSEITE BERLIN &#8211; Literarische Streifz\u00fcge  von Holger Tegtmeyer und es  kann nur an dem Verlag liegen, offenbar pleite  &#8211; dass wir nicht jedes 2. oder 3. Jahr &#8230; oder wenigstens jede 4. Jahr&#8230; ein neues Buch &#8230; ach&#8230;  mit diesem Buch &#8211; teilweise ein Pamphlet &#8211; schrieb jemand seinerzeit von der S\u00fcddeutschen und es ist als Kompliment gemeint&#8230; \u00fcber das, was neben der unglaubllichen Arbeit der Information  an echtem Berlin .. ja, das Heimweh hat ein neues Geschwister .. Back to Berlin..? <\/p>\n","protected":false},"excerpt":{"rendered":"<p>Wenn nicht nur die Kreativit\u00e4t sich vertsch\u00fcsst, in den Tagen des Konfliktlosen auf einer Ferieninsel im Atlantik. Die Emp\u00f6rung fehlt. Und doch &#8230;das Andere hat dich ja seit Jahren gereizt. Aber Zwischenstationen, genannt Ferien, l\u00e4ngere Aufenthalte mit R\u00fcckkehr-Ticket &#8230; der Hang zum Verkl\u00e4ren&#8230; das gr\u00fcne Gras&#8230; oder die braune Erde der Vulkan-Insel&#8230; Alles anders als&hellip; <a class=\"more-link\" href=\"https:\/\/feminissima.de\/index.php\/2019\/06\/18\/auswandern-ist-sich-zu-entwurzeln-es-wird-dir-erst-spater-deutlich\/\"><span class=\"screen-reader-text\">Auswandern &#8211; ist, sich zu entwurzeln&#8230; Es wird Dir erst sp\u00e4ter deutlich&#8230;<\/span> weiterlesen<\/a><\/p>\n","protected":false},"author":3,"featured_media":0,"comment_status":"closed","ping_status":"closed","sticky":false,"template":"","format":"standard","meta":{"footnotes":""},"categories":[6],"tags":[],"class_list":["post-87711","post","type-post","status-publish","format-standard","hentry","category-femleben","entry"],"yoast_head":"<!-- This site is optimized with the Yoast SEO plugin v21.0 - https:\/\/yoast.com\/wordpress\/plugins\/seo\/ -->\n<title>Auswandern - ist, sich zu entwurzeln... Es wird Dir erst sp\u00e4ter deutlich... - Feminissima<\/title>\n<meta name=\"robots\" content=\"index, follow, max-snippet:-1, max-image-preview:large, max-video-preview:-1\" \/>\n<link rel=\"canonical\" href=\"https:\/\/feminissima.de\/index.php\/2019\/06\/18\/auswandern-ist-sich-zu-entwurzeln-es-wird-dir-erst-spater-deutlich\/\" \/>\n<meta property=\"og:locale\" content=\"de_DE\" \/>\n<meta property=\"og:type\" content=\"article\" \/>\n<meta property=\"og:title\" content=\"Auswandern - ist, sich zu entwurzeln... Es wird Dir erst sp\u00e4ter deutlich... - Feminissima\" \/>\n<meta property=\"og:description\" content=\"Wenn nicht nur die Kreativit\u00e4t sich vertsch\u00fcsst, in den Tagen des Konfliktlosen auf einer Ferieninsel im Atlantik. Die Emp\u00f6rung fehlt. Und doch &#8230;das Andere hat dich ja seit Jahren gereizt. Aber Zwischenstationen, genannt Ferien, l\u00e4ngere Aufenthalte mit R\u00fcckkehr-Ticket &#8230; der Hang zum Verkl\u00e4ren&#8230; das gr\u00fcne Gras&#8230; oder die braune Erde der Vulkan-Insel&#8230; Alles anders als&hellip; Auswandern &#8211; ist, sich zu entwurzeln&#8230; Es wird Dir erst sp\u00e4ter deutlich&#8230; weiterlesen\" \/>\n<meta property=\"og:url\" content=\"https:\/\/feminissima.de\/index.php\/2019\/06\/18\/auswandern-ist-sich-zu-entwurzeln-es-wird-dir-erst-spater-deutlich\/\" \/>\n<meta property=\"og:site_name\" content=\"Feminissima\" \/>\n<meta property=\"article:published_time\" content=\"2019-06-18T01:42:34+00:00\" \/>\n<meta name=\"author\" content=\"fem\" \/>\n<meta name=\"twitter:card\" content=\"summary_large_image\" \/>\n<meta name=\"twitter:label1\" content=\"Verfasst von\" \/>\n\t<meta name=\"twitter:data1\" content=\"fem\" \/>\n\t<meta name=\"twitter:label2\" content=\"Gesch\u00e4tzte Lesezeit\" \/>\n\t<meta name=\"twitter:data2\" content=\"1\u00a0Minute\" \/>\n<script type=\"application\/ld+json\" class=\"yoast-schema-graph\">{\"@context\":\"https:\/\/schema.org\",\"@graph\":[{\"@type\":\"WebPage\",\"@id\":\"https:\/\/feminissima.de\/index.php\/2019\/06\/18\/auswandern-ist-sich-zu-entwurzeln-es-wird-dir-erst-spater-deutlich\/\",\"url\":\"https:\/\/feminissima.de\/index.php\/2019\/06\/18\/auswandern-ist-sich-zu-entwurzeln-es-wird-dir-erst-spater-deutlich\/\",\"name\":\"Auswandern - ist, sich zu entwurzeln... Es wird Dir erst sp\u00e4ter deutlich... - Feminissima\",\"isPartOf\":{\"@id\":\"https:\/\/feminissima.de\/#website\"},\"datePublished\":\"2019-06-18T01:42:34+00:00\",\"dateModified\":\"2019-06-18T01:42:34+00:00\",\"author\":{\"@id\":\"https:\/\/feminissima.de\/#\/schema\/person\/5dea0fc707e9da59266a47da2f9a8210\"},\"breadcrumb\":{\"@id\":\"https:\/\/feminissima.de\/index.php\/2019\/06\/18\/auswandern-ist-sich-zu-entwurzeln-es-wird-dir-erst-spater-deutlich\/#breadcrumb\"},\"inLanguage\":\"de\",\"potentialAction\":[{\"@type\":\"ReadAction\",\"target\":[\"https:\/\/feminissima.de\/index.php\/2019\/06\/18\/auswandern-ist-sich-zu-entwurzeln-es-wird-dir-erst-spater-deutlich\/\"]}]},{\"@type\":\"BreadcrumbList\",\"@id\":\"https:\/\/feminissima.de\/index.php\/2019\/06\/18\/auswandern-ist-sich-zu-entwurzeln-es-wird-dir-erst-spater-deutlich\/#breadcrumb\",\"itemListElement\":[{\"@type\":\"ListItem\",\"position\":1,\"name\":\"Startseite\",\"item\":\"https:\/\/feminissima.de\/\"},{\"@type\":\"ListItem\",\"position\":2,\"name\":\"Auswandern &#8211; ist, sich zu entwurzeln&#8230; Es wird Dir erst sp\u00e4ter deutlich&#8230;\"}]},{\"@type\":\"WebSite\",\"@id\":\"https:\/\/feminissima.de\/#website\",\"url\":\"https:\/\/feminissima.de\/\",\"name\":\"Feminissima\",\"description\":\"\",\"potentialAction\":[{\"@type\":\"SearchAction\",\"target\":{\"@type\":\"EntryPoint\",\"urlTemplate\":\"https:\/\/feminissima.de\/?s={search_term_string}\"},\"query-input\":\"required name=search_term_string\"}],\"inLanguage\":\"de\"},{\"@type\":\"Person\",\"@id\":\"https:\/\/feminissima.de\/#\/schema\/person\/5dea0fc707e9da59266a47da2f9a8210\",\"name\":\"fem\",\"image\":{\"@type\":\"ImageObject\",\"inLanguage\":\"de\",\"@id\":\"https:\/\/feminissima.de\/#\/schema\/person\/image\/\",\"url\":\"https:\/\/secure.gravatar.com\/avatar\/892e878e26ee6e7c1689c0b5183da4949c35fb291d0554f021db478bb42e3226?s=96&d=mm&r=g\",\"contentUrl\":\"https:\/\/secure.gravatar.com\/avatar\/892e878e26ee6e7c1689c0b5183da4949c35fb291d0554f021db478bb42e3226?s=96&d=mm&r=g\",\"caption\":\"fem\"},\"url\":\"https:\/\/feminissima.de\/index.php\/author\/fem\/\"}]}<\/script>\n<!-- \/ Yoast SEO plugin. -->","yoast_head_json":{"title":"Auswandern - ist, sich zu entwurzeln... Es wird Dir erst sp\u00e4ter deutlich... - Feminissima","robots":{"index":"index","follow":"follow","max-snippet":"max-snippet:-1","max-image-preview":"max-image-preview:large","max-video-preview":"max-video-preview:-1"},"canonical":"https:\/\/feminissima.de\/index.php\/2019\/06\/18\/auswandern-ist-sich-zu-entwurzeln-es-wird-dir-erst-spater-deutlich\/","og_locale":"de_DE","og_type":"article","og_title":"Auswandern - ist, sich zu entwurzeln... Es wird Dir erst sp\u00e4ter deutlich... - Feminissima","og_description":"Wenn nicht nur die Kreativit\u00e4t sich vertsch\u00fcsst, in den Tagen des Konfliktlosen auf einer Ferieninsel im Atlantik. Die Emp\u00f6rung fehlt. Und doch &#8230;das Andere hat dich ja seit Jahren gereizt. Aber Zwischenstationen, genannt Ferien, l\u00e4ngere Aufenthalte mit R\u00fcckkehr-Ticket &#8230; der Hang zum Verkl\u00e4ren&#8230; das gr\u00fcne Gras&#8230; oder die braune Erde der Vulkan-Insel&#8230; Alles anders als&hellip; Auswandern &#8211; ist, sich zu entwurzeln&#8230; Es wird Dir erst sp\u00e4ter deutlich&#8230; weiterlesen","og_url":"https:\/\/feminissima.de\/index.php\/2019\/06\/18\/auswandern-ist-sich-zu-entwurzeln-es-wird-dir-erst-spater-deutlich\/","og_site_name":"Feminissima","article_published_time":"2019-06-18T01:42:34+00:00","author":"fem","twitter_card":"summary_large_image","twitter_misc":{"Verfasst von":"fem","Gesch\u00e4tzte Lesezeit":"1\u00a0Minute"},"schema":{"@context":"https:\/\/schema.org","@graph":[{"@type":"WebPage","@id":"https:\/\/feminissima.de\/index.php\/2019\/06\/18\/auswandern-ist-sich-zu-entwurzeln-es-wird-dir-erst-spater-deutlich\/","url":"https:\/\/feminissima.de\/index.php\/2019\/06\/18\/auswandern-ist-sich-zu-entwurzeln-es-wird-dir-erst-spater-deutlich\/","name":"Auswandern - ist, sich zu entwurzeln... Es wird Dir erst sp\u00e4ter deutlich... - Feminissima","isPartOf":{"@id":"https:\/\/feminissima.de\/#website"},"datePublished":"2019-06-18T01:42:34+00:00","dateModified":"2019-06-18T01:42:34+00:00","author":{"@id":"https:\/\/feminissima.de\/#\/schema\/person\/5dea0fc707e9da59266a47da2f9a8210"},"breadcrumb":{"@id":"https:\/\/feminissima.de\/index.php\/2019\/06\/18\/auswandern-ist-sich-zu-entwurzeln-es-wird-dir-erst-spater-deutlich\/#breadcrumb"},"inLanguage":"de","potentialAction":[{"@type":"ReadAction","target":["https:\/\/feminissima.de\/index.php\/2019\/06\/18\/auswandern-ist-sich-zu-entwurzeln-es-wird-dir-erst-spater-deutlich\/"]}]},{"@type":"BreadcrumbList","@id":"https:\/\/feminissima.de\/index.php\/2019\/06\/18\/auswandern-ist-sich-zu-entwurzeln-es-wird-dir-erst-spater-deutlich\/#breadcrumb","itemListElement":[{"@type":"ListItem","position":1,"name":"Startseite","item":"https:\/\/feminissima.de\/"},{"@type":"ListItem","position":2,"name":"Auswandern &#8211; ist, sich zu entwurzeln&#8230; Es wird Dir erst sp\u00e4ter deutlich&#8230;"}]},{"@type":"WebSite","@id":"https:\/\/feminissima.de\/#website","url":"https:\/\/feminissima.de\/","name":"Feminissima","description":"","potentialAction":[{"@type":"SearchAction","target":{"@type":"EntryPoint","urlTemplate":"https:\/\/feminissima.de\/?s={search_term_string}"},"query-input":"required name=search_term_string"}],"inLanguage":"de"},{"@type":"Person","@id":"https:\/\/feminissima.de\/#\/schema\/person\/5dea0fc707e9da59266a47da2f9a8210","name":"fem","image":{"@type":"ImageObject","inLanguage":"de","@id":"https:\/\/feminissima.de\/#\/schema\/person\/image\/","url":"https:\/\/secure.gravatar.com\/avatar\/892e878e26ee6e7c1689c0b5183da4949c35fb291d0554f021db478bb42e3226?s=96&d=mm&r=g","contentUrl":"https:\/\/secure.gravatar.com\/avatar\/892e878e26ee6e7c1689c0b5183da4949c35fb291d0554f021db478bb42e3226?s=96&d=mm&r=g","caption":"fem"},"url":"https:\/\/feminissima.de\/index.php\/author\/fem\/"}]}},"jetpack_featured_media_url":"","_links":{"self":[{"href":"https:\/\/feminissima.de\/index.php\/wp-json\/wp\/v2\/posts\/87711","targetHints":{"allow":["GET"]}}],"collection":[{"href":"https:\/\/feminissima.de\/index.php\/wp-json\/wp\/v2\/posts"}],"about":[{"href":"https:\/\/feminissima.de\/index.php\/wp-json\/wp\/v2\/types\/post"}],"author":[{"embeddable":true,"href":"https:\/\/feminissima.de\/index.php\/wp-json\/wp\/v2\/users\/3"}],"replies":[{"embeddable":true,"href":"https:\/\/feminissima.de\/index.php\/wp-json\/wp\/v2\/comments?post=87711"}],"version-history":[{"count":0,"href":"https:\/\/feminissima.de\/index.php\/wp-json\/wp\/v2\/posts\/87711\/revisions"}],"wp:attachment":[{"href":"https:\/\/feminissima.de\/index.php\/wp-json\/wp\/v2\/media?parent=87711"}],"wp:term":[{"taxonomy":"category","embeddable":true,"href":"https:\/\/feminissima.de\/index.php\/wp-json\/wp\/v2\/categories?post=87711"},{"taxonomy":"post_tag","embeddable":true,"href":"https:\/\/feminissima.de\/index.php\/wp-json\/wp\/v2\/tags?post=87711"}],"curies":[{"name":"wp","href":"https:\/\/api.w.org\/{rel}","templated":true}]}}