{"id":87699,"date":"2019-06-18T02:14:00","date_gmt":"2019-06-18T00:14:00","guid":{"rendered":"http:\/\/www.feminissima.de\/?p=87699"},"modified":"2019-06-18T02:14:00","modified_gmt":"2019-06-18T00:14:00","slug":"happy-auch-sandra-uschtrin-wieder-entdeckt-war-durch-email-wechsel-verlorengegangen","status":"publish","type":"post","link":"https:\/\/feminissima.de\/index.php\/2019\/06\/18\/happy-auch-sandra-uschtrin-wieder-entdeckt-war-durch-email-wechsel-verlorengegangen\/","title":{"rendered":"Happy, auch Sandra Uschtrin wieder entdeckt&#8230; war durch email-Wechsel verlorengegangen.."},"content":{"rendered":"<p>aber auch schon wieder soo lange her &#8211;<br \/>\nJa, FEMINISSIMA  gerade wie aus einem Dornr\u00f6schen-Schlaf aufgewacht, seitdem bei TWITTER Adieu gesagt, (dort vergeht die Zeit wie im Ferrari-Rasend-Schnell-Tempo, saugt Dich die weltweite Insgesamt-Sekundenschnelle der weltweiten Katastrophen, Proteste, Aktionen, dazwischen Katzenbildchen und Sonnenaufg\u00e4nge &#8211; saugt dich auf, frisst dich auf, weil auch ein gewisses jeder gegen jeder und jede gegen  &#8211; nein nicht gegen jede&#8230;.ach&#8230; Schon toll&#8230; aber die Realit\u00e4t blendet sich aus&#8230;wenn du in 4 Sprachen schreibst und &#8222;empf\u00e4ngst&#8220;&#8230; die anderen Realit\u00e4ten, ob GELBWESTEN ob HAMBI BLEIBT &#8211; ob GRETA &#8211; wobei \u00fcbrigens nie jemand die Frage gestellt hat, wer eigentlich GRETAS Reisen finanziert.. (die Eltern.? ) und nicht erlaubt war auch die Frage, ob nur von haus aus PRIVILEGIERTE JUGENDLICHE der Greta beim Friday for Future &#8230; folgen k\u00f6nnen. Denn die Azubis, das Wort f\u00fcr Lehrlinge, die arbeiten ja. Die w\u00fcrden sofort ihren Ausbildungsplatz verlieren.. Solche Zwischenfragen sind nat\u00fcrlich in dem hitzigen Sog nicht wirklich &#8230;. halten auf&#8230; you know.<\/p>\n<p>Also &#8211; der Uschtrin-Verlag (f\u00fcr Autoren ein Info-Muss..! ) hei\u00dft jetzt AUTORENWELT  -( Chrissy- check das mal, nicht dass falsch..) und sie verkaufen jetzt auch B\u00fccher f\u00fcr Autoren, Ein Amazon in autorenfreundlich. Mit &#8222;7% mehr f\u00fcr die Autoren&#8220; ..  Der Gesch\u00e4ftsf\u00fchrer ist jetzt der erwachsene Sohn von Sandra Uschtrin. Ja, da siehst Du &#8211; wo die Jahre geblieben sind.. Wenn aus Kindern Erwachsene werden, schon strange somehow&#8230;oder?<\/p>\n","protected":false},"excerpt":{"rendered":"<p>aber auch schon wieder soo lange her &#8211; Ja, FEMINISSIMA gerade wie aus einem Dornr\u00f6schen-Schlaf aufgewacht, seitdem bei TWITTER Adieu gesagt, (dort vergeht die Zeit wie im Ferrari-Rasend-Schnell-Tempo, saugt Dich die weltweite Insgesamt-Sekundenschnelle der weltweiten Katastrophen, Proteste, Aktionen, dazwischen Katzenbildchen und Sonnenaufg\u00e4nge &#8211; saugt dich auf, frisst dich auf, weil auch ein gewisses jeder gegen&hellip; <a class=\"more-link\" href=\"https:\/\/feminissima.de\/index.php\/2019\/06\/18\/happy-auch-sandra-uschtrin-wieder-entdeckt-war-durch-email-wechsel-verlorengegangen\/\"><span class=\"screen-reader-text\">Happy, auch Sandra Uschtrin wieder entdeckt&#8230; war durch email-Wechsel verlorengegangen..<\/span> weiterlesen<\/a><\/p>\n","protected":false},"author":3,"featured_media":0,"comment_status":"closed","ping_status":"closed","sticky":false,"template":"","format":"standard","meta":{"footnotes":""},"categories":[6],"tags":[],"class_list":["post-87699","post","type-post","status-publish","format-standard","hentry","category-femleben","entry"],"yoast_head":"<!-- This site is optimized with the Yoast SEO plugin v21.0 - https:\/\/yoast.com\/wordpress\/plugins\/seo\/ -->\n<title>Happy, auch Sandra Uschtrin wieder entdeckt... war durch email-Wechsel verlorengegangen.. - Feminissima<\/title>\n<meta name=\"robots\" content=\"index, follow, max-snippet:-1, max-image-preview:large, max-video-preview:-1\" \/>\n<link rel=\"canonical\" href=\"https:\/\/feminissima.de\/index.php\/2019\/06\/18\/happy-auch-sandra-uschtrin-wieder-entdeckt-war-durch-email-wechsel-verlorengegangen\/\" \/>\n<meta property=\"og:locale\" content=\"de_DE\" \/>\n<meta property=\"og:type\" content=\"article\" \/>\n<meta property=\"og:title\" content=\"Happy, auch Sandra Uschtrin wieder entdeckt... war durch email-Wechsel verlorengegangen.. - Feminissima\" \/>\n<meta property=\"og:description\" content=\"aber auch schon wieder soo lange her &#8211; Ja, FEMINISSIMA gerade wie aus einem Dornr\u00f6schen-Schlaf aufgewacht, seitdem bei TWITTER Adieu gesagt, (dort vergeht die Zeit wie im Ferrari-Rasend-Schnell-Tempo, saugt Dich die weltweite Insgesamt-Sekundenschnelle der weltweiten Katastrophen, Proteste, Aktionen, dazwischen Katzenbildchen und Sonnenaufg\u00e4nge &#8211; saugt dich auf, frisst dich auf, weil auch ein gewisses jeder gegen&hellip; Happy, auch Sandra Uschtrin wieder entdeckt&#8230; war durch email-Wechsel verlorengegangen.. weiterlesen\" \/>\n<meta property=\"og:url\" content=\"https:\/\/feminissima.de\/index.php\/2019\/06\/18\/happy-auch-sandra-uschtrin-wieder-entdeckt-war-durch-email-wechsel-verlorengegangen\/\" \/>\n<meta property=\"og:site_name\" content=\"Feminissima\" \/>\n<meta property=\"article:published_time\" content=\"2019-06-18T00:14:00+00:00\" \/>\n<meta name=\"author\" content=\"fem\" \/>\n<meta name=\"twitter:card\" content=\"summary_large_image\" \/>\n<meta name=\"twitter:label1\" content=\"Verfasst von\" \/>\n\t<meta name=\"twitter:data1\" content=\"fem\" \/>\n\t<meta name=\"twitter:label2\" content=\"Gesch\u00e4tzte Lesezeit\" \/>\n\t<meta name=\"twitter:data2\" content=\"1\u00a0Minute\" \/>\n<script type=\"application\/ld+json\" class=\"yoast-schema-graph\">{\"@context\":\"https:\/\/schema.org\",\"@graph\":[{\"@type\":\"WebPage\",\"@id\":\"https:\/\/feminissima.de\/index.php\/2019\/06\/18\/happy-auch-sandra-uschtrin-wieder-entdeckt-war-durch-email-wechsel-verlorengegangen\/\",\"url\":\"https:\/\/feminissima.de\/index.php\/2019\/06\/18\/happy-auch-sandra-uschtrin-wieder-entdeckt-war-durch-email-wechsel-verlorengegangen\/\",\"name\":\"Happy, auch Sandra Uschtrin wieder entdeckt... war durch email-Wechsel verlorengegangen.. - Feminissima\",\"isPartOf\":{\"@id\":\"https:\/\/feminissima.de\/#website\"},\"datePublished\":\"2019-06-18T00:14:00+00:00\",\"dateModified\":\"2019-06-18T00:14:00+00:00\",\"author\":{\"@id\":\"https:\/\/feminissima.de\/#\/schema\/person\/5dea0fc707e9da59266a47da2f9a8210\"},\"breadcrumb\":{\"@id\":\"https:\/\/feminissima.de\/index.php\/2019\/06\/18\/happy-auch-sandra-uschtrin-wieder-entdeckt-war-durch-email-wechsel-verlorengegangen\/#breadcrumb\"},\"inLanguage\":\"de\",\"potentialAction\":[{\"@type\":\"ReadAction\",\"target\":[\"https:\/\/feminissima.de\/index.php\/2019\/06\/18\/happy-auch-sandra-uschtrin-wieder-entdeckt-war-durch-email-wechsel-verlorengegangen\/\"]}]},{\"@type\":\"BreadcrumbList\",\"@id\":\"https:\/\/feminissima.de\/index.php\/2019\/06\/18\/happy-auch-sandra-uschtrin-wieder-entdeckt-war-durch-email-wechsel-verlorengegangen\/#breadcrumb\",\"itemListElement\":[{\"@type\":\"ListItem\",\"position\":1,\"name\":\"Startseite\",\"item\":\"https:\/\/feminissima.de\/\"},{\"@type\":\"ListItem\",\"position\":2,\"name\":\"Happy, auch Sandra Uschtrin wieder entdeckt&#8230; war durch email-Wechsel verlorengegangen..\"}]},{\"@type\":\"WebSite\",\"@id\":\"https:\/\/feminissima.de\/#website\",\"url\":\"https:\/\/feminissima.de\/\",\"name\":\"Feminissima\",\"description\":\"\",\"potentialAction\":[{\"@type\":\"SearchAction\",\"target\":{\"@type\":\"EntryPoint\",\"urlTemplate\":\"https:\/\/feminissima.de\/?s={search_term_string}\"},\"query-input\":\"required name=search_term_string\"}],\"inLanguage\":\"de\"},{\"@type\":\"Person\",\"@id\":\"https:\/\/feminissima.de\/#\/schema\/person\/5dea0fc707e9da59266a47da2f9a8210\",\"name\":\"fem\",\"image\":{\"@type\":\"ImageObject\",\"inLanguage\":\"de\",\"@id\":\"https:\/\/feminissima.de\/#\/schema\/person\/image\/\",\"url\":\"https:\/\/secure.gravatar.com\/avatar\/892e878e26ee6e7c1689c0b5183da4949c35fb291d0554f021db478bb42e3226?s=96&d=mm&r=g\",\"contentUrl\":\"https:\/\/secure.gravatar.com\/avatar\/892e878e26ee6e7c1689c0b5183da4949c35fb291d0554f021db478bb42e3226?s=96&d=mm&r=g\",\"caption\":\"fem\"},\"url\":\"https:\/\/feminissima.de\/index.php\/author\/fem\/\"}]}<\/script>\n<!-- \/ Yoast SEO plugin. -->","yoast_head_json":{"title":"Happy, auch Sandra Uschtrin wieder entdeckt... war durch email-Wechsel verlorengegangen.. - Feminissima","robots":{"index":"index","follow":"follow","max-snippet":"max-snippet:-1","max-image-preview":"max-image-preview:large","max-video-preview":"max-video-preview:-1"},"canonical":"https:\/\/feminissima.de\/index.php\/2019\/06\/18\/happy-auch-sandra-uschtrin-wieder-entdeckt-war-durch-email-wechsel-verlorengegangen\/","og_locale":"de_DE","og_type":"article","og_title":"Happy, auch Sandra Uschtrin wieder entdeckt... war durch email-Wechsel verlorengegangen.. - Feminissima","og_description":"aber auch schon wieder soo lange her &#8211; Ja, FEMINISSIMA gerade wie aus einem Dornr\u00f6schen-Schlaf aufgewacht, seitdem bei TWITTER Adieu gesagt, (dort vergeht die Zeit wie im Ferrari-Rasend-Schnell-Tempo, saugt Dich die weltweite Insgesamt-Sekundenschnelle der weltweiten Katastrophen, Proteste, Aktionen, dazwischen Katzenbildchen und Sonnenaufg\u00e4nge &#8211; saugt dich auf, frisst dich auf, weil auch ein gewisses jeder gegen&hellip; Happy, auch Sandra Uschtrin wieder entdeckt&#8230; war durch email-Wechsel verlorengegangen.. weiterlesen","og_url":"https:\/\/feminissima.de\/index.php\/2019\/06\/18\/happy-auch-sandra-uschtrin-wieder-entdeckt-war-durch-email-wechsel-verlorengegangen\/","og_site_name":"Feminissima","article_published_time":"2019-06-18T00:14:00+00:00","author":"fem","twitter_card":"summary_large_image","twitter_misc":{"Verfasst von":"fem","Gesch\u00e4tzte Lesezeit":"1\u00a0Minute"},"schema":{"@context":"https:\/\/schema.org","@graph":[{"@type":"WebPage","@id":"https:\/\/feminissima.de\/index.php\/2019\/06\/18\/happy-auch-sandra-uschtrin-wieder-entdeckt-war-durch-email-wechsel-verlorengegangen\/","url":"https:\/\/feminissima.de\/index.php\/2019\/06\/18\/happy-auch-sandra-uschtrin-wieder-entdeckt-war-durch-email-wechsel-verlorengegangen\/","name":"Happy, auch Sandra Uschtrin wieder entdeckt... war durch email-Wechsel verlorengegangen.. - Feminissima","isPartOf":{"@id":"https:\/\/feminissima.de\/#website"},"datePublished":"2019-06-18T00:14:00+00:00","dateModified":"2019-06-18T00:14:00+00:00","author":{"@id":"https:\/\/feminissima.de\/#\/schema\/person\/5dea0fc707e9da59266a47da2f9a8210"},"breadcrumb":{"@id":"https:\/\/feminissima.de\/index.php\/2019\/06\/18\/happy-auch-sandra-uschtrin-wieder-entdeckt-war-durch-email-wechsel-verlorengegangen\/#breadcrumb"},"inLanguage":"de","potentialAction":[{"@type":"ReadAction","target":["https:\/\/feminissima.de\/index.php\/2019\/06\/18\/happy-auch-sandra-uschtrin-wieder-entdeckt-war-durch-email-wechsel-verlorengegangen\/"]}]},{"@type":"BreadcrumbList","@id":"https:\/\/feminissima.de\/index.php\/2019\/06\/18\/happy-auch-sandra-uschtrin-wieder-entdeckt-war-durch-email-wechsel-verlorengegangen\/#breadcrumb","itemListElement":[{"@type":"ListItem","position":1,"name":"Startseite","item":"https:\/\/feminissima.de\/"},{"@type":"ListItem","position":2,"name":"Happy, auch Sandra Uschtrin wieder entdeckt&#8230; war durch email-Wechsel verlorengegangen.."}]},{"@type":"WebSite","@id":"https:\/\/feminissima.de\/#website","url":"https:\/\/feminissima.de\/","name":"Feminissima","description":"","potentialAction":[{"@type":"SearchAction","target":{"@type":"EntryPoint","urlTemplate":"https:\/\/feminissima.de\/?s={search_term_string}"},"query-input":"required name=search_term_string"}],"inLanguage":"de"},{"@type":"Person","@id":"https:\/\/feminissima.de\/#\/schema\/person\/5dea0fc707e9da59266a47da2f9a8210","name":"fem","image":{"@type":"ImageObject","inLanguage":"de","@id":"https:\/\/feminissima.de\/#\/schema\/person\/image\/","url":"https:\/\/secure.gravatar.com\/avatar\/892e878e26ee6e7c1689c0b5183da4949c35fb291d0554f021db478bb42e3226?s=96&d=mm&r=g","contentUrl":"https:\/\/secure.gravatar.com\/avatar\/892e878e26ee6e7c1689c0b5183da4949c35fb291d0554f021db478bb42e3226?s=96&d=mm&r=g","caption":"fem"},"url":"https:\/\/feminissima.de\/index.php\/author\/fem\/"}]}},"jetpack_featured_media_url":"","_links":{"self":[{"href":"https:\/\/feminissima.de\/index.php\/wp-json\/wp\/v2\/posts\/87699","targetHints":{"allow":["GET"]}}],"collection":[{"href":"https:\/\/feminissima.de\/index.php\/wp-json\/wp\/v2\/posts"}],"about":[{"href":"https:\/\/feminissima.de\/index.php\/wp-json\/wp\/v2\/types\/post"}],"author":[{"embeddable":true,"href":"https:\/\/feminissima.de\/index.php\/wp-json\/wp\/v2\/users\/3"}],"replies":[{"embeddable":true,"href":"https:\/\/feminissima.de\/index.php\/wp-json\/wp\/v2\/comments?post=87699"}],"version-history":[{"count":0,"href":"https:\/\/feminissima.de\/index.php\/wp-json\/wp\/v2\/posts\/87699\/revisions"}],"wp:attachment":[{"href":"https:\/\/feminissima.de\/index.php\/wp-json\/wp\/v2\/media?parent=87699"}],"wp:term":[{"taxonomy":"category","embeddable":true,"href":"https:\/\/feminissima.de\/index.php\/wp-json\/wp\/v2\/categories?post=87699"},{"taxonomy":"post_tag","embeddable":true,"href":"https:\/\/feminissima.de\/index.php\/wp-json\/wp\/v2\/tags?post=87699"}],"curies":[{"name":"wp","href":"https:\/\/api.w.org\/{rel}","templated":true}]}}