{"id":87687,"date":"2019-06-18T01:23:26","date_gmt":"2019-06-17T23:23:26","guid":{"rendered":"http:\/\/www.feminissima.de\/?p=87687"},"modified":"2019-06-18T01:23:26","modified_gmt":"2019-06-17T23:23:26","slug":"hkw-berlin-internationaler-literaturpreis-heute","status":"publish","type":"post","link":"https:\/\/feminissima.de\/index.php\/2019\/06\/18\/hkw-berlin-internationaler-literaturpreis-heute\/","title":{"rendered":"HKW BERLIN &#8211; Internationaler Literaturpreis &#8211; heute: Preis f\u00fcr \u00fcbersetzte Gegenwartsliteratur"},"content":{"rendered":"<p>HKW &#8211; Das Haus der Kulturen der Welt &#8211; Eines der ber\u00fchmtesten H\u00e4user in Berlin&#8230; f\u00fcr Menschen, die sich ohne die Kulturen der Welt verloren, geistig eingesperrt, ausgeschlossen  &#8211; f\u00fchlen<\/p>\n<p>Heute Abend &#8211; 19 Uhr im HAUS DER KULTUREN DER WELT &#8230;<\/p>\n<p>Ja, da kommt Heimweh auf &#8211; Gru\u00df aus Teneriffa&#8230; Es ist Mitternacht und 27 Minuten, local time. Der Vollmond hat sich hinter einer Wolke &#8230;.okay, wenn du im Haus bist, kannst du gerade den Mond eh nicht sehen&#8230;<\/p>\n<p>Das Haus der KULTUREN DER WELT in Berlin ist in allen Social Media vertreten. Sonst k\u00f6nnt Ihr Euch auch locker bei WIKIPEDIA&#8230; informieren.<\/p>\n<p>Ein au\u00dfergew\u00f6hnlicher, gro\u00dfartiger LITERATURPREIS &#8211; und die Rolle zwischen Autoren und \u00dcbersetzern (ich impliziere die weibliche Form  ja, ohne eine geniale, einf\u00fchlsame \u00dcbersetzung &#8211; no chance f\u00fcr nen Weltbestseller, you know&#8230; claro, qu\u00e9 si, oder ? <\/p>\n","protected":false},"excerpt":{"rendered":"<p>HKW &#8211; Das Haus der Kulturen der Welt &#8211; Eines der ber\u00fchmtesten H\u00e4user in Berlin&#8230; f\u00fcr Menschen, die sich ohne die Kulturen der Welt verloren, geistig eingesperrt, ausgeschlossen &#8211; f\u00fchlen Heute Abend &#8211; 19 Uhr im HAUS DER KULTUREN DER WELT &#8230; Ja, da kommt Heimweh auf &#8211; Gru\u00df aus Teneriffa&#8230; Es ist Mitternacht und&hellip; <a class=\"more-link\" href=\"https:\/\/feminissima.de\/index.php\/2019\/06\/18\/hkw-berlin-internationaler-literaturpreis-heute\/\"><span class=\"screen-reader-text\">HKW BERLIN &#8211; Internationaler Literaturpreis &#8211; heute: Preis f\u00fcr \u00fcbersetzte Gegenwartsliteratur<\/span> weiterlesen<\/a><\/p>\n","protected":false},"author":3,"featured_media":0,"comment_status":"closed","ping_status":"closed","sticky":false,"template":"","format":"standard","meta":{"footnotes":""},"categories":[6],"tags":[],"class_list":["post-87687","post","type-post","status-publish","format-standard","hentry","category-femleben","entry"],"yoast_head":"<!-- This site is optimized with the Yoast SEO plugin v21.0 - https:\/\/yoast.com\/wordpress\/plugins\/seo\/ -->\n<title>HKW BERLIN - Internationaler Literaturpreis - heute: Preis f\u00fcr \u00fcbersetzte Gegenwartsliteratur - Feminissima<\/title>\n<meta name=\"robots\" content=\"index, follow, max-snippet:-1, max-image-preview:large, max-video-preview:-1\" \/>\n<link rel=\"canonical\" href=\"https:\/\/feminissima.de\/index.php\/2019\/06\/18\/hkw-berlin-internationaler-literaturpreis-heute\/\" \/>\n<meta property=\"og:locale\" content=\"de_DE\" \/>\n<meta property=\"og:type\" content=\"article\" \/>\n<meta property=\"og:title\" content=\"HKW BERLIN - Internationaler Literaturpreis - heute: Preis f\u00fcr \u00fcbersetzte Gegenwartsliteratur - Feminissima\" \/>\n<meta property=\"og:description\" content=\"HKW &#8211; Das Haus der Kulturen der Welt &#8211; Eines der ber\u00fchmtesten H\u00e4user in Berlin&#8230; f\u00fcr Menschen, die sich ohne die Kulturen der Welt verloren, geistig eingesperrt, ausgeschlossen &#8211; f\u00fchlen Heute Abend &#8211; 19 Uhr im HAUS DER KULTUREN DER WELT &#8230; Ja, da kommt Heimweh auf &#8211; Gru\u00df aus Teneriffa&#8230; Es ist Mitternacht und&hellip; HKW BERLIN &#8211; Internationaler Literaturpreis &#8211; heute: Preis f\u00fcr \u00fcbersetzte Gegenwartsliteratur weiterlesen\" \/>\n<meta property=\"og:url\" content=\"https:\/\/feminissima.de\/index.php\/2019\/06\/18\/hkw-berlin-internationaler-literaturpreis-heute\/\" \/>\n<meta property=\"og:site_name\" content=\"Feminissima\" \/>\n<meta property=\"article:published_time\" content=\"2019-06-17T23:23:26+00:00\" \/>\n<meta name=\"author\" content=\"fem\" \/>\n<meta name=\"twitter:card\" content=\"summary_large_image\" \/>\n<meta name=\"twitter:label1\" content=\"Verfasst von\" \/>\n\t<meta name=\"twitter:data1\" content=\"fem\" \/>\n\t<meta name=\"twitter:label2\" content=\"Gesch\u00e4tzte Lesezeit\" \/>\n\t<meta name=\"twitter:data2\" content=\"1\u00a0Minute\" \/>\n<script type=\"application\/ld+json\" class=\"yoast-schema-graph\">{\"@context\":\"https:\/\/schema.org\",\"@graph\":[{\"@type\":\"WebPage\",\"@id\":\"https:\/\/feminissima.de\/index.php\/2019\/06\/18\/hkw-berlin-internationaler-literaturpreis-heute\/\",\"url\":\"https:\/\/feminissima.de\/index.php\/2019\/06\/18\/hkw-berlin-internationaler-literaturpreis-heute\/\",\"name\":\"HKW BERLIN - Internationaler Literaturpreis - heute: Preis f\u00fcr \u00fcbersetzte Gegenwartsliteratur - Feminissima\",\"isPartOf\":{\"@id\":\"https:\/\/feminissima.de\/#website\"},\"datePublished\":\"2019-06-17T23:23:26+00:00\",\"dateModified\":\"2019-06-17T23:23:26+00:00\",\"author\":{\"@id\":\"https:\/\/feminissima.de\/#\/schema\/person\/5dea0fc707e9da59266a47da2f9a8210\"},\"breadcrumb\":{\"@id\":\"https:\/\/feminissima.de\/index.php\/2019\/06\/18\/hkw-berlin-internationaler-literaturpreis-heute\/#breadcrumb\"},\"inLanguage\":\"de\",\"potentialAction\":[{\"@type\":\"ReadAction\",\"target\":[\"https:\/\/feminissima.de\/index.php\/2019\/06\/18\/hkw-berlin-internationaler-literaturpreis-heute\/\"]}]},{\"@type\":\"BreadcrumbList\",\"@id\":\"https:\/\/feminissima.de\/index.php\/2019\/06\/18\/hkw-berlin-internationaler-literaturpreis-heute\/#breadcrumb\",\"itemListElement\":[{\"@type\":\"ListItem\",\"position\":1,\"name\":\"Startseite\",\"item\":\"https:\/\/feminissima.de\/\"},{\"@type\":\"ListItem\",\"position\":2,\"name\":\"HKW BERLIN &#8211; Internationaler Literaturpreis &#8211; heute: Preis f\u00fcr \u00fcbersetzte Gegenwartsliteratur\"}]},{\"@type\":\"WebSite\",\"@id\":\"https:\/\/feminissima.de\/#website\",\"url\":\"https:\/\/feminissima.de\/\",\"name\":\"Feminissima\",\"description\":\"\",\"potentialAction\":[{\"@type\":\"SearchAction\",\"target\":{\"@type\":\"EntryPoint\",\"urlTemplate\":\"https:\/\/feminissima.de\/?s={search_term_string}\"},\"query-input\":\"required name=search_term_string\"}],\"inLanguage\":\"de\"},{\"@type\":\"Person\",\"@id\":\"https:\/\/feminissima.de\/#\/schema\/person\/5dea0fc707e9da59266a47da2f9a8210\",\"name\":\"fem\",\"image\":{\"@type\":\"ImageObject\",\"inLanguage\":\"de\",\"@id\":\"https:\/\/feminissima.de\/#\/schema\/person\/image\/\",\"url\":\"https:\/\/secure.gravatar.com\/avatar\/892e878e26ee6e7c1689c0b5183da4949c35fb291d0554f021db478bb42e3226?s=96&d=mm&r=g\",\"contentUrl\":\"https:\/\/secure.gravatar.com\/avatar\/892e878e26ee6e7c1689c0b5183da4949c35fb291d0554f021db478bb42e3226?s=96&d=mm&r=g\",\"caption\":\"fem\"},\"url\":\"https:\/\/feminissima.de\/index.php\/author\/fem\/\"}]}<\/script>\n<!-- \/ Yoast SEO plugin. -->","yoast_head_json":{"title":"HKW BERLIN - Internationaler Literaturpreis - heute: Preis f\u00fcr \u00fcbersetzte Gegenwartsliteratur - Feminissima","robots":{"index":"index","follow":"follow","max-snippet":"max-snippet:-1","max-image-preview":"max-image-preview:large","max-video-preview":"max-video-preview:-1"},"canonical":"https:\/\/feminissima.de\/index.php\/2019\/06\/18\/hkw-berlin-internationaler-literaturpreis-heute\/","og_locale":"de_DE","og_type":"article","og_title":"HKW BERLIN - Internationaler Literaturpreis - heute: Preis f\u00fcr \u00fcbersetzte Gegenwartsliteratur - Feminissima","og_description":"HKW &#8211; Das Haus der Kulturen der Welt &#8211; Eines der ber\u00fchmtesten H\u00e4user in Berlin&#8230; f\u00fcr Menschen, die sich ohne die Kulturen der Welt verloren, geistig eingesperrt, ausgeschlossen &#8211; f\u00fchlen Heute Abend &#8211; 19 Uhr im HAUS DER KULTUREN DER WELT &#8230; Ja, da kommt Heimweh auf &#8211; Gru\u00df aus Teneriffa&#8230; Es ist Mitternacht und&hellip; HKW BERLIN &#8211; Internationaler Literaturpreis &#8211; heute: Preis f\u00fcr \u00fcbersetzte Gegenwartsliteratur weiterlesen","og_url":"https:\/\/feminissima.de\/index.php\/2019\/06\/18\/hkw-berlin-internationaler-literaturpreis-heute\/","og_site_name":"Feminissima","article_published_time":"2019-06-17T23:23:26+00:00","author":"fem","twitter_card":"summary_large_image","twitter_misc":{"Verfasst von":"fem","Gesch\u00e4tzte Lesezeit":"1\u00a0Minute"},"schema":{"@context":"https:\/\/schema.org","@graph":[{"@type":"WebPage","@id":"https:\/\/feminissima.de\/index.php\/2019\/06\/18\/hkw-berlin-internationaler-literaturpreis-heute\/","url":"https:\/\/feminissima.de\/index.php\/2019\/06\/18\/hkw-berlin-internationaler-literaturpreis-heute\/","name":"HKW BERLIN - Internationaler Literaturpreis - heute: Preis f\u00fcr \u00fcbersetzte Gegenwartsliteratur - Feminissima","isPartOf":{"@id":"https:\/\/feminissima.de\/#website"},"datePublished":"2019-06-17T23:23:26+00:00","dateModified":"2019-06-17T23:23:26+00:00","author":{"@id":"https:\/\/feminissima.de\/#\/schema\/person\/5dea0fc707e9da59266a47da2f9a8210"},"breadcrumb":{"@id":"https:\/\/feminissima.de\/index.php\/2019\/06\/18\/hkw-berlin-internationaler-literaturpreis-heute\/#breadcrumb"},"inLanguage":"de","potentialAction":[{"@type":"ReadAction","target":["https:\/\/feminissima.de\/index.php\/2019\/06\/18\/hkw-berlin-internationaler-literaturpreis-heute\/"]}]},{"@type":"BreadcrumbList","@id":"https:\/\/feminissima.de\/index.php\/2019\/06\/18\/hkw-berlin-internationaler-literaturpreis-heute\/#breadcrumb","itemListElement":[{"@type":"ListItem","position":1,"name":"Startseite","item":"https:\/\/feminissima.de\/"},{"@type":"ListItem","position":2,"name":"HKW BERLIN &#8211; Internationaler Literaturpreis &#8211; heute: Preis f\u00fcr \u00fcbersetzte Gegenwartsliteratur"}]},{"@type":"WebSite","@id":"https:\/\/feminissima.de\/#website","url":"https:\/\/feminissima.de\/","name":"Feminissima","description":"","potentialAction":[{"@type":"SearchAction","target":{"@type":"EntryPoint","urlTemplate":"https:\/\/feminissima.de\/?s={search_term_string}"},"query-input":"required name=search_term_string"}],"inLanguage":"de"},{"@type":"Person","@id":"https:\/\/feminissima.de\/#\/schema\/person\/5dea0fc707e9da59266a47da2f9a8210","name":"fem","image":{"@type":"ImageObject","inLanguage":"de","@id":"https:\/\/feminissima.de\/#\/schema\/person\/image\/","url":"https:\/\/secure.gravatar.com\/avatar\/892e878e26ee6e7c1689c0b5183da4949c35fb291d0554f021db478bb42e3226?s=96&d=mm&r=g","contentUrl":"https:\/\/secure.gravatar.com\/avatar\/892e878e26ee6e7c1689c0b5183da4949c35fb291d0554f021db478bb42e3226?s=96&d=mm&r=g","caption":"fem"},"url":"https:\/\/feminissima.de\/index.php\/author\/fem\/"}]}},"jetpack_featured_media_url":"","_links":{"self":[{"href":"https:\/\/feminissima.de\/index.php\/wp-json\/wp\/v2\/posts\/87687","targetHints":{"allow":["GET"]}}],"collection":[{"href":"https:\/\/feminissima.de\/index.php\/wp-json\/wp\/v2\/posts"}],"about":[{"href":"https:\/\/feminissima.de\/index.php\/wp-json\/wp\/v2\/types\/post"}],"author":[{"embeddable":true,"href":"https:\/\/feminissima.de\/index.php\/wp-json\/wp\/v2\/users\/3"}],"replies":[{"embeddable":true,"href":"https:\/\/feminissima.de\/index.php\/wp-json\/wp\/v2\/comments?post=87687"}],"version-history":[{"count":0,"href":"https:\/\/feminissima.de\/index.php\/wp-json\/wp\/v2\/posts\/87687\/revisions"}],"wp:attachment":[{"href":"https:\/\/feminissima.de\/index.php\/wp-json\/wp\/v2\/media?parent=87687"}],"wp:term":[{"taxonomy":"category","embeddable":true,"href":"https:\/\/feminissima.de\/index.php\/wp-json\/wp\/v2\/categories?post=87687"},{"taxonomy":"post_tag","embeddable":true,"href":"https:\/\/feminissima.de\/index.php\/wp-json\/wp\/v2\/tags?post=87687"}],"curies":[{"name":"wp","href":"https:\/\/api.w.org\/{rel}","templated":true}]}}