{"id":87681,"date":"2019-06-17T14:08:27","date_gmt":"2019-06-17T12:08:27","guid":{"rendered":"http:\/\/www.feminissima.de\/?p=87681"},"modified":"2019-06-17T14:08:27","modified_gmt":"2019-06-17T12:08:27","slug":"die-erinnerungen-des-juni-es-war-am-4-juni-2016-als-ursula-goldmann-posch-starb","status":"publish","type":"post","link":"https:\/\/feminissima.de\/index.php\/2019\/06\/17\/die-erinnerungen-des-juni-es-war-am-4-juni-2016-als-ursula-goldmann-posch-starb\/","title":{"rendered":"Die Erinnerungen des JUNI &#8230;es war am 4. Juni 2016, als URSULA &#8211; GOLDMANN-POSCH starb"},"content":{"rendered":"<p>Die mit ihrem Buch &#8211; &#8222;Der Knoten \u00fcber meinem Herzen&#8220; &#8211; anno 1999\/2000 erschienen &#8211; einen (wohl zeitlosen) Bestseller schrieb: &#8222;Ich hab nicht mit dem Krebs gerechnet, aber er auch nicht mit mir&#8220;  &#8211; Ein Buch, ein au\u00dfergew\u00f6hnliches Angebot an Kompetenz &#8211; verbunden mit der Erlaubnis, in ihr pers\u00f6nliches Leben zu blicken. Dazu eine Sprache &#8211; (sie war studierte \u00dcbersetzerin, als auch Journalistin) &#8211; die eine Sucht zum Lesen, zum Dranbleiben &#8211; ausl\u00f6ste&#8230; Mein Exemplar ist seitenweise angestrichen, mit Ausrufezeichen versehen&#8230; Als Goldmann-Posch ihr fulminantes Buch ver\u00f6ffentlichte, hatte sie ja bereits Krebs..! Es gibt kein anderes Buch  &#8211; das so f\u00fcr immer aktuell bleiben wird, aber es fordert Dich auch auf, Dich selbst zu informieren. Goldmann-Posch gr\u00fcndete daf\u00fcr die Selbsthilfegruppe MAMAZONE &#8211; bot Kurse zur Selbsthilfe an &#8211; &#8222;Diplom-Patientin&#8220; &#8211;<br \/>\nAn einem Juni-Tag erlag die warmherzige &#8222;Goldie&#8220; &#8211; so ihr Spitzname &#8211; &#8222;den Folgen einer Krebsbehandlung&#8220; &#8211; so MUTIG, so EHRLICH war MAMAZONE im Nachruf&#8230; Leider ging das unter. Dieser Kontrast zu &#8222;Verstarb an den Folgen einer Krebserkrankung&#8220;.<br \/>\nGoldmann-Posch war der Leuk\u00e4mie leider nicht so lange gewachsen, wie dem einstigen Knoten \u00fcber ihrem Herzen. Sie fehlt. Sie fehlt. Sie fehlt.<br \/>\nUnd w\u00e4hrend du diesen Text schreibst, voller Wehmut, aber auch Dankbarkeit, die Autorin gekannt zu haben, so viel gelernt zu haben, biegen sich auf der Terrasse vor der offenen Schiebet\u00fcr die Petunien vor Begeisterung &#8211; so viel Sonne seit gestern&#8230;Ein Blau des Himmels&#8230;das kein Farbkasten hinkriegt&#8230; und mit um die 27 Grad &#8211; echte Wohlf\u00fchl-Temperaturen (ansonsten ist der Norden Teneriffas gern von den Monsunwolken bev\u00f6lkert, die sich so gern an den TEIDE schmiegen&#8230; ) &#8230;Eure FEMINISSIMA &#8211; darf in diesem Jahr ihr 20 Jahr des \u00dcberlebens feiern, jener Diagnose &#8211; die eingeleitet wurde mit dem Satz &#8211; &#8222;Eigentlich m\u00fcssten Sie schon l\u00e4ngst tot sein. Fortgeschrittener Brustkrebs&#8220;. Alles gelogen, wie ihr seht&#8230;hey, ich lebe noch &#8230;20 Jahre sp\u00e4ter. FEMINISSIMA.de wurde ab Juli 2002 sozusagen der Start meiner h\u00f6chst-eigenen-\u00dcberlebenstherapie &#8211; -SCHREIBEN als LEBENSTHERAPIE&#8230;auch wenn ihr DAR\u00dcBER nie ein Wort bei FEMINISSIMA.de findet. Aber in der Rubrik &#8211; FEM&#038;GESUNDHEIT gibt es ne Menge an Informationen &#8211; und nat\u00fcrlich Kritik&#8230;am (hat sich nichts ver\u00e4ndert, am System und im System..au\u00dfer, es wird wieder mehr ..!! gestorben ? Oder wird durch die Social Media &#8222;offener&#8220; mit dem STERBEN an KREBS (oder den Behandlungen?? ) umgegangen ? Nach einer Brustamputation sagte FEMINISSIMA.de forever &#8222;NO!&#8220; &#8211; &#8222;NEIN!&#8220; zu jedeweder weiteren &#8222;Therapie&#8220;. Im Klartext &#8211; no killing drugs like CHEMOTHERAPIE, BESTRAHLUNG und Hormonbehandlung. Der WIDERSTAND war die Lebensrettung&#8230;wie das gesunde \u00dcberleben bislang beweist. 20 Jahre statt &#8222;Sie m\u00fcssten schon l\u00e4ngst tot sein&#8220;. Lasst Euch nie entmutigen. Eine Diagnose kann so falsch sein, wie die R\u00f6ntgen\u00e4rztin, die sie Euch &#8222;\u00fcbermittelt.&#8220;. <\/p>\n","protected":false},"excerpt":{"rendered":"<p>Die mit ihrem Buch &#8211; &#8222;Der Knoten \u00fcber meinem Herzen&#8220; &#8211; anno 1999\/2000 erschienen &#8211; einen (wohl zeitlosen) Bestseller schrieb: &#8222;Ich hab nicht mit dem Krebs gerechnet, aber er auch nicht mit mir&#8220; &#8211; Ein Buch, ein au\u00dfergew\u00f6hnliches Angebot an Kompetenz &#8211; verbunden mit der Erlaubnis, in ihr pers\u00f6nliches Leben zu blicken. Dazu eine Sprache&hellip; <a class=\"more-link\" href=\"https:\/\/feminissima.de\/index.php\/2019\/06\/17\/die-erinnerungen-des-juni-es-war-am-4-juni-2016-als-ursula-goldmann-posch-starb\/\"><span class=\"screen-reader-text\">Die Erinnerungen des JUNI &#8230;es war am 4. Juni 2016, als URSULA &#8211; GOLDMANN-POSCH starb<\/span> weiterlesen<\/a><\/p>\n","protected":false},"author":3,"featured_media":0,"comment_status":"closed","ping_status":"closed","sticky":false,"template":"","format":"standard","meta":{"footnotes":""},"categories":[10,6],"tags":[],"class_list":["post-87681","post","type-post","status-publish","format-standard","hentry","category-femgesundheit","category-femleben","entry"],"yoast_head":"<!-- This site is optimized with the Yoast SEO plugin v21.0 - https:\/\/yoast.com\/wordpress\/plugins\/seo\/ -->\n<title>Die Erinnerungen des JUNI ...es war am 4. Juni 2016, als URSULA - GOLDMANN-POSCH starb - Feminissima<\/title>\n<meta name=\"robots\" content=\"index, follow, max-snippet:-1, max-image-preview:large, max-video-preview:-1\" \/>\n<link rel=\"canonical\" href=\"https:\/\/feminissima.de\/index.php\/2019\/06\/17\/die-erinnerungen-des-juni-es-war-am-4-juni-2016-als-ursula-goldmann-posch-starb\/\" \/>\n<meta property=\"og:locale\" content=\"de_DE\" \/>\n<meta property=\"og:type\" content=\"article\" \/>\n<meta property=\"og:title\" content=\"Die Erinnerungen des JUNI ...es war am 4. Juni 2016, als URSULA - GOLDMANN-POSCH starb - Feminissima\" \/>\n<meta property=\"og:description\" content=\"Die mit ihrem Buch &#8211; &#8222;Der Knoten \u00fcber meinem Herzen&#8220; &#8211; anno 1999\/2000 erschienen &#8211; einen (wohl zeitlosen) Bestseller schrieb: &#8222;Ich hab nicht mit dem Krebs gerechnet, aber er auch nicht mit mir&#8220; &#8211; Ein Buch, ein au\u00dfergew\u00f6hnliches Angebot an Kompetenz &#8211; verbunden mit der Erlaubnis, in ihr pers\u00f6nliches Leben zu blicken. Dazu eine Sprache&hellip; Die Erinnerungen des JUNI &#8230;es war am 4. Juni 2016, als URSULA &#8211; GOLDMANN-POSCH starb weiterlesen\" \/>\n<meta property=\"og:url\" content=\"https:\/\/feminissima.de\/index.php\/2019\/06\/17\/die-erinnerungen-des-juni-es-war-am-4-juni-2016-als-ursula-goldmann-posch-starb\/\" \/>\n<meta property=\"og:site_name\" content=\"Feminissima\" \/>\n<meta property=\"article:published_time\" content=\"2019-06-17T12:08:27+00:00\" \/>\n<meta name=\"author\" content=\"fem\" \/>\n<meta name=\"twitter:card\" content=\"summary_large_image\" \/>\n<meta name=\"twitter:label1\" content=\"Verfasst von\" \/>\n\t<meta name=\"twitter:data1\" content=\"fem\" \/>\n\t<meta name=\"twitter:label2\" content=\"Gesch\u00e4tzte Lesezeit\" \/>\n\t<meta name=\"twitter:data2\" content=\"2\u00a0Minuten\" \/>\n<script type=\"application\/ld+json\" class=\"yoast-schema-graph\">{\"@context\":\"https:\/\/schema.org\",\"@graph\":[{\"@type\":\"WebPage\",\"@id\":\"https:\/\/feminissima.de\/index.php\/2019\/06\/17\/die-erinnerungen-des-juni-es-war-am-4-juni-2016-als-ursula-goldmann-posch-starb\/\",\"url\":\"https:\/\/feminissima.de\/index.php\/2019\/06\/17\/die-erinnerungen-des-juni-es-war-am-4-juni-2016-als-ursula-goldmann-posch-starb\/\",\"name\":\"Die Erinnerungen des JUNI ...es war am 4. Juni 2016, als URSULA - GOLDMANN-POSCH starb - Feminissima\",\"isPartOf\":{\"@id\":\"https:\/\/feminissima.de\/#website\"},\"datePublished\":\"2019-06-17T12:08:27+00:00\",\"dateModified\":\"2019-06-17T12:08:27+00:00\",\"author\":{\"@id\":\"https:\/\/feminissima.de\/#\/schema\/person\/5dea0fc707e9da59266a47da2f9a8210\"},\"breadcrumb\":{\"@id\":\"https:\/\/feminissima.de\/index.php\/2019\/06\/17\/die-erinnerungen-des-juni-es-war-am-4-juni-2016-als-ursula-goldmann-posch-starb\/#breadcrumb\"},\"inLanguage\":\"de\",\"potentialAction\":[{\"@type\":\"ReadAction\",\"target\":[\"https:\/\/feminissima.de\/index.php\/2019\/06\/17\/die-erinnerungen-des-juni-es-war-am-4-juni-2016-als-ursula-goldmann-posch-starb\/\"]}]},{\"@type\":\"BreadcrumbList\",\"@id\":\"https:\/\/feminissima.de\/index.php\/2019\/06\/17\/die-erinnerungen-des-juni-es-war-am-4-juni-2016-als-ursula-goldmann-posch-starb\/#breadcrumb\",\"itemListElement\":[{\"@type\":\"ListItem\",\"position\":1,\"name\":\"Startseite\",\"item\":\"https:\/\/feminissima.de\/\"},{\"@type\":\"ListItem\",\"position\":2,\"name\":\"Die Erinnerungen des JUNI &#8230;es war am 4. Juni 2016, als URSULA &#8211; GOLDMANN-POSCH starb\"}]},{\"@type\":\"WebSite\",\"@id\":\"https:\/\/feminissima.de\/#website\",\"url\":\"https:\/\/feminissima.de\/\",\"name\":\"Feminissima\",\"description\":\"\",\"potentialAction\":[{\"@type\":\"SearchAction\",\"target\":{\"@type\":\"EntryPoint\",\"urlTemplate\":\"https:\/\/feminissima.de\/?s={search_term_string}\"},\"query-input\":\"required name=search_term_string\"}],\"inLanguage\":\"de\"},{\"@type\":\"Person\",\"@id\":\"https:\/\/feminissima.de\/#\/schema\/person\/5dea0fc707e9da59266a47da2f9a8210\",\"name\":\"fem\",\"image\":{\"@type\":\"ImageObject\",\"inLanguage\":\"de\",\"@id\":\"https:\/\/feminissima.de\/#\/schema\/person\/image\/\",\"url\":\"https:\/\/secure.gravatar.com\/avatar\/892e878e26ee6e7c1689c0b5183da4949c35fb291d0554f021db478bb42e3226?s=96&d=mm&r=g\",\"contentUrl\":\"https:\/\/secure.gravatar.com\/avatar\/892e878e26ee6e7c1689c0b5183da4949c35fb291d0554f021db478bb42e3226?s=96&d=mm&r=g\",\"caption\":\"fem\"},\"url\":\"https:\/\/feminissima.de\/index.php\/author\/fem\/\"}]}<\/script>\n<!-- \/ Yoast SEO plugin. -->","yoast_head_json":{"title":"Die Erinnerungen des JUNI ...es war am 4. Juni 2016, als URSULA - GOLDMANN-POSCH starb - Feminissima","robots":{"index":"index","follow":"follow","max-snippet":"max-snippet:-1","max-image-preview":"max-image-preview:large","max-video-preview":"max-video-preview:-1"},"canonical":"https:\/\/feminissima.de\/index.php\/2019\/06\/17\/die-erinnerungen-des-juni-es-war-am-4-juni-2016-als-ursula-goldmann-posch-starb\/","og_locale":"de_DE","og_type":"article","og_title":"Die Erinnerungen des JUNI ...es war am 4. Juni 2016, als URSULA - GOLDMANN-POSCH starb - Feminissima","og_description":"Die mit ihrem Buch &#8211; &#8222;Der Knoten \u00fcber meinem Herzen&#8220; &#8211; anno 1999\/2000 erschienen &#8211; einen (wohl zeitlosen) Bestseller schrieb: &#8222;Ich hab nicht mit dem Krebs gerechnet, aber er auch nicht mit mir&#8220; &#8211; Ein Buch, ein au\u00dfergew\u00f6hnliches Angebot an Kompetenz &#8211; verbunden mit der Erlaubnis, in ihr pers\u00f6nliches Leben zu blicken. Dazu eine Sprache&hellip; Die Erinnerungen des JUNI &#8230;es war am 4. Juni 2016, als URSULA &#8211; GOLDMANN-POSCH starb weiterlesen","og_url":"https:\/\/feminissima.de\/index.php\/2019\/06\/17\/die-erinnerungen-des-juni-es-war-am-4-juni-2016-als-ursula-goldmann-posch-starb\/","og_site_name":"Feminissima","article_published_time":"2019-06-17T12:08:27+00:00","author":"fem","twitter_card":"summary_large_image","twitter_misc":{"Verfasst von":"fem","Gesch\u00e4tzte Lesezeit":"2\u00a0Minuten"},"schema":{"@context":"https:\/\/schema.org","@graph":[{"@type":"WebPage","@id":"https:\/\/feminissima.de\/index.php\/2019\/06\/17\/die-erinnerungen-des-juni-es-war-am-4-juni-2016-als-ursula-goldmann-posch-starb\/","url":"https:\/\/feminissima.de\/index.php\/2019\/06\/17\/die-erinnerungen-des-juni-es-war-am-4-juni-2016-als-ursula-goldmann-posch-starb\/","name":"Die Erinnerungen des JUNI ...es war am 4. Juni 2016, als URSULA - GOLDMANN-POSCH starb - Feminissima","isPartOf":{"@id":"https:\/\/feminissima.de\/#website"},"datePublished":"2019-06-17T12:08:27+00:00","dateModified":"2019-06-17T12:08:27+00:00","author":{"@id":"https:\/\/feminissima.de\/#\/schema\/person\/5dea0fc707e9da59266a47da2f9a8210"},"breadcrumb":{"@id":"https:\/\/feminissima.de\/index.php\/2019\/06\/17\/die-erinnerungen-des-juni-es-war-am-4-juni-2016-als-ursula-goldmann-posch-starb\/#breadcrumb"},"inLanguage":"de","potentialAction":[{"@type":"ReadAction","target":["https:\/\/feminissima.de\/index.php\/2019\/06\/17\/die-erinnerungen-des-juni-es-war-am-4-juni-2016-als-ursula-goldmann-posch-starb\/"]}]},{"@type":"BreadcrumbList","@id":"https:\/\/feminissima.de\/index.php\/2019\/06\/17\/die-erinnerungen-des-juni-es-war-am-4-juni-2016-als-ursula-goldmann-posch-starb\/#breadcrumb","itemListElement":[{"@type":"ListItem","position":1,"name":"Startseite","item":"https:\/\/feminissima.de\/"},{"@type":"ListItem","position":2,"name":"Die Erinnerungen des JUNI &#8230;es war am 4. Juni 2016, als URSULA &#8211; GOLDMANN-POSCH starb"}]},{"@type":"WebSite","@id":"https:\/\/feminissima.de\/#website","url":"https:\/\/feminissima.de\/","name":"Feminissima","description":"","potentialAction":[{"@type":"SearchAction","target":{"@type":"EntryPoint","urlTemplate":"https:\/\/feminissima.de\/?s={search_term_string}"},"query-input":"required name=search_term_string"}],"inLanguage":"de"},{"@type":"Person","@id":"https:\/\/feminissima.de\/#\/schema\/person\/5dea0fc707e9da59266a47da2f9a8210","name":"fem","image":{"@type":"ImageObject","inLanguage":"de","@id":"https:\/\/feminissima.de\/#\/schema\/person\/image\/","url":"https:\/\/secure.gravatar.com\/avatar\/892e878e26ee6e7c1689c0b5183da4949c35fb291d0554f021db478bb42e3226?s=96&d=mm&r=g","contentUrl":"https:\/\/secure.gravatar.com\/avatar\/892e878e26ee6e7c1689c0b5183da4949c35fb291d0554f021db478bb42e3226?s=96&d=mm&r=g","caption":"fem"},"url":"https:\/\/feminissima.de\/index.php\/author\/fem\/"}]}},"jetpack_featured_media_url":"","_links":{"self":[{"href":"https:\/\/feminissima.de\/index.php\/wp-json\/wp\/v2\/posts\/87681","targetHints":{"allow":["GET"]}}],"collection":[{"href":"https:\/\/feminissima.de\/index.php\/wp-json\/wp\/v2\/posts"}],"about":[{"href":"https:\/\/feminissima.de\/index.php\/wp-json\/wp\/v2\/types\/post"}],"author":[{"embeddable":true,"href":"https:\/\/feminissima.de\/index.php\/wp-json\/wp\/v2\/users\/3"}],"replies":[{"embeddable":true,"href":"https:\/\/feminissima.de\/index.php\/wp-json\/wp\/v2\/comments?post=87681"}],"version-history":[{"count":0,"href":"https:\/\/feminissima.de\/index.php\/wp-json\/wp\/v2\/posts\/87681\/revisions"}],"wp:attachment":[{"href":"https:\/\/feminissima.de\/index.php\/wp-json\/wp\/v2\/media?parent=87681"}],"wp:term":[{"taxonomy":"category","embeddable":true,"href":"https:\/\/feminissima.de\/index.php\/wp-json\/wp\/v2\/categories?post=87681"},{"taxonomy":"post_tag","embeddable":true,"href":"https:\/\/feminissima.de\/index.php\/wp-json\/wp\/v2\/tags?post=87681"}],"curies":[{"name":"wp","href":"https:\/\/api.w.org\/{rel}","templated":true}]}}