{"id":87662,"date":"2019-06-17T03:38:14","date_gmt":"2019-06-17T01:38:14","guid":{"rendered":"http:\/\/www.feminissima.de\/?p=87662"},"modified":"2019-06-17T03:38:14","modified_gmt":"2019-06-17T01:38:14","slug":"ist-es-euch-schon-mal-aufgefallen-dass-flaneur-und-dandy-kein-weibliches-sprachliches-pendant-haben","status":"publish","type":"post","link":"https:\/\/feminissima.de\/index.php\/2019\/06\/17\/ist-es-euch-schon-mal-aufgefallen-dass-flaneur-und-dandy-kein-weibliches-sprachliches-pendant-haben\/","title":{"rendered":"By the way &#8211; schon mal aufgefallen, dass FLANEUR und DANDY &#8211;  kein weibliches sprachliches Pendant haben ?"},"content":{"rendered":"<p>Sprache als zeit-gesellschaftliche Enth\u00fcllerin &#8211;<br \/>\nDer FLANEUR trat (bei BAUDELAIRE etwa..) zu einer Zeit auf&#8230; als nur &#8222;unsittliche Frauen&#8220; allein auf die Stra\u00dfe gingen, nicht mit der Absicht, zu flanieren, sondern einem ber\u00fchmt-ber\u00fcchtigten, aber offenbar zeitlosen..Gewerbe nachzugehen&#8230;<br \/>\nDie gern angebotene \u00dcbersetzung ins sprachlich Weibliche &#8211; &#8222;Die Spazierg\u00e4ngerin&#8220; &#8211; trifft aber keineswegs die inhaltliche Bedeutung des FLANEURS &#8230; des Snobs, der in den Monopolen der Welt herumspaziert, beobachtet, es sich gut gehen l\u00e4sst&#8230; Die Frauen seiner Epoche in der Literatur (und im realen Leben) besitzen diese Freiheiten nicht. Daher gibt es auch kein Wort &#8211; wir w\u00fcrden heute FLANEURIN sagenn&#8230; aber zugegeben, es wirkt nicht so elegant&#8230; oder? Nicht so elegant-l\u00e4ssig &#8211; wie &#8222;Flaneur&#8220;&#8230; Da siehst du mal..!<br \/>\nAuch der DANDY lebte literarisch und real im eher 19. Jahrhundert und in den fr\u00fchen beiden Jahrzehnten des 20. Jahrhunderts. (In der Nachkriegszeit taucht er nicht wieder auf. Er mutiert zum PLAYBOY, aber das ist doch auch wieder eine ganz andere Einf\u00e4rbung, weniger feingliedrig, geistig gedacht, als der DANDY &#8230; Wir wissen nicht, war er auch ein Casanova..? Oder vor allem &#8211; (Chrissy, lauf mal schnell r\u00fcber zu WIKIPEDIA &#8230;wie dort der DANDY definiert wird und zeitlich und literarisch &#8222;verortet&#8220;- wie es so gern vornehm ausgedr\u00fcckt wird..<br \/>\n Okay, ihm k\u00f6nnten wir die zeitlose FEMME FATALE gegen\u00fcberstellen. Aber damit kommt ein anderer Zungenschlag ins Spiel. Denn die FEMME FATALE &#8211; war G\u00f6ttin und S\u00fcnderin zugleich&#8230; Aber niemand gab ihr die sprachlich und gesellschaftlich gleichwertige Rolle einer DANDY &#8230;Die neuen &#8222;Feministinnen&#8220; der Gegenwart sehen ja einen revolution\u00e4ren Akt darin, dass weibliche Formen eines Wortes durch ein Sternchen gekennzeichnet, im 21. Jahrhundert, diese Albernheit gibt es auch nur in GER, in Alemania&#8230; aber das Enth\u00fcllende der gesellschaftlichen und politischen Zust\u00e4nde ist SPRACHE. Es gibt auch kein weibliches Pendant zum LORD &#8230; D\u00fcrfen die LADIES denn heutzutage in die Clubs in GB, die in alten Serien nur f\u00fcr &#8222;ihre Lordschaft&#8220; zug\u00e4nglich waren..?<\/p>\n<p>\u00dcbrigens &#8211; die STREIFZ\u00dcGLERIN wiederum &#8211; auch hier spiegelt sich der Zeit-Zusammenhang eines Wortes wieder &#8211; taucht (Gottfried Keller?) und untrennbar der gesellschaftliche &#8211; galt als eher kess&#8230; und gesellschaftlich tauchte sie eigentlich gar nicht auf&#8230; in Wirklichkeit&#8230; Als Bedeutung&#8230; vielleicht f\u00fcr einige als &#8222;Herumtreiberin?&#8220; Aber nein, aber nein.<\/p>\n<p>Viele Romane beginnen ja mit einer alten Frau in der Ecke eines Zugabteils und so .. ( da hat Virginia Woolf so peinlich genau Recht). Die &#8222;alte Frau&#8220; im Zug und schon assoziierst du die Zeit der Holzb\u00e4nke in der 2. Klasse. Die &#8222;alte Frau&#8220; als literarische Figur &#8211; selten mond\u00e4n, meistens verh\u00e4rmt. Auch das spiegelt einen gesellschaftlichen Zeitgeist wider, bis heute wird &#8222;alte Frau&#8220; mit arm, unscheinbar und in einer Ecke, allein&#8220; &#8230;tja&#8230;Heute erst recht, wieder&#8230; es hei\u00dft dann lapidar und kalt &#8211; &#8222;Altersarmut&#8220;. Einklassifiziert. Die Sprache hat f\u00fcr vieles einen Namen, weiblich, aber nicht f\u00fcr Flaneur oder Dandy&#8230;<\/p>\n","protected":false},"excerpt":{"rendered":"<p>Sprache als zeit-gesellschaftliche Enth\u00fcllerin &#8211; Der FLANEUR trat (bei BAUDELAIRE etwa..) zu einer Zeit auf&#8230; als nur &#8222;unsittliche Frauen&#8220; allein auf die Stra\u00dfe gingen, nicht mit der Absicht, zu flanieren, sondern einem ber\u00fchmt-ber\u00fcchtigten, aber offenbar zeitlosen..Gewerbe nachzugehen&#8230; Die gern angebotene \u00dcbersetzung ins sprachlich Weibliche &#8211; &#8222;Die Spazierg\u00e4ngerin&#8220; &#8211; trifft aber keineswegs die inhaltliche Bedeutung des&hellip; <a class=\"more-link\" href=\"https:\/\/feminissima.de\/index.php\/2019\/06\/17\/ist-es-euch-schon-mal-aufgefallen-dass-flaneur-und-dandy-kein-weibliches-sprachliches-pendant-haben\/\"><span class=\"screen-reader-text\">By the way &#8211; schon mal aufgefallen, dass FLANEUR und DANDY &#8211;  kein weibliches sprachliches Pendant haben ?<\/span> weiterlesen<\/a><\/p>\n","protected":false},"author":3,"featured_media":0,"comment_status":"closed","ping_status":"closed","sticky":false,"template":"","format":"standard","meta":{"footnotes":""},"categories":[11,6],"tags":[],"class_list":["post-87662","post","type-post","status-publish","format-standard","hentry","category-femkultur","category-femleben","entry"],"yoast_head":"<!-- This site is optimized with the Yoast SEO plugin v21.0 - https:\/\/yoast.com\/wordpress\/plugins\/seo\/ -->\n<title>By the way - schon mal aufgefallen, dass FLANEUR und DANDY - kein weibliches sprachliches Pendant haben ? - Feminissima<\/title>\n<meta name=\"robots\" content=\"index, follow, max-snippet:-1, max-image-preview:large, max-video-preview:-1\" \/>\n<link rel=\"canonical\" href=\"https:\/\/feminissima.de\/index.php\/2019\/06\/17\/ist-es-euch-schon-mal-aufgefallen-dass-flaneur-und-dandy-kein-weibliches-sprachliches-pendant-haben\/\" \/>\n<meta property=\"og:locale\" content=\"de_DE\" \/>\n<meta property=\"og:type\" content=\"article\" \/>\n<meta property=\"og:title\" content=\"By the way - schon mal aufgefallen, dass FLANEUR und DANDY - kein weibliches sprachliches Pendant haben ? - Feminissima\" \/>\n<meta property=\"og:description\" content=\"Sprache als zeit-gesellschaftliche Enth\u00fcllerin &#8211; Der FLANEUR trat (bei BAUDELAIRE etwa..) zu einer Zeit auf&#8230; als nur &#8222;unsittliche Frauen&#8220; allein auf die Stra\u00dfe gingen, nicht mit der Absicht, zu flanieren, sondern einem ber\u00fchmt-ber\u00fcchtigten, aber offenbar zeitlosen..Gewerbe nachzugehen&#8230; Die gern angebotene \u00dcbersetzung ins sprachlich Weibliche &#8211; &#8222;Die Spazierg\u00e4ngerin&#8220; &#8211; trifft aber keineswegs die inhaltliche Bedeutung des&hellip; By the way &#8211; schon mal aufgefallen, dass FLANEUR und DANDY &#8211; kein weibliches sprachliches Pendant haben ? weiterlesen\" \/>\n<meta property=\"og:url\" content=\"https:\/\/feminissima.de\/index.php\/2019\/06\/17\/ist-es-euch-schon-mal-aufgefallen-dass-flaneur-und-dandy-kein-weibliches-sprachliches-pendant-haben\/\" \/>\n<meta property=\"og:site_name\" content=\"Feminissima\" \/>\n<meta property=\"article:published_time\" content=\"2019-06-17T01:38:14+00:00\" \/>\n<meta name=\"author\" content=\"fem\" \/>\n<meta name=\"twitter:card\" content=\"summary_large_image\" \/>\n<meta name=\"twitter:label1\" content=\"Verfasst von\" \/>\n\t<meta name=\"twitter:data1\" content=\"fem\" \/>\n\t<meta name=\"twitter:label2\" content=\"Gesch\u00e4tzte Lesezeit\" \/>\n\t<meta name=\"twitter:data2\" content=\"2\u00a0Minuten\" \/>\n<script type=\"application\/ld+json\" class=\"yoast-schema-graph\">{\"@context\":\"https:\/\/schema.org\",\"@graph\":[{\"@type\":\"WebPage\",\"@id\":\"https:\/\/feminissima.de\/index.php\/2019\/06\/17\/ist-es-euch-schon-mal-aufgefallen-dass-flaneur-und-dandy-kein-weibliches-sprachliches-pendant-haben\/\",\"url\":\"https:\/\/feminissima.de\/index.php\/2019\/06\/17\/ist-es-euch-schon-mal-aufgefallen-dass-flaneur-und-dandy-kein-weibliches-sprachliches-pendant-haben\/\",\"name\":\"By the way - schon mal aufgefallen, dass FLANEUR und DANDY - kein weibliches sprachliches Pendant haben ? - Feminissima\",\"isPartOf\":{\"@id\":\"https:\/\/feminissima.de\/#website\"},\"datePublished\":\"2019-06-17T01:38:14+00:00\",\"dateModified\":\"2019-06-17T01:38:14+00:00\",\"author\":{\"@id\":\"https:\/\/feminissima.de\/#\/schema\/person\/5dea0fc707e9da59266a47da2f9a8210\"},\"breadcrumb\":{\"@id\":\"https:\/\/feminissima.de\/index.php\/2019\/06\/17\/ist-es-euch-schon-mal-aufgefallen-dass-flaneur-und-dandy-kein-weibliches-sprachliches-pendant-haben\/#breadcrumb\"},\"inLanguage\":\"de\",\"potentialAction\":[{\"@type\":\"ReadAction\",\"target\":[\"https:\/\/feminissima.de\/index.php\/2019\/06\/17\/ist-es-euch-schon-mal-aufgefallen-dass-flaneur-und-dandy-kein-weibliches-sprachliches-pendant-haben\/\"]}]},{\"@type\":\"BreadcrumbList\",\"@id\":\"https:\/\/feminissima.de\/index.php\/2019\/06\/17\/ist-es-euch-schon-mal-aufgefallen-dass-flaneur-und-dandy-kein-weibliches-sprachliches-pendant-haben\/#breadcrumb\",\"itemListElement\":[{\"@type\":\"ListItem\",\"position\":1,\"name\":\"Startseite\",\"item\":\"https:\/\/feminissima.de\/\"},{\"@type\":\"ListItem\",\"position\":2,\"name\":\"By the way &#8211; schon mal aufgefallen, dass FLANEUR und DANDY &#8211; kein weibliches sprachliches Pendant haben ?\"}]},{\"@type\":\"WebSite\",\"@id\":\"https:\/\/feminissima.de\/#website\",\"url\":\"https:\/\/feminissima.de\/\",\"name\":\"Feminissima\",\"description\":\"\",\"potentialAction\":[{\"@type\":\"SearchAction\",\"target\":{\"@type\":\"EntryPoint\",\"urlTemplate\":\"https:\/\/feminissima.de\/?s={search_term_string}\"},\"query-input\":\"required name=search_term_string\"}],\"inLanguage\":\"de\"},{\"@type\":\"Person\",\"@id\":\"https:\/\/feminissima.de\/#\/schema\/person\/5dea0fc707e9da59266a47da2f9a8210\",\"name\":\"fem\",\"image\":{\"@type\":\"ImageObject\",\"inLanguage\":\"de\",\"@id\":\"https:\/\/feminissima.de\/#\/schema\/person\/image\/\",\"url\":\"https:\/\/secure.gravatar.com\/avatar\/892e878e26ee6e7c1689c0b5183da4949c35fb291d0554f021db478bb42e3226?s=96&d=mm&r=g\",\"contentUrl\":\"https:\/\/secure.gravatar.com\/avatar\/892e878e26ee6e7c1689c0b5183da4949c35fb291d0554f021db478bb42e3226?s=96&d=mm&r=g\",\"caption\":\"fem\"},\"url\":\"https:\/\/feminissima.de\/index.php\/author\/fem\/\"}]}<\/script>\n<!-- \/ Yoast SEO plugin. -->","yoast_head_json":{"title":"By the way - schon mal aufgefallen, dass FLANEUR und DANDY - kein weibliches sprachliches Pendant haben ? - Feminissima","robots":{"index":"index","follow":"follow","max-snippet":"max-snippet:-1","max-image-preview":"max-image-preview:large","max-video-preview":"max-video-preview:-1"},"canonical":"https:\/\/feminissima.de\/index.php\/2019\/06\/17\/ist-es-euch-schon-mal-aufgefallen-dass-flaneur-und-dandy-kein-weibliches-sprachliches-pendant-haben\/","og_locale":"de_DE","og_type":"article","og_title":"By the way - schon mal aufgefallen, dass FLANEUR und DANDY - kein weibliches sprachliches Pendant haben ? - Feminissima","og_description":"Sprache als zeit-gesellschaftliche Enth\u00fcllerin &#8211; Der FLANEUR trat (bei BAUDELAIRE etwa..) zu einer Zeit auf&#8230; als nur &#8222;unsittliche Frauen&#8220; allein auf die Stra\u00dfe gingen, nicht mit der Absicht, zu flanieren, sondern einem ber\u00fchmt-ber\u00fcchtigten, aber offenbar zeitlosen..Gewerbe nachzugehen&#8230; Die gern angebotene \u00dcbersetzung ins sprachlich Weibliche &#8211; &#8222;Die Spazierg\u00e4ngerin&#8220; &#8211; trifft aber keineswegs die inhaltliche Bedeutung des&hellip; By the way &#8211; schon mal aufgefallen, dass FLANEUR und DANDY &#8211; kein weibliches sprachliches Pendant haben ? weiterlesen","og_url":"https:\/\/feminissima.de\/index.php\/2019\/06\/17\/ist-es-euch-schon-mal-aufgefallen-dass-flaneur-und-dandy-kein-weibliches-sprachliches-pendant-haben\/","og_site_name":"Feminissima","article_published_time":"2019-06-17T01:38:14+00:00","author":"fem","twitter_card":"summary_large_image","twitter_misc":{"Verfasst von":"fem","Gesch\u00e4tzte Lesezeit":"2\u00a0Minuten"},"schema":{"@context":"https:\/\/schema.org","@graph":[{"@type":"WebPage","@id":"https:\/\/feminissima.de\/index.php\/2019\/06\/17\/ist-es-euch-schon-mal-aufgefallen-dass-flaneur-und-dandy-kein-weibliches-sprachliches-pendant-haben\/","url":"https:\/\/feminissima.de\/index.php\/2019\/06\/17\/ist-es-euch-schon-mal-aufgefallen-dass-flaneur-und-dandy-kein-weibliches-sprachliches-pendant-haben\/","name":"By the way - schon mal aufgefallen, dass FLANEUR und DANDY - kein weibliches sprachliches Pendant haben ? - Feminissima","isPartOf":{"@id":"https:\/\/feminissima.de\/#website"},"datePublished":"2019-06-17T01:38:14+00:00","dateModified":"2019-06-17T01:38:14+00:00","author":{"@id":"https:\/\/feminissima.de\/#\/schema\/person\/5dea0fc707e9da59266a47da2f9a8210"},"breadcrumb":{"@id":"https:\/\/feminissima.de\/index.php\/2019\/06\/17\/ist-es-euch-schon-mal-aufgefallen-dass-flaneur-und-dandy-kein-weibliches-sprachliches-pendant-haben\/#breadcrumb"},"inLanguage":"de","potentialAction":[{"@type":"ReadAction","target":["https:\/\/feminissima.de\/index.php\/2019\/06\/17\/ist-es-euch-schon-mal-aufgefallen-dass-flaneur-und-dandy-kein-weibliches-sprachliches-pendant-haben\/"]}]},{"@type":"BreadcrumbList","@id":"https:\/\/feminissima.de\/index.php\/2019\/06\/17\/ist-es-euch-schon-mal-aufgefallen-dass-flaneur-und-dandy-kein-weibliches-sprachliches-pendant-haben\/#breadcrumb","itemListElement":[{"@type":"ListItem","position":1,"name":"Startseite","item":"https:\/\/feminissima.de\/"},{"@type":"ListItem","position":2,"name":"By the way &#8211; schon mal aufgefallen, dass FLANEUR und DANDY &#8211; kein weibliches sprachliches Pendant haben ?"}]},{"@type":"WebSite","@id":"https:\/\/feminissima.de\/#website","url":"https:\/\/feminissima.de\/","name":"Feminissima","description":"","potentialAction":[{"@type":"SearchAction","target":{"@type":"EntryPoint","urlTemplate":"https:\/\/feminissima.de\/?s={search_term_string}"},"query-input":"required name=search_term_string"}],"inLanguage":"de"},{"@type":"Person","@id":"https:\/\/feminissima.de\/#\/schema\/person\/5dea0fc707e9da59266a47da2f9a8210","name":"fem","image":{"@type":"ImageObject","inLanguage":"de","@id":"https:\/\/feminissima.de\/#\/schema\/person\/image\/","url":"https:\/\/secure.gravatar.com\/avatar\/892e878e26ee6e7c1689c0b5183da4949c35fb291d0554f021db478bb42e3226?s=96&d=mm&r=g","contentUrl":"https:\/\/secure.gravatar.com\/avatar\/892e878e26ee6e7c1689c0b5183da4949c35fb291d0554f021db478bb42e3226?s=96&d=mm&r=g","caption":"fem"},"url":"https:\/\/feminissima.de\/index.php\/author\/fem\/"}]}},"jetpack_featured_media_url":"","_links":{"self":[{"href":"https:\/\/feminissima.de\/index.php\/wp-json\/wp\/v2\/posts\/87662","targetHints":{"allow":["GET"]}}],"collection":[{"href":"https:\/\/feminissima.de\/index.php\/wp-json\/wp\/v2\/posts"}],"about":[{"href":"https:\/\/feminissima.de\/index.php\/wp-json\/wp\/v2\/types\/post"}],"author":[{"embeddable":true,"href":"https:\/\/feminissima.de\/index.php\/wp-json\/wp\/v2\/users\/3"}],"replies":[{"embeddable":true,"href":"https:\/\/feminissima.de\/index.php\/wp-json\/wp\/v2\/comments?post=87662"}],"version-history":[{"count":0,"href":"https:\/\/feminissima.de\/index.php\/wp-json\/wp\/v2\/posts\/87662\/revisions"}],"wp:attachment":[{"href":"https:\/\/feminissima.de\/index.php\/wp-json\/wp\/v2\/media?parent=87662"}],"wp:term":[{"taxonomy":"category","embeddable":true,"href":"https:\/\/feminissima.de\/index.php\/wp-json\/wp\/v2\/categories?post=87662"},{"taxonomy":"post_tag","embeddable":true,"href":"https:\/\/feminissima.de\/index.php\/wp-json\/wp\/v2\/tags?post=87662"}],"curies":[{"name":"wp","href":"https:\/\/api.w.org\/{rel}","templated":true}]}}