{"id":87647,"date":"2019-06-15T11:03:25","date_gmt":"2019-06-15T09:03:25","guid":{"rendered":"http:\/\/www.feminissima.de\/?p=87647"},"modified":"2019-06-15T11:03:25","modified_gmt":"2019-06-15T09:03:25","slug":"was-sind-das-fur-menschen-eigentlich-die-eine-partei-brauchen-zwecks-geistiger-heimat","status":"publish","type":"post","link":"https:\/\/feminissima.de\/index.php\/2019\/06\/15\/was-sind-das-fur-menschen-eigentlich-die-eine-partei-brauchen-zwecks-geistiger-heimat\/","title":{"rendered":"Was sind das f\u00fcr Menschen eigentlich, die eine PARTEI brauchen, zwecks &#8222;geistiger Heimat?&#8220;"},"content":{"rendered":"<p>Eure FEMINISSIMA war ihr Leben lang parteilos. Wir Parteilosen finden unsere geistige Heimat eben in geistiger Eigenarbeit.. ruhen in uns selbst&#8230;. Kritisieren Parteien als einen Fluch der Ungerechtigkeit. Dass nun ausgerechnet &#8211; hei\u00dft er Gauck oder Gauk (weil dazu Gaukler so sch\u00f6n passt..) ein paar Textstufen tiefer, have a look ! &#8211; f\u00fcr den rechten Konservatismus in der CDU als &#8222;geistige Heimat&#8220; wirbt, doch l\u00e4ngst hochbezahlter Pension\u00e4r &#8211; findet FEMINISSIMA unerh\u00f6rt und geradezu dreist. Oder sogar &#8211; unversch\u00e4mt. <\/p>\n","protected":false},"excerpt":{"rendered":"<p>Eure FEMINISSIMA war ihr Leben lang parteilos. Wir Parteilosen finden unsere geistige Heimat eben in geistiger Eigenarbeit.. ruhen in uns selbst&#8230;. Kritisieren Parteien als einen Fluch der Ungerechtigkeit. Dass nun ausgerechnet &#8211; hei\u00dft er Gauck oder Gauk (weil dazu Gaukler so sch\u00f6n passt..) ein paar Textstufen tiefer, have a look ! &#8211; f\u00fcr den rechten&hellip; <a class=\"more-link\" href=\"https:\/\/feminissima.de\/index.php\/2019\/06\/15\/was-sind-das-fur-menschen-eigentlich-die-eine-partei-brauchen-zwecks-geistiger-heimat\/\"><span class=\"screen-reader-text\">Was sind das f\u00fcr Menschen eigentlich, die eine PARTEI brauchen, zwecks &#8222;geistiger Heimat?&#8220;<\/span> weiterlesen<\/a><\/p>\n","protected":false},"author":3,"featured_media":0,"comment_status":"closed","ping_status":"closed","sticky":false,"template":"","format":"standard","meta":{"footnotes":""},"categories":[6],"tags":[],"class_list":["post-87647","post","type-post","status-publish","format-standard","hentry","category-femleben","entry"],"yoast_head":"<!-- This site is optimized with the Yoast SEO plugin v21.0 - https:\/\/yoast.com\/wordpress\/plugins\/seo\/ -->\n<title>Was sind das f\u00fcr Menschen eigentlich, die eine PARTEI brauchen, zwecks &quot;geistiger Heimat?&quot; - Feminissima<\/title>\n<meta name=\"robots\" content=\"index, follow, max-snippet:-1, max-image-preview:large, max-video-preview:-1\" \/>\n<link rel=\"canonical\" href=\"https:\/\/feminissima.de\/index.php\/2019\/06\/15\/was-sind-das-fur-menschen-eigentlich-die-eine-partei-brauchen-zwecks-geistiger-heimat\/\" \/>\n<meta property=\"og:locale\" content=\"de_DE\" \/>\n<meta property=\"og:type\" content=\"article\" \/>\n<meta property=\"og:title\" content=\"Was sind das f\u00fcr Menschen eigentlich, die eine PARTEI brauchen, zwecks &quot;geistiger Heimat?&quot; - Feminissima\" \/>\n<meta property=\"og:description\" content=\"Eure FEMINISSIMA war ihr Leben lang parteilos. Wir Parteilosen finden unsere geistige Heimat eben in geistiger Eigenarbeit.. ruhen in uns selbst&#8230;. Kritisieren Parteien als einen Fluch der Ungerechtigkeit. Dass nun ausgerechnet &#8211; hei\u00dft er Gauck oder Gauk (weil dazu Gaukler so sch\u00f6n passt..) ein paar Textstufen tiefer, have a look ! &#8211; f\u00fcr den rechten&hellip; Was sind das f\u00fcr Menschen eigentlich, die eine PARTEI brauchen, zwecks &#8222;geistiger Heimat?&#8220; weiterlesen\" \/>\n<meta property=\"og:url\" content=\"https:\/\/feminissima.de\/index.php\/2019\/06\/15\/was-sind-das-fur-menschen-eigentlich-die-eine-partei-brauchen-zwecks-geistiger-heimat\/\" \/>\n<meta property=\"og:site_name\" content=\"Feminissima\" \/>\n<meta property=\"article:published_time\" content=\"2019-06-15T09:03:25+00:00\" \/>\n<meta name=\"author\" content=\"fem\" \/>\n<meta name=\"twitter:card\" content=\"summary_large_image\" \/>\n<meta name=\"twitter:label1\" content=\"Verfasst von\" \/>\n\t<meta name=\"twitter:data1\" content=\"fem\" \/>\n<script type=\"application\/ld+json\" class=\"yoast-schema-graph\">{\"@context\":\"https:\/\/schema.org\",\"@graph\":[{\"@type\":\"WebPage\",\"@id\":\"https:\/\/feminissima.de\/index.php\/2019\/06\/15\/was-sind-das-fur-menschen-eigentlich-die-eine-partei-brauchen-zwecks-geistiger-heimat\/\",\"url\":\"https:\/\/feminissima.de\/index.php\/2019\/06\/15\/was-sind-das-fur-menschen-eigentlich-die-eine-partei-brauchen-zwecks-geistiger-heimat\/\",\"name\":\"Was sind das f\u00fcr Menschen eigentlich, die eine PARTEI brauchen, zwecks \\\"geistiger Heimat?\\\" - Feminissima\",\"isPartOf\":{\"@id\":\"https:\/\/feminissima.de\/#website\"},\"datePublished\":\"2019-06-15T09:03:25+00:00\",\"dateModified\":\"2019-06-15T09:03:25+00:00\",\"author\":{\"@id\":\"https:\/\/feminissima.de\/#\/schema\/person\/5dea0fc707e9da59266a47da2f9a8210\"},\"breadcrumb\":{\"@id\":\"https:\/\/feminissima.de\/index.php\/2019\/06\/15\/was-sind-das-fur-menschen-eigentlich-die-eine-partei-brauchen-zwecks-geistiger-heimat\/#breadcrumb\"},\"inLanguage\":\"de\",\"potentialAction\":[{\"@type\":\"ReadAction\",\"target\":[\"https:\/\/feminissima.de\/index.php\/2019\/06\/15\/was-sind-das-fur-menschen-eigentlich-die-eine-partei-brauchen-zwecks-geistiger-heimat\/\"]}]},{\"@type\":\"BreadcrumbList\",\"@id\":\"https:\/\/feminissima.de\/index.php\/2019\/06\/15\/was-sind-das-fur-menschen-eigentlich-die-eine-partei-brauchen-zwecks-geistiger-heimat\/#breadcrumb\",\"itemListElement\":[{\"@type\":\"ListItem\",\"position\":1,\"name\":\"Startseite\",\"item\":\"https:\/\/feminissima.de\/\"},{\"@type\":\"ListItem\",\"position\":2,\"name\":\"Was sind das f\u00fcr Menschen eigentlich, die eine PARTEI brauchen, zwecks &#8222;geistiger Heimat?&#8220;\"}]},{\"@type\":\"WebSite\",\"@id\":\"https:\/\/feminissima.de\/#website\",\"url\":\"https:\/\/feminissima.de\/\",\"name\":\"Feminissima\",\"description\":\"\",\"potentialAction\":[{\"@type\":\"SearchAction\",\"target\":{\"@type\":\"EntryPoint\",\"urlTemplate\":\"https:\/\/feminissima.de\/?s={search_term_string}\"},\"query-input\":\"required name=search_term_string\"}],\"inLanguage\":\"de\"},{\"@type\":\"Person\",\"@id\":\"https:\/\/feminissima.de\/#\/schema\/person\/5dea0fc707e9da59266a47da2f9a8210\",\"name\":\"fem\",\"image\":{\"@type\":\"ImageObject\",\"inLanguage\":\"de\",\"@id\":\"https:\/\/feminissima.de\/#\/schema\/person\/image\/\",\"url\":\"https:\/\/secure.gravatar.com\/avatar\/892e878e26ee6e7c1689c0b5183da4949c35fb291d0554f021db478bb42e3226?s=96&d=mm&r=g\",\"contentUrl\":\"https:\/\/secure.gravatar.com\/avatar\/892e878e26ee6e7c1689c0b5183da4949c35fb291d0554f021db478bb42e3226?s=96&d=mm&r=g\",\"caption\":\"fem\"},\"url\":\"https:\/\/feminissima.de\/index.php\/author\/fem\/\"}]}<\/script>\n<!-- \/ Yoast SEO plugin. -->","yoast_head_json":{"title":"Was sind das f\u00fcr Menschen eigentlich, die eine PARTEI brauchen, zwecks \"geistiger Heimat?\" - Feminissima","robots":{"index":"index","follow":"follow","max-snippet":"max-snippet:-1","max-image-preview":"max-image-preview:large","max-video-preview":"max-video-preview:-1"},"canonical":"https:\/\/feminissima.de\/index.php\/2019\/06\/15\/was-sind-das-fur-menschen-eigentlich-die-eine-partei-brauchen-zwecks-geistiger-heimat\/","og_locale":"de_DE","og_type":"article","og_title":"Was sind das f\u00fcr Menschen eigentlich, die eine PARTEI brauchen, zwecks \"geistiger Heimat?\" - Feminissima","og_description":"Eure FEMINISSIMA war ihr Leben lang parteilos. Wir Parteilosen finden unsere geistige Heimat eben in geistiger Eigenarbeit.. ruhen in uns selbst&#8230;. Kritisieren Parteien als einen Fluch der Ungerechtigkeit. Dass nun ausgerechnet &#8211; hei\u00dft er Gauck oder Gauk (weil dazu Gaukler so sch\u00f6n passt..) ein paar Textstufen tiefer, have a look ! &#8211; f\u00fcr den rechten&hellip; Was sind das f\u00fcr Menschen eigentlich, die eine PARTEI brauchen, zwecks &#8222;geistiger Heimat?&#8220; weiterlesen","og_url":"https:\/\/feminissima.de\/index.php\/2019\/06\/15\/was-sind-das-fur-menschen-eigentlich-die-eine-partei-brauchen-zwecks-geistiger-heimat\/","og_site_name":"Feminissima","article_published_time":"2019-06-15T09:03:25+00:00","author":"fem","twitter_card":"summary_large_image","twitter_misc":{"Verfasst von":"fem"},"schema":{"@context":"https:\/\/schema.org","@graph":[{"@type":"WebPage","@id":"https:\/\/feminissima.de\/index.php\/2019\/06\/15\/was-sind-das-fur-menschen-eigentlich-die-eine-partei-brauchen-zwecks-geistiger-heimat\/","url":"https:\/\/feminissima.de\/index.php\/2019\/06\/15\/was-sind-das-fur-menschen-eigentlich-die-eine-partei-brauchen-zwecks-geistiger-heimat\/","name":"Was sind das f\u00fcr Menschen eigentlich, die eine PARTEI brauchen, zwecks \"geistiger Heimat?\" - Feminissima","isPartOf":{"@id":"https:\/\/feminissima.de\/#website"},"datePublished":"2019-06-15T09:03:25+00:00","dateModified":"2019-06-15T09:03:25+00:00","author":{"@id":"https:\/\/feminissima.de\/#\/schema\/person\/5dea0fc707e9da59266a47da2f9a8210"},"breadcrumb":{"@id":"https:\/\/feminissima.de\/index.php\/2019\/06\/15\/was-sind-das-fur-menschen-eigentlich-die-eine-partei-brauchen-zwecks-geistiger-heimat\/#breadcrumb"},"inLanguage":"de","potentialAction":[{"@type":"ReadAction","target":["https:\/\/feminissima.de\/index.php\/2019\/06\/15\/was-sind-das-fur-menschen-eigentlich-die-eine-partei-brauchen-zwecks-geistiger-heimat\/"]}]},{"@type":"BreadcrumbList","@id":"https:\/\/feminissima.de\/index.php\/2019\/06\/15\/was-sind-das-fur-menschen-eigentlich-die-eine-partei-brauchen-zwecks-geistiger-heimat\/#breadcrumb","itemListElement":[{"@type":"ListItem","position":1,"name":"Startseite","item":"https:\/\/feminissima.de\/"},{"@type":"ListItem","position":2,"name":"Was sind das f\u00fcr Menschen eigentlich, die eine PARTEI brauchen, zwecks &#8222;geistiger Heimat?&#8220;"}]},{"@type":"WebSite","@id":"https:\/\/feminissima.de\/#website","url":"https:\/\/feminissima.de\/","name":"Feminissima","description":"","potentialAction":[{"@type":"SearchAction","target":{"@type":"EntryPoint","urlTemplate":"https:\/\/feminissima.de\/?s={search_term_string}"},"query-input":"required name=search_term_string"}],"inLanguage":"de"},{"@type":"Person","@id":"https:\/\/feminissima.de\/#\/schema\/person\/5dea0fc707e9da59266a47da2f9a8210","name":"fem","image":{"@type":"ImageObject","inLanguage":"de","@id":"https:\/\/feminissima.de\/#\/schema\/person\/image\/","url":"https:\/\/secure.gravatar.com\/avatar\/892e878e26ee6e7c1689c0b5183da4949c35fb291d0554f021db478bb42e3226?s=96&d=mm&r=g","contentUrl":"https:\/\/secure.gravatar.com\/avatar\/892e878e26ee6e7c1689c0b5183da4949c35fb291d0554f021db478bb42e3226?s=96&d=mm&r=g","caption":"fem"},"url":"https:\/\/feminissima.de\/index.php\/author\/fem\/"}]}},"jetpack_featured_media_url":"","_links":{"self":[{"href":"https:\/\/feminissima.de\/index.php\/wp-json\/wp\/v2\/posts\/87647","targetHints":{"allow":["GET"]}}],"collection":[{"href":"https:\/\/feminissima.de\/index.php\/wp-json\/wp\/v2\/posts"}],"about":[{"href":"https:\/\/feminissima.de\/index.php\/wp-json\/wp\/v2\/types\/post"}],"author":[{"embeddable":true,"href":"https:\/\/feminissima.de\/index.php\/wp-json\/wp\/v2\/users\/3"}],"replies":[{"embeddable":true,"href":"https:\/\/feminissima.de\/index.php\/wp-json\/wp\/v2\/comments?post=87647"}],"version-history":[{"count":0,"href":"https:\/\/feminissima.de\/index.php\/wp-json\/wp\/v2\/posts\/87647\/revisions"}],"wp:attachment":[{"href":"https:\/\/feminissima.de\/index.php\/wp-json\/wp\/v2\/media?parent=87647"}],"wp:term":[{"taxonomy":"category","embeddable":true,"href":"https:\/\/feminissima.de\/index.php\/wp-json\/wp\/v2\/categories?post=87647"},{"taxonomy":"post_tag","embeddable":true,"href":"https:\/\/feminissima.de\/index.php\/wp-json\/wp\/v2\/tags?post=87647"}],"curies":[{"name":"wp","href":"https:\/\/api.w.org\/{rel}","templated":true}]}}