{"id":87639,"date":"2019-06-15T10:13:45","date_gmt":"2019-06-15T08:13:45","guid":{"rendered":"http:\/\/www.feminissima.de\/?p=87639"},"modified":"2019-06-15T10:13:45","modified_gmt":"2019-06-15T08:13:45","slug":"geistiges-gaukeln-der-fruhere-pastor-antistasibehordenleiter-und-zuletzt-bundesprasident","status":"publish","type":"post","link":"https:\/\/feminissima.de\/index.php\/2019\/06\/15\/geistiges-gaukeln-der-fruhere-pastor-antistasibehordenleiter-und-zuletzt-bundesprasident\/","title":{"rendered":"Geistiges GAUKELN&#8230; Der fr\u00fchere Pastor, AntiStasiBeh\u00f6rdenLeiter und zuletzt Bundespr\u00e4sident.."},"content":{"rendered":"<p>der BRD &#8211; hatte ja immer schon mal zwischendurch &#8211; seitdem Bundespr\u00e4sident geworden und gewesen, seltsame &#8211; rechts anmutende Ansichten.<\/p>\n<p>Da er au\u00dferdem ein EGO-Problem mit sich selbst hat &#8211; kann er es &#8211; wie so viele &#8211; nur schwer aushalten, nicht mehr nach seiner Meinung gefragt zu werden &#8211; ( auch Lafontaine, der Gatte von Wagenknecht, wird ja auch gerade mal wieder von dieser Krise heimgesucht)<\/p>\n<p>und da kommen die seltsamsten Bl\u00fcten, geistige Gaukeleien, zum Vorschein. Lafontaine will nun unbedingt die PDS mit der SPD vereinen..<\/p>\n<p>Und der Ex-Pastor wirbt nun unverhohlen f\u00fcr &#8222;mehr Toleranz in Richtung rechts&#8220;.<br \/>\nWie alt wird der Mann?<\/p>\n<p>&#8222;Den ungetr\u00fcbten, guten Konservativen sei die geistige Heimat abhanden gekommen, seitdem die CDU sich so sozialdemokratisiert h\u00e4tte..!&#8220;<\/p>\n<p>Also &#8211; die Hitze steigt den FEMINISSIMA-Followern hoffentlich nicht DERART zu Kopf, dass sie schier kopflos werden&#8230; Kommt gut durch den Samstag..und &#8211; take care..! \/ 9:21 local time Tenerife <\/p>\n","protected":false},"excerpt":{"rendered":"<p>der BRD &#8211; hatte ja immer schon mal zwischendurch &#8211; seitdem Bundespr\u00e4sident geworden und gewesen, seltsame &#8211; rechts anmutende Ansichten. Da er au\u00dferdem ein EGO-Problem mit sich selbst hat &#8211; kann er es &#8211; wie so viele &#8211; nur schwer aushalten, nicht mehr nach seiner Meinung gefragt zu werden &#8211; ( auch Lafontaine, der Gatte&hellip; <a class=\"more-link\" href=\"https:\/\/feminissima.de\/index.php\/2019\/06\/15\/geistiges-gaukeln-der-fruhere-pastor-antistasibehordenleiter-und-zuletzt-bundesprasident\/\"><span class=\"screen-reader-text\">Geistiges GAUKELN&#8230; Der fr\u00fchere Pastor, AntiStasiBeh\u00f6rdenLeiter und zuletzt Bundespr\u00e4sident..<\/span> weiterlesen<\/a><\/p>\n","protected":false},"author":3,"featured_media":0,"comment_status":"closed","ping_status":"closed","sticky":false,"template":"","format":"standard","meta":{"footnotes":""},"categories":[6],"tags":[],"class_list":["post-87639","post","type-post","status-publish","format-standard","hentry","category-femleben","entry"],"yoast_head":"<!-- This site is optimized with the Yoast SEO plugin v21.0 - https:\/\/yoast.com\/wordpress\/plugins\/seo\/ -->\n<title>Geistiges GAUKELN... Der fr\u00fchere Pastor, AntiStasiBeh\u00f6rdenLeiter und zuletzt Bundespr\u00e4sident.. - Feminissima<\/title>\n<meta name=\"robots\" content=\"index, follow, max-snippet:-1, max-image-preview:large, max-video-preview:-1\" \/>\n<link rel=\"canonical\" href=\"https:\/\/feminissima.de\/index.php\/2019\/06\/15\/geistiges-gaukeln-der-fruhere-pastor-antistasibehordenleiter-und-zuletzt-bundesprasident\/\" \/>\n<meta property=\"og:locale\" content=\"de_DE\" \/>\n<meta property=\"og:type\" content=\"article\" \/>\n<meta property=\"og:title\" content=\"Geistiges GAUKELN... Der fr\u00fchere Pastor, AntiStasiBeh\u00f6rdenLeiter und zuletzt Bundespr\u00e4sident.. - Feminissima\" \/>\n<meta property=\"og:description\" content=\"der BRD &#8211; hatte ja immer schon mal zwischendurch &#8211; seitdem Bundespr\u00e4sident geworden und gewesen, seltsame &#8211; rechts anmutende Ansichten. Da er au\u00dferdem ein EGO-Problem mit sich selbst hat &#8211; kann er es &#8211; wie so viele &#8211; nur schwer aushalten, nicht mehr nach seiner Meinung gefragt zu werden &#8211; ( auch Lafontaine, der Gatte&hellip; Geistiges GAUKELN&#8230; Der fr\u00fchere Pastor, AntiStasiBeh\u00f6rdenLeiter und zuletzt Bundespr\u00e4sident.. weiterlesen\" \/>\n<meta property=\"og:url\" content=\"https:\/\/feminissima.de\/index.php\/2019\/06\/15\/geistiges-gaukeln-der-fruhere-pastor-antistasibehordenleiter-und-zuletzt-bundesprasident\/\" \/>\n<meta property=\"og:site_name\" content=\"Feminissima\" \/>\n<meta property=\"article:published_time\" content=\"2019-06-15T08:13:45+00:00\" \/>\n<meta name=\"author\" content=\"fem\" \/>\n<meta name=\"twitter:card\" content=\"summary_large_image\" \/>\n<meta name=\"twitter:label1\" content=\"Verfasst von\" \/>\n\t<meta name=\"twitter:data1\" content=\"fem\" \/>\n\t<meta name=\"twitter:label2\" content=\"Gesch\u00e4tzte Lesezeit\" \/>\n\t<meta name=\"twitter:data2\" content=\"1\u00a0Minute\" \/>\n<script type=\"application\/ld+json\" class=\"yoast-schema-graph\">{\"@context\":\"https:\/\/schema.org\",\"@graph\":[{\"@type\":\"WebPage\",\"@id\":\"https:\/\/feminissima.de\/index.php\/2019\/06\/15\/geistiges-gaukeln-der-fruhere-pastor-antistasibehordenleiter-und-zuletzt-bundesprasident\/\",\"url\":\"https:\/\/feminissima.de\/index.php\/2019\/06\/15\/geistiges-gaukeln-der-fruhere-pastor-antistasibehordenleiter-und-zuletzt-bundesprasident\/\",\"name\":\"Geistiges GAUKELN... Der fr\u00fchere Pastor, AntiStasiBeh\u00f6rdenLeiter und zuletzt Bundespr\u00e4sident.. - Feminissima\",\"isPartOf\":{\"@id\":\"https:\/\/feminissima.de\/#website\"},\"datePublished\":\"2019-06-15T08:13:45+00:00\",\"dateModified\":\"2019-06-15T08:13:45+00:00\",\"author\":{\"@id\":\"https:\/\/feminissima.de\/#\/schema\/person\/5dea0fc707e9da59266a47da2f9a8210\"},\"breadcrumb\":{\"@id\":\"https:\/\/feminissima.de\/index.php\/2019\/06\/15\/geistiges-gaukeln-der-fruhere-pastor-antistasibehordenleiter-und-zuletzt-bundesprasident\/#breadcrumb\"},\"inLanguage\":\"de\",\"potentialAction\":[{\"@type\":\"ReadAction\",\"target\":[\"https:\/\/feminissima.de\/index.php\/2019\/06\/15\/geistiges-gaukeln-der-fruhere-pastor-antistasibehordenleiter-und-zuletzt-bundesprasident\/\"]}]},{\"@type\":\"BreadcrumbList\",\"@id\":\"https:\/\/feminissima.de\/index.php\/2019\/06\/15\/geistiges-gaukeln-der-fruhere-pastor-antistasibehordenleiter-und-zuletzt-bundesprasident\/#breadcrumb\",\"itemListElement\":[{\"@type\":\"ListItem\",\"position\":1,\"name\":\"Startseite\",\"item\":\"https:\/\/feminissima.de\/\"},{\"@type\":\"ListItem\",\"position\":2,\"name\":\"Geistiges GAUKELN&#8230; Der fr\u00fchere Pastor, AntiStasiBeh\u00f6rdenLeiter und zuletzt Bundespr\u00e4sident..\"}]},{\"@type\":\"WebSite\",\"@id\":\"https:\/\/feminissima.de\/#website\",\"url\":\"https:\/\/feminissima.de\/\",\"name\":\"Feminissima\",\"description\":\"\",\"potentialAction\":[{\"@type\":\"SearchAction\",\"target\":{\"@type\":\"EntryPoint\",\"urlTemplate\":\"https:\/\/feminissima.de\/?s={search_term_string}\"},\"query-input\":\"required name=search_term_string\"}],\"inLanguage\":\"de\"},{\"@type\":\"Person\",\"@id\":\"https:\/\/feminissima.de\/#\/schema\/person\/5dea0fc707e9da59266a47da2f9a8210\",\"name\":\"fem\",\"image\":{\"@type\":\"ImageObject\",\"inLanguage\":\"de\",\"@id\":\"https:\/\/feminissima.de\/#\/schema\/person\/image\/\",\"url\":\"https:\/\/secure.gravatar.com\/avatar\/892e878e26ee6e7c1689c0b5183da4949c35fb291d0554f021db478bb42e3226?s=96&d=mm&r=g\",\"contentUrl\":\"https:\/\/secure.gravatar.com\/avatar\/892e878e26ee6e7c1689c0b5183da4949c35fb291d0554f021db478bb42e3226?s=96&d=mm&r=g\",\"caption\":\"fem\"},\"url\":\"https:\/\/feminissima.de\/index.php\/author\/fem\/\"}]}<\/script>\n<!-- \/ Yoast SEO plugin. -->","yoast_head_json":{"title":"Geistiges GAUKELN... Der fr\u00fchere Pastor, AntiStasiBeh\u00f6rdenLeiter und zuletzt Bundespr\u00e4sident.. - Feminissima","robots":{"index":"index","follow":"follow","max-snippet":"max-snippet:-1","max-image-preview":"max-image-preview:large","max-video-preview":"max-video-preview:-1"},"canonical":"https:\/\/feminissima.de\/index.php\/2019\/06\/15\/geistiges-gaukeln-der-fruhere-pastor-antistasibehordenleiter-und-zuletzt-bundesprasident\/","og_locale":"de_DE","og_type":"article","og_title":"Geistiges GAUKELN... Der fr\u00fchere Pastor, AntiStasiBeh\u00f6rdenLeiter und zuletzt Bundespr\u00e4sident.. - Feminissima","og_description":"der BRD &#8211; hatte ja immer schon mal zwischendurch &#8211; seitdem Bundespr\u00e4sident geworden und gewesen, seltsame &#8211; rechts anmutende Ansichten. Da er au\u00dferdem ein EGO-Problem mit sich selbst hat &#8211; kann er es &#8211; wie so viele &#8211; nur schwer aushalten, nicht mehr nach seiner Meinung gefragt zu werden &#8211; ( auch Lafontaine, der Gatte&hellip; Geistiges GAUKELN&#8230; Der fr\u00fchere Pastor, AntiStasiBeh\u00f6rdenLeiter und zuletzt Bundespr\u00e4sident.. weiterlesen","og_url":"https:\/\/feminissima.de\/index.php\/2019\/06\/15\/geistiges-gaukeln-der-fruhere-pastor-antistasibehordenleiter-und-zuletzt-bundesprasident\/","og_site_name":"Feminissima","article_published_time":"2019-06-15T08:13:45+00:00","author":"fem","twitter_card":"summary_large_image","twitter_misc":{"Verfasst von":"fem","Gesch\u00e4tzte Lesezeit":"1\u00a0Minute"},"schema":{"@context":"https:\/\/schema.org","@graph":[{"@type":"WebPage","@id":"https:\/\/feminissima.de\/index.php\/2019\/06\/15\/geistiges-gaukeln-der-fruhere-pastor-antistasibehordenleiter-und-zuletzt-bundesprasident\/","url":"https:\/\/feminissima.de\/index.php\/2019\/06\/15\/geistiges-gaukeln-der-fruhere-pastor-antistasibehordenleiter-und-zuletzt-bundesprasident\/","name":"Geistiges GAUKELN... Der fr\u00fchere Pastor, AntiStasiBeh\u00f6rdenLeiter und zuletzt Bundespr\u00e4sident.. - Feminissima","isPartOf":{"@id":"https:\/\/feminissima.de\/#website"},"datePublished":"2019-06-15T08:13:45+00:00","dateModified":"2019-06-15T08:13:45+00:00","author":{"@id":"https:\/\/feminissima.de\/#\/schema\/person\/5dea0fc707e9da59266a47da2f9a8210"},"breadcrumb":{"@id":"https:\/\/feminissima.de\/index.php\/2019\/06\/15\/geistiges-gaukeln-der-fruhere-pastor-antistasibehordenleiter-und-zuletzt-bundesprasident\/#breadcrumb"},"inLanguage":"de","potentialAction":[{"@type":"ReadAction","target":["https:\/\/feminissima.de\/index.php\/2019\/06\/15\/geistiges-gaukeln-der-fruhere-pastor-antistasibehordenleiter-und-zuletzt-bundesprasident\/"]}]},{"@type":"BreadcrumbList","@id":"https:\/\/feminissima.de\/index.php\/2019\/06\/15\/geistiges-gaukeln-der-fruhere-pastor-antistasibehordenleiter-und-zuletzt-bundesprasident\/#breadcrumb","itemListElement":[{"@type":"ListItem","position":1,"name":"Startseite","item":"https:\/\/feminissima.de\/"},{"@type":"ListItem","position":2,"name":"Geistiges GAUKELN&#8230; Der fr\u00fchere Pastor, AntiStasiBeh\u00f6rdenLeiter und zuletzt Bundespr\u00e4sident.."}]},{"@type":"WebSite","@id":"https:\/\/feminissima.de\/#website","url":"https:\/\/feminissima.de\/","name":"Feminissima","description":"","potentialAction":[{"@type":"SearchAction","target":{"@type":"EntryPoint","urlTemplate":"https:\/\/feminissima.de\/?s={search_term_string}"},"query-input":"required name=search_term_string"}],"inLanguage":"de"},{"@type":"Person","@id":"https:\/\/feminissima.de\/#\/schema\/person\/5dea0fc707e9da59266a47da2f9a8210","name":"fem","image":{"@type":"ImageObject","inLanguage":"de","@id":"https:\/\/feminissima.de\/#\/schema\/person\/image\/","url":"https:\/\/secure.gravatar.com\/avatar\/892e878e26ee6e7c1689c0b5183da4949c35fb291d0554f021db478bb42e3226?s=96&d=mm&r=g","contentUrl":"https:\/\/secure.gravatar.com\/avatar\/892e878e26ee6e7c1689c0b5183da4949c35fb291d0554f021db478bb42e3226?s=96&d=mm&r=g","caption":"fem"},"url":"https:\/\/feminissima.de\/index.php\/author\/fem\/"}]}},"jetpack_featured_media_url":"","_links":{"self":[{"href":"https:\/\/feminissima.de\/index.php\/wp-json\/wp\/v2\/posts\/87639","targetHints":{"allow":["GET"]}}],"collection":[{"href":"https:\/\/feminissima.de\/index.php\/wp-json\/wp\/v2\/posts"}],"about":[{"href":"https:\/\/feminissima.de\/index.php\/wp-json\/wp\/v2\/types\/post"}],"author":[{"embeddable":true,"href":"https:\/\/feminissima.de\/index.php\/wp-json\/wp\/v2\/users\/3"}],"replies":[{"embeddable":true,"href":"https:\/\/feminissima.de\/index.php\/wp-json\/wp\/v2\/comments?post=87639"}],"version-history":[{"count":0,"href":"https:\/\/feminissima.de\/index.php\/wp-json\/wp\/v2\/posts\/87639\/revisions"}],"wp:attachment":[{"href":"https:\/\/feminissima.de\/index.php\/wp-json\/wp\/v2\/media?parent=87639"}],"wp:term":[{"taxonomy":"category","embeddable":true,"href":"https:\/\/feminissima.de\/index.php\/wp-json\/wp\/v2\/categories?post=87639"},{"taxonomy":"post_tag","embeddable":true,"href":"https:\/\/feminissima.de\/index.php\/wp-json\/wp\/v2\/tags?post=87639"}],"curies":[{"name":"wp","href":"https:\/\/api.w.org\/{rel}","templated":true}]}}